{"id":122605,"date":"2025-09-18T08:26:04","date_gmt":"2025-09-18T08:26:04","guid":{"rendered":"https:\/\/www.europesays.com\/es\/122605\/"},"modified":"2025-09-18T08:26:04","modified_gmt":"2025-09-18T08:26:04","slug":"un-experto-en-microbiota-intestinal-avisa-sobre-los-cambios-que-se-producen-en-el-cuerpo-al-tomar-cafe-a-diario-reduce-la-inflamacion-y-el-estres-oxidativo-diario-de-cadiz","status":"publish","type":"post","link":"https:\/\/www.europesays.com\/es\/122605\/","title":{"rendered":"Un experto en microbiota intestinal avisa sobre los cambios que se producen en el cuerpo al tomar caf\u00e9 a diario: &quot;Reduce la inflamaci\u00f3n y el estr\u00e9s oxidativo&quot; &#8211; Diario de C\u00e1diz"},"content":{"rendered":"<ol>\n<li><a href=\"https:\/\/news.google.com\/rss\/articles\/CBMi-gFBVV95cUxQdVBWMGhoUUx5c09IdDJvNE9yYzVWWlZwTjQwc2dsUVBUUFV4RkxmZWs3OGRuYXk2SlpkNTJfQU5MSjFQNmQ4Skg5Skx3NXQxNS1HS2p2dy1DOTB0dFhaSkFvZkJBaXdFRENDYklqVkxSTVd1Z1M4N25hUUxKS2J0QUJqczIzeUZBSUtDbHNrRnRvZThqd1RiQ1ZibExPbVJiUGZ4cHpQTmJuMEh2bHluUWNHOTRTWFk0Mzk0d01GNUtBR0VfUWNHeUJrbnRDYkVkYWVEZF92U3ltZjV6M2U0S21GUHVqSGhQQVVsOUEzVEZOaUplZDR6Umx30gH_AUFVX3lxTE8wSkFCd3VUbWJDREVpU2hnSHZUT05qazNZalpERXRPZGc3ZDhvNlBVTU1ibm9TYTNhUEY1N3FXc2FFQUtXeTh5VU5kd1JtWTc1OXUwVzN4Tk9PODJPTTNuNi1PR0NOWmhVLW01eFdSMHk4Y2ItSF9UTE1Ed0RwdkVlWVROd213cE9ueFFHU3B1eVJrYnNPb1Q1d3dOVXdwSUlWM1Fpd3hxY1hDeUxOdEJxRnB3MU9kNlVwamxzdDJoN25FcXl4ZW0zZGduR2xGV0JGVEVhMktUbF9tUjdIWjJzQUhnQy15N3k0cGRoaTVHX0RET0g3YjlyYUNPT2ZKWQ?oc=5\" target=\"_blank\" rel=\"nofollow noopener\">Un experto en microbiota intestinal avisa sobre los cambios que se producen en el cuerpo al tomar caf\u00e9 a diario: \u00abReduce la inflamaci\u00f3n y el estr\u00e9s oxidativo\u00bb<\/a>&nbsp;&nbsp;Diario de C\u00e1diz<\/li>\n<li><a href=\"https:\/\/news.google.com\/rss\/articles\/CBMitgFBVV95cUxQRWVtUmk2UmREc1F5TFc3Z0xuN1RPRTJaSm1mYzV2X1JDTXBaT0EwT09qZ0NSSXlLa0dQUnJhb1NqVDFhcWRIenNkVW53Tm1QTjh3N1RmbGNDWTRveThTWjZDS2ZBekxpSWdydEMtLXlFMDZwcmVBVGRVYkxrdFplb25oNkhJSVVjaWlwOUFZYTBSanlMWmJWYVdMaktMVjZEclFqY0hMWlNvVXctemhOQWYxZnRVd9IBuwFBVV95cUxPMzRtMVY0U0ptdnNmZU5ZeEVYZmVzamx5VFVlbG1mMnkzNXNUY3JPd3k0QVd6NTd3U0Y0d2FTZjc3UmdPak1yWURHd29GckNDd1pkSWhzNmFKUllpbGRHNHVRYnBNOW9qY1ItY2RmOXMwb3JZYnVQbGttUXJJNWNzcXpfNUZ0UlpYejFzY0tSdVBaQjA1SDVvSGFDZ0lwUWtsT0hrS09EUmlJVjFpbHhmbUk0UlZ0eEp0Z3lN?oc=5\" target=\"_blank\" rel=\"nofollow noopener\">Tim Spector, experto en microbiota intestinal: \u00abLos bebedores de caf\u00e9 tienen un microbioma intestinal m\u00e1s diverso que los no bebedores de caf\u00e9\u00bb<\/a>&nbsp;&nbsp;El Confidencial<\/li>\n<li><a href=\"https:\/\/news.google.com\/rss\/articles\/CBMimgFBVV95cUxQb1RiMDJtTVV5RFhBMVZDeWxUWnNfX0xxeHZQeWdWdWdCV0h2cHZCLU1xLWhoZkdSSlY4dWdWVXdFeXNtX0lfZFQ5al8yTE5TQURxVlIxUFE2TVpuRjREQ3ZqQXJDSGZOdXJUekVHeUt5MFphVExhZ1NpZVVGbHRqVy1jQW42dTBTTko3S1NaaFp4cEpYNEhyVG9R?oc=5\" target=\"_blank\" rel=\"nofollow noopener\">El caf\u00e9, la bebida ideal para el metabolismo, la energ\u00eda y la memoria a partir de los 40, seg\u00fan una nutricionista<\/a>&nbsp;&nbsp;ELLE<\/li>\n<li><a href=\"https:\/\/news.google.com\/rss\/articles\/CBMioAFBVV95cUxPREZnVG03ZFhFZ015di1Ud3owS0d0Zk1qR1lESHduck54TFlyazVqTWZBN3BPdlBEeEFZR2VUWTNnR0ZSWjBEejJkTTNIVmJxTmJJOUs5VWR2Nkd6WUNzN2JkTmNNeGdXMldyVXlrcGhCWnFZMnhlZWhiSndfbzFGb3JXZTlPMkdqZWsxYzhsY19seUJJZVU0V1IwcktNVWRB0gGmAUFVX3lxTE1FZkRhRWdjYlBzZE9ENUFIU0tuY0tJMUJzWlhhMlE5ZzQzMFJuMXBYREhsY3Ata2tpUGF6bVVFV3RNX3JXVHhpVnFHQm83aUlkdktoWDczUGdELVFWZHZ6VC1idnpBWkdFZ3BDbWZ0UTNMV0dZc1R2U29QMmNCZVAzX1QxVDRvR0JyY3RSRTVFUDJjZEQtcWN5RUxqalFONjNHTGpzdkE?oc=5\" target=\"_blank\" rel=\"nofollow noopener\">\u00bfBeber caf\u00e9 es bueno o malo? En su justa medida tiene todos estos beneficios para la salud<\/a>&nbsp;&nbsp;El Peri\u00f3dico Mediterr\u00e1neo<\/li>\n<li><a href=\"https:\/\/news.google.com\/rss\/articles\/CBMixAFBVV95cUxNM1FiOC1xRUVuQWxDM1lLZ2R2bHNvRXdBTl92cHYxVnkxVXRGTWVhbkhUVm1iRGZWNEMyQ2lCZTFLVGtrM2tmcmJFeF9HTU9PRjBpbk5jekNrRGdKZmc0OTZBVzhrZmRMNjBEQnc0ZUhLa19rQXp4MXpyc1JjVDNIT1RGdG8xVjVEaklUeHJlUkMtQkQtNEVtbkpBNHBTUHN5UkszWVVteVdFaXk1Q2k1cEF3eUROQW84RGhBNG1XdEdMT21h?oc=5\" target=\"_blank\" rel=\"nofollow noopener\">Alimentaci\u00f3n. Lo dice la ciencia: esta es la cantidad de caf\u00e9 que se puede tomar por d\u00eda<\/a>&nbsp;&nbsp;La Voz del Interior<\/li>\n<\/ol>\n","protected":false},"excerpt":{"rendered":"Un experto en microbiota intestinal avisa sobre los cambios que se producen en el cuerpo al tomar caf\u00e9&hellip;\n","protected":false},"author":2,"featured_media":120783,"comment_status":"","ping_status":"","sticky":false,"template":"","format":"standard","meta":{"footnotes":""},"categories":[92],"tags":[25,24,165,166,23],"class_list":{"0":"post-122605","1":"post","2":"type-post","3":"status-publish","4":"format-standard","5":"has-post-thumbnail","7":"category-salud","8":"tag-es","9":"tag-espana","10":"tag-health","11":"tag-salud","12":"tag-spain"},"share_on_mastodon":{"url":"","error":""},"_links":{"self":[{"href":"https:\/\/www.europesays.com\/es\/wp-json\/wp\/v2\/posts\/122605","targetHints":{"allow":["GET"]}}],"collection":[{"href":"https:\/\/www.europesays.com\/es\/wp-json\/wp\/v2\/posts"}],"about":[{"href":"https:\/\/www.europesays.com\/es\/wp-json\/wp\/v2\/types\/post"}],"author":[{"embeddable":true,"href":"https:\/\/www.europesays.com\/es\/wp-json\/wp\/v2\/users\/2"}],"replies":[{"embeddable":true,"href":"https:\/\/www.europesays.com\/es\/wp-json\/wp\/v2\/comments?post=122605"}],"version-history":[{"count":0,"href":"https:\/\/www.europesays.com\/es\/wp-json\/wp\/v2\/posts\/122605\/revisions"}],"wp:featuredmedia":[{"embeddable":true,"href":"https:\/\/www.europesays.com\/es\/wp-json\/wp\/v2\/media\/120783"}],"wp:attachment":[{"href":"https:\/\/www.europesays.com\/es\/wp-json\/wp\/v2\/media?parent=122605"}],"wp:term":[{"taxonomy":"category","embeddable":true,"href":"https:\/\/www.europesays.com\/es\/wp-json\/wp\/v2\/categories?post=122605"},{"taxonomy":"post_tag","embeddable":true,"href":"https:\/\/www.europesays.com\/es\/wp-json\/wp\/v2\/tags?post=122605"}],"curies":[{"name":"wp","href":"https:\/\/api.w.org\/{rel}","templated":true}]}}