{"id":122606,"date":"2025-09-18T08:27:09","date_gmt":"2025-09-18T08:27:09","guid":{"rendered":"https:\/\/www.europesays.com\/es\/122606\/"},"modified":"2025-09-18T08:27:09","modified_gmt":"2025-09-18T08:27:09","slug":"silvia-alonso-paraliza-la-revuelta-con-una-atronadora-suplica-es-tan-atroz-que-deberia-estar-por-encima-de-ser-de-derechas-o-de-izquierdas","status":"publish","type":"post","link":"https:\/\/www.europesays.com\/es\/122606\/","title":{"rendered":"Silvia Alonso paraliza La Revuelta con una atronadora s\u00faplica: \u00abEs tan atroz que deber\u00eda estar por encima de ser de derechas o de izquierdas\u00bb"},"content":{"rendered":"<p class=\"ue-c-article__paragraph\">Lo que anoche <strong>Silvia Alonso<\/strong> hizo en <strong>La Revuelta<\/strong> sorprendi\u00f3, pero m\u00e1s que sorprendi\u00f3 el c\u00f3mo y el porqu\u00e9 lo hizo que est\u00e1 m\u00e1s que claro, fue el mensaje en s\u00ed, inesperado en la actriz e inesperado para <strong>David Broncano<\/strong>, pues la protagonista de <strong>La Caza. Irati<\/strong>, la cuarta entrega de la saga estrenada hace unas semanas en Movistar Plus+, pidi\u00f3, suplic\u00f3 lo que parece obvio, pero que la realidad est\u00e1 demostrando que tan obvio no es. Lo que dijo <strong>Silvia Alonso<\/strong>, lo que pidi\u00f3 es que ante el asesinato de ni\u00f1os en Gaza da igual si eres de izquierdas o de derechas, pues \u00abes una barbarie\u00bb. <\/p>\n<p class=\"ue-c-article__paragraph\">Leer\u00e1s esto y dir\u00e1s, pues no s\u00e9 que hay de sorprendente, si lo que dijo es lo que es. S\u00ed, claro que es obvio, claro que deber\u00eda ser lo que es y claro que nadie tendr\u00eda que tener ni una sola duda de que matar ni\u00f1os es una barbarie, pero&#8230; Pero cualquier cosa que pueda dividir, divide. En las breves palabras de <strong>Silvia Alonso<\/strong> estaba descrito todo lo que llevamos viendo y escuchando desde el pasado domingo. Una polarizaci\u00f3n y una crispaci\u00f3n en la que nadie ha puesto de momento ni un poco de orden y raciocinio. Nadie hasta que anoche <strong>Silvia Alonso<\/strong> sac\u00f3 los colores a muchos. Y al que la escuche y le saque los colores es que ha entrado en esa vor\u00e1gine en la que los ni\u00f1os asesinados se olvidan para lanzarnos piedras entre nosotros por algo que no deber\u00eda dividir sino unir. <\/p>\n<p class=\"ue-c-article__paragraph\">Desde que el final de <strong>La Vuelta Ciclista<\/strong> a Espa\u00f1a el pasado domingo fuera cancelada por las protestas propalestinas, la televisi\u00f3n se ha convertido en un circo romano (m\u00e1s todav\u00eda) en la que van desfilando los gladiadores de uno y otro lado para ver cu\u00e1l es el primero que asesta el golpe letal al contrario. <\/p>\n<p class=\"ue-c-article__paragraph\">Se discute en las tertulias pol\u00edticas, se pierden los papeles, se dicen barbaridades, los de un lado insultan a los del otro, los del otro se la devuelve, se pierden las formas, el discurso, el mensaje, la realidad&#8230; Y con la ayuda de las redes sociales se decide si mostrar el pulgar hacia arriba o mostrar el pulgar hacia abajo. Ni nos ponemos de acuerdo ni nadie pone orden ni concierto. Ni los que est\u00e1n al volante del coche ni los que van en los asientos de atr\u00e1s. Y, de repente, llega una actriz, sin m\u00e1s pretensi\u00f3n que visibilizar una realidad, y da una lecci\u00f3n a todos con una frase nada m\u00e1s: \u00abEs algo tan atroz que deber\u00eda estar por encima de ser de derechas o de izquierdas\u00bb.<\/p>\n<p class=\"ue-c-article__paragraph\">Estamos acostumbrados a que sean otros los rostros de la cultura que se alzan como adalides de una causa. Que lo hiciera anoche <strong>Silvia Alonso<\/strong> es la muestra de que no es una cosa de unos y de otros, sino de todos.<\/p>\n<p class=\"ue-c-article__paragraph\">Nadie esperaba que <strong>Silvia Alonso<\/strong> paralizase de repente <strong>La Revuelta<\/strong> y dejase sin palabras a <strong>David Broncano<\/strong>, su pareja, y a sus compa\u00f1eros en la serie, <strong>Megan Montaner<\/strong> y <strong>F\u00e9lix G\u00f3mez<\/strong>, para con calma, sin aspavientos y con emoci\u00f3n contenida decir lo que para todos es una obviedad, pero no lo tratamos como una obviedad: en Gaza est\u00e1n muriendo ni\u00f1os a manos de Israel y esto no deber\u00eda dividirnos sino unirnos. Mucho pidi\u00f3 <strong>Silvia Alonso<\/strong>.<\/p>\n<p class=\"ue-c-article__paragraph\">Cuando <strong>Silvia Alonso<\/strong> va a <strong>La Revuelta<\/strong> todo el mundo est\u00e1 pendiente de esa peque\u00f1a ventanita que la pareja abre al mundo para cotillear en su intimidad. Una intimidad que tienen cerrada a cal y canto y que s\u00f3lo abren cuando la actriz acude al programa para promocionar su \u00faltimo trabajo. Anoche tocaba promocionar la cuarta temporada de <strong>La Caza<\/strong>, ahora en Movistar Plus+ -ha habido un cruce de caminos, <strong>David Broncano<\/strong> se ha ido de Movistar Plus+ a La 1, y <strong>La Caza<\/strong> se ha ido de La 1 a Movistar Plus+-. Y as\u00ed empez\u00f3 el programa.<\/p>\n<p class=\"ue-c-article__paragraph\">Hablaron de la serie, de que esta vez David <strong>Broncano<\/strong> la hab\u00eda visto -por la cuenta que le trae- y no por obligaci\u00f3n sino porque le ha enganchado; hablaron de los inicios de los tres actores, <strong>Silvia Alonso<\/strong>, en Tierra de Lobos, <strong>Megan Montaner<\/strong>, en El secreto de Puente Viejo; hablaron de la verg\u00fcenza de verse en la pantalla; y hablaron de las preguntas cl\u00e1sicas, del sexo y del dinero. La ventanita.<\/p>\n<p class=\"ue-c-article__paragraph\">Y fue justo despu\u00e9s de que los tres actores revelasen su puntaci\u00f3n y<strong> Silvia Alonso<\/strong> y <strong>David Broncano<\/strong> contasen como la visita de la actriz al programa le hab\u00eda dejado sin \u00abfiesta\u00bb por la ma\u00f1ana, cuando <strong>Silvia Alonso<\/strong> par\u00f3 el programa para dejar a todos pasmados, pero sobre todo para dejar a todos reflexionando. <\/p>\n<p class=\"ue-c-article__paragraph\">\u00abNo s\u00e9 si hab\u00e9is visto que el lunes hubo un acto en la Puerta del Sol en el que de 12 de la ma\u00f1ana a 12 de la noche se leyeron sin parar los nombres de todos los ni\u00f1os y ni\u00f1as asesinados por Israel. No dio tiempo a leerlos todos porque son muchos. Yo lei a las siete de la tarde e iba por los ni\u00f1os de cuatro a\u00f1os\u00bb, comenz\u00f3 diciendo la actriz. El Teatro Gran V\u00eda se silenci\u00f3 por completo. <\/p>\n<p class=\"ue-c-article__paragraph\">Visiblemente emocionada, la diversi\u00f3n y el vacile de <strong>La Revuelta<\/strong> se paraliz\u00f3 por completo. Era el momento de ponerse serios. \u00abLas cifras oficiales son 18.500, pero se estima que sean muchos, muchos m\u00e1s, se\u00f1al\u00f3 <strong>Silvia Alonso<\/strong> a la que se le notaba, adem\u00e1s de emocionada, inc\u00f3moda. S\u00ed, inc\u00f3moda. Inc\u00f3moda precisamente por lo que despu\u00e9s dir\u00eda, porque hablar de algo que no tiene discusi\u00f3n parece que molesta, parece que va a provocar una reacci\u00f3n que deber\u00eda ser la contraria, pero que no lo est\u00e1 siendo. A\u00fan as\u00ed, <strong>Silvia Alonso<\/strong> quer\u00eda decirlo y lo dijo. <\/p>\n<p class=\"ue-c-article__paragraph\">\u00abHay veces que mola pararse y pensar qu\u00e9 significan estas cifras porque a veces como que leemos los peri\u00f3dicos y vemos las cifras aumentar y, de repente, te paras a pensar lo que significa, y es atroz\u00bb, sentenci\u00f3, mientras Megan Montaner la miraba con ojos de &#8216;te dar\u00eda el mayor de los abrazos ahora mismo; estoy contigo&#8217;. <\/p>\n<p class=\"ue-c-article__paragraph\">\u00abNo s\u00e9 si sirve de algo decir algo aqu\u00ed o no\u00bb, se\u00f1al\u00f3, \u00abpero creo que es algo tan atroz que deber\u00eda estar por encima de ser de derechas o de izquierdas\u00bb. Y remat\u00f3: \u00abDeber\u00edamos encontrar la manera de alinearnos frente a la obviedad porque hay un genocidio y frente a la barbarie\u00bb.<\/p>\n<p class=\"ue-c-article__paragraph\">Durante dos d\u00e9cimas de segundo, el teatro, <strong>David Broncano<\/strong>, sus compa\u00f1eros en <strong>La Caza<\/strong> mantuvieron ese silencio y, de repente, el programa se vino abajo en un estruendoso aplauso y ante una <strong>Silvia Alonso <\/strong>cuya cara lo dec\u00eda todo. <\/p>\n<p class=\"ue-c-article__paragraph\">Sabe que hoy sus palabras provocar\u00e1n en parte el efecto contrario que ella buscaba. Precisamente, porque es verdad lo que suplic\u00f3, que esto va m\u00e1s all\u00e1 de izquierdas o derechas, que matar a ni\u00f1os nos deber\u00eda unir al menos en sentimiento. Y seguro que nos une, pero lo que se ve en televisi\u00f3n es todo lo contrario es abrir una guerra de la peor de las guerras. Al menos, que lo que dijo anoche <strong>Silvia Alonso<\/strong> sirva m\u00e1s que para un titular, sirva para hacernos reflexionar a los que est\u00e1n en una lado de la pantalla y a los que est\u00e1n en el otro. <\/p>\n","protected":false},"excerpt":{"rendered":"Lo que anoche Silvia Alonso hizo en La Revuelta sorprendi\u00f3, pero m\u00e1s que sorprendi\u00f3 el c\u00f3mo y el&hellip;\n","protected":false},"author":2,"featured_media":122607,"comment_status":"","ping_status":"","sticky":false,"template":"","format":"standard","meta":{"footnotes":""},"categories":[91],"tags":[9029,146,147,25,24,29956,518,23,807,32358],"class_list":{"0":"post-122606","1":"post","2":"type-post","3":"status-publish","4":"format-standard","5":"has-post-thumbnail","7":"category-entretenimiento","8":"tag-david-broncano","9":"tag-entertainment","10":"tag-entretenimiento","11":"tag-es","12":"tag-espana","13":"tag-la-revuelta","14":"tag-rtve","15":"tag-spain","16":"tag-television","17":"tag-television-momentvs"},"share_on_mastodon":{"url":"","error":""},"_links":{"self":[{"href":"https:\/\/www.europesays.com\/es\/wp-json\/wp\/v2\/posts\/122606","targetHints":{"allow":["GET"]}}],"collection":[{"href":"https:\/\/www.europesays.com\/es\/wp-json\/wp\/v2\/posts"}],"about":[{"href":"https:\/\/www.europesays.com\/es\/wp-json\/wp\/v2\/types\/post"}],"author":[{"embeddable":true,"href":"https:\/\/www.europesays.com\/es\/wp-json\/wp\/v2\/users\/2"}],"replies":[{"embeddable":true,"href":"https:\/\/www.europesays.com\/es\/wp-json\/wp\/v2\/comments?post=122606"}],"version-history":[{"count":0,"href":"https:\/\/www.europesays.com\/es\/wp-json\/wp\/v2\/posts\/122606\/revisions"}],"wp:featuredmedia":[{"embeddable":true,"href":"https:\/\/www.europesays.com\/es\/wp-json\/wp\/v2\/media\/122607"}],"wp:attachment":[{"href":"https:\/\/www.europesays.com\/es\/wp-json\/wp\/v2\/media?parent=122606"}],"wp:term":[{"taxonomy":"category","embeddable":true,"href":"https:\/\/www.europesays.com\/es\/wp-json\/wp\/v2\/categories?post=122606"},{"taxonomy":"post_tag","embeddable":true,"href":"https:\/\/www.europesays.com\/es\/wp-json\/wp\/v2\/tags?post=122606"}],"curies":[{"name":"wp","href":"https:\/\/api.w.org\/{rel}","templated":true}]}}