{"id":122618,"date":"2025-09-18T08:34:08","date_gmt":"2025-09-18T08:34:08","guid":{"rendered":"https:\/\/www.europesays.com\/es\/122618\/"},"modified":"2025-09-18T08:34:08","modified_gmt":"2025-09-18T08:34:08","slug":"entrevista-a-marco-perez-salamanca-la-glorieta-salamancartv-al-dia","status":"publish","type":"post","link":"https:\/\/www.europesays.com\/es\/122618\/","title":{"rendered":"Entrevista a Marco P\u00e9rez Salamanca La Glorieta &#8211; SALAMANCArtv AL D\u00cdA"},"content":{"rendered":"<p class=\"prip\">La tarde de este viernes d\u00eda 19 es una de las m\u00e1s esperadas de toda la Feria Taurina de la Virgen de la Vega. A la primera comparecencia de Morante de la Puebla en el ciclo se suma la <strong>presencia en el cartel de Marco P\u00e9rez, el joven valor de la tauromaquia<\/strong> que a base de triunfos y una proyecci\u00f3n mete\u00f3rica est\u00e1 ha llamado a ser una figura del toreo.<\/p>\n<p>Marco P\u00e9rez, que protagoniz\u00f3 una <a href=\"https:\/\/salamancartvaldia.es\/noticia\/2025-06-14-viva-el-toreo-370894\" target=\"_blank\" rel=\"noopener noopener  noreferrer nofollow\" title=\"Ir a: https:\/\/salamancartvaldia.es\/noticia\/2025-06-14-viva-el-toreo-370894\">tarde memorable junto a Morante de la Puebla el pasado 14 de junio en La Glorieta<\/a>, atiende a <strong>SALAMANCArtv AL D\u00cdA<\/strong> en medio de una vor\u00e1gine de festejos por toda Espa\u00f1a. Es, sin duda, <strong>uno de los nombres de la temporada<\/strong>. Por su frescura, ambici\u00f3n, capacidad y valor Marco P\u00e9rez forma parte de los <strong>carteles de figuras<\/strong> y en Salamanca no ser\u00e1 menos, ya que trenzar\u00e1 el pase\u00edllo junto a <strong>Morante y el <a href=\"https:\/\/salamancartvaldia.es\/noticia\/2025-09-17-jose-maria-manzanares-baja-en-la-glorieta-376650?rc=15\" target=\"_blank\" rel=\"noopener noopener  noreferrer nofollow\" title=\"Ir a: https:\/\/salamancartvaldia.es\/noticia\/2025-09-17-jose-maria-manzanares-baja-en-la-glorieta-376650?rc=15\">sustituto de Jos\u00e9 Mar\u00eda Manzanares<\/a> para lidiar toros de Garc\u00eda Jim\u00e9nez.<\/strong><\/p>\n<p><strong>&#8211; Vuelve Marco P\u00e9rez a La Glorieta tras su memorable tarde en junio. \u00bfQu\u00e9 recuerdos tiene de aquella tarde?<\/strong><\/p>\n<p>&#8211; Preciosos, fue un d\u00eda importante para m\u00ed y creo que tambi\u00e9n para Salamanca por todo lo que vivi\u00f3 aquella tarde. Por c\u00f3mo estuvo el maestro Morante y por c\u00f3mo estuve tan entregado toda la tarde. Ese d\u00eda no se me va a olvidar jam\u00e1s.<\/p>\n<p><strong>&#8211; Pese a que no fue una tarde sencilla, la foto final hizo justicia a su gran tarde.<\/strong><\/p>\n<p>&#8211; Fue una foto muy bonita, saliendo a hombros de mi plaza la tarde de mi presentaci\u00f3n en La Glorieta como matador de toros. Y el ambiente tambi\u00e9n especial que hubo.<\/p>\n<p><strong>&#8211; Ahora, en septiembre, con un Marco mucho m\u00e1s rodado, \u00bfqu\u00e9 supone Salamanca, otra vez, en su importante temporada?<\/strong><\/p>\n<p>&#8211; Salamanca es muy importante para todos los toreros, es una plaza que marca en el devenir de la carrera de los toreros. Para los que somos de Salamanca, mucho m\u00e1s. La feria de Salamanca es una de esas fechas que estoy esperando desde que salieron los carteles. Adem\u00e1s, es un cartel muy bonito y espero estar a la altura de la expectaci\u00f3n que hay.<\/p>\n<p><strong>&#8211; Y vuelve adem\u00e1s, nuevamente, junto a Morante de la Puebla en el cartel m\u00e1s rematado y esperado de la feria.<\/strong><\/p>\n<p>&#8211; Indudablemente es un cartel que ha levantado mucha expectaci\u00f3n y personalmente me motiva mucho. Me gustan las grandes tardes y los grandes retos.<\/p>\n<p><strong>&#8211; Aunque ya estuvo anunciado en junio, lo hace ahora en la feria. \u00bfCu\u00e1ntas veces ha so\u00f1ado Marco P\u00e9rez verse anunciado en la feria de Salamanca en un cartel as\u00ed?<\/strong><\/p>\n<p>&#8211; \u00a1Desde siempre! Es el sue\u00f1o de cualquier torero y mucho m\u00e1s para los que somos de Salamanca. Desde que me puse delante de una becerrita con el maestro Jos\u00e9 Ignacio S\u00e1nchez, estar presente en la feria de Salamanca no es un sue\u00f1o, es un objetivo y una meta. Ahora sin embargo, lo que quiero es triunfar y dar lo mejor de m\u00ed.<\/p>\n<p><img loading=\"lazy\" decoding=\"async\" class=\"tinymceimage\"   width=\"714\" height=\"407\" src=\"https:\/\/www.europesays.com\/es\/wp-content\/uploads\/2025\/09\/70Toros-en-La-Glorieta-Salamanca_15_6_25_-_250615110540.jpg\" alt=\"Marco P\u00e9rez: &quot;A los salmantinos nos pesa La Glorieta pero me llena de ilusi\u00f3n triunfar&quot; | Imagen 1\"\/><\/p>\n<p><strong>&#8211; \u00bfQu\u00e9 se siente cuando se van sucediendo festejos por toda Espa\u00f1a y ve que Salamanca cada vez est\u00e1 m\u00e1s cerca?<\/strong><\/p>\n<p>&#8211; El d\u00eda a d\u00eda nos sumerge en una responsabilidad constante, esa es la verdad. La temporada es d\u00eda a d\u00eda y hay que estar siempre a la altura. Pero como le he dicho, desde que salieron los carteles, la tarde de Salamanca la tengo en mi cabeza constantemente.<\/p>\n<p><strong>&#8211; \u00bfCu\u00e1nto pesa La Glorieta para un torero de Salamanca?<\/strong><\/p>\n<p>&#8211; La tierra de uno pesa y para los salmantinos nos pesa La Glorieta, es obvio y es l\u00f3gico. Sin embargo, en mi caso, lo que me produce es ilusi\u00f3n por triunfar y responsabilidad por dar lo mejor de m\u00ed mismo. Las cosas hay que tomarlas con naturalidad. Me llena de ilusi\u00f3n triunfar en La Glorieta.<\/p>\n<p><strong>&#8211; \u00bfSiente que el aficionado de Salamanca el que m\u00e1s le exige?<\/strong><\/p>\n<p>&#8211; No me he parado a pensarlo, la verdad. El aficionado y el p\u00fablico paga una entrada y es bueno que nos exijan. Lo que me siento es muy querido en Salamanca, la afici\u00f3n de La Glorieta es una afici\u00f3n muy entendida que sabe valorar a los toreros. Me ilusiona Salamanca, es muy bonito verte reconocido por tu gente, tus amigos, la gente del d\u00eda a d\u00eda. A m\u00ed me motiva mucho.<\/p>\n<p><strong>&#8211; M\u00e1s all\u00e1 del triunfo que buscan todos los toreros, \u00bfqu\u00e9 imagen quiere que se lleve el aficionado de Marco P\u00e9rez tras esa tarde del d\u00eda 19?<\/strong><\/p>\n<p>&#8211; La mejor, la de ver a un torero que se ha entregado y lo ha dado todo.<\/p>\n<p><strong>&#8211; Desde hace unos a\u00f1os, m\u00e1s de 600 j\u00f3venes de Juventud Taurina de Salamanca poblan las gradas del sol. \u00bfEs para Marco P\u00e9rez un aliciente ver tanta gente joven en los tendidos?<\/strong><\/p>\n<p>&#8211; Por supuesto, es muy bonito y adem\u00e1s creo que demuestra que la tauromaquia est\u00e1 muy viva. Estamos una serie de toreros j\u00f3venes que los j\u00f3venes se han ilusionado y han vuelto a las plazas. Me gusta mucho ese ambiente que generan, ese respaldo y sobre todo que vayan como van con el esp\u00edritu de disfrutar de los toros.<\/p>\n<p><strong>&#8211; All\u00ed por donde va es un reclamo para esa afici\u00f3n juvenil. \u00bfQu\u00e9 se siente al ser un \u00eddolo en esa generaci\u00f3n?<\/strong><\/p>\n<p>&#8211; Mucha satisfacci\u00f3n y a la vez mucha responsabilidad. Es algo que lo noto todas las tardes que toreo. Me pasa en Salamanca con muchos amigos m\u00edos que han acudido a la plaza por primera vez por m\u00ed. Es bonito sentir eso y a la vez una responsabilidad para que sigan con la ilusi\u00f3n de ir a la plaza a verme.<\/p>\n<p><img loading=\"lazy\" decoding=\"async\" class=\"tinymceimage\"   width=\"714\" height=\"476\" src=\"https:\/\/www.europesays.com\/es\/wp-content\/uploads\/2025\/09\/64Toros-en-La-Glorieta-Salamanca_15_6_25_-_250615110545.jpg\" alt=\"Marco P\u00e9rez: &quot;A los salmantinos nos pesa La Glorieta pero me llena de ilusi\u00f3n triunfar&quot; | Imagen 2\"\/><\/p>\n","protected":false},"excerpt":{"rendered":"La tarde de este viernes d\u00eda 19 es una de las m\u00e1s esperadas de toda la Feria Taurina&hellip;\n","protected":false},"author":2,"featured_media":122619,"comment_status":"","ping_status":"","sticky":false,"template":"","format":"standard","meta":{"footnotes":""},"categories":[277],"tags":[373,168,3141,25,24,712,39692,21103,3614,23,167,374,444],"class_list":{"0":"post-122618","1":"post","2":"type-post","3":"status-publish","4":"format-standard","5":"has-post-thumbnail","7":"category-toreo","8":"tag-bullfighting","9":"tag-deportes","10":"tag-entrevista","11":"tag-es","12":"tag-espana","13":"tag-feria-taurina","14":"tag-la-glorieta","15":"tag-marco-perez","16":"tag-salamanca","17":"tag-spain","18":"tag-sports","19":"tag-toreo","20":"tag-toros"},"share_on_mastodon":{"url":"","error":""},"_links":{"self":[{"href":"https:\/\/www.europesays.com\/es\/wp-json\/wp\/v2\/posts\/122618","targetHints":{"allow":["GET"]}}],"collection":[{"href":"https:\/\/www.europesays.com\/es\/wp-json\/wp\/v2\/posts"}],"about":[{"href":"https:\/\/www.europesays.com\/es\/wp-json\/wp\/v2\/types\/post"}],"author":[{"embeddable":true,"href":"https:\/\/www.europesays.com\/es\/wp-json\/wp\/v2\/users\/2"}],"replies":[{"embeddable":true,"href":"https:\/\/www.europesays.com\/es\/wp-json\/wp\/v2\/comments?post=122618"}],"version-history":[{"count":0,"href":"https:\/\/www.europesays.com\/es\/wp-json\/wp\/v2\/posts\/122618\/revisions"}],"wp:featuredmedia":[{"embeddable":true,"href":"https:\/\/www.europesays.com\/es\/wp-json\/wp\/v2\/media\/122619"}],"wp:attachment":[{"href":"https:\/\/www.europesays.com\/es\/wp-json\/wp\/v2\/media?parent=122618"}],"wp:term":[{"taxonomy":"category","embeddable":true,"href":"https:\/\/www.europesays.com\/es\/wp-json\/wp\/v2\/categories?post=122618"},{"taxonomy":"post_tag","embeddable":true,"href":"https:\/\/www.europesays.com\/es\/wp-json\/wp\/v2\/tags?post=122618"}],"curies":[{"name":"wp","href":"https:\/\/api.w.org\/{rel}","templated":true}]}}