{"id":122620,"date":"2025-09-18T08:37:09","date_gmt":"2025-09-18T08:37:09","guid":{"rendered":"https:\/\/www.europesays.com\/es\/122620\/"},"modified":"2025-09-18T08:37:09","modified_gmt":"2025-09-18T08:37:09","slug":"la-grave-acusacion-a-taylor-townsend-tras-sus-polemicos-comentarios-en-china-fue-repugnante","status":"publish","type":"post","link":"https:\/\/www.europesays.com\/es\/122620\/","title":{"rendered":"La grave acusaci\u00f3n a Taylor Townsend tras sus pol\u00e9micos comentarios en China: \u00abFue repugnante\u00bb"},"content":{"rendered":"<p data-gtm-element-container=\"modulo-texto-link\" class=\"paragraph\">La participaci\u00f3n de <strong>Taylor Townsend<\/strong> en el <strong>Billie Jean King Cup de China<\/strong> se convirti\u00f3 en un verdadero esc\u00e1ndalo, todo por sus <strong>pol\u00e9micos comentarios sobre la comida del lugar<\/strong>. Si bien la <a href=\"https:\/\/www.mundodeportivo.com\/us\/tenis\/20250914\/730231\/tracy-austin-joven-prodigio-vivir-accidente-devastador-dio-paso-amor-verdadero.html\" title=\"Tracy Austin: de joven prodigio a vivir un accidente devastador que dio paso al amor verdadero\" rel=\"nofollow noopener\" target=\"_blank\">talentosa tenista<\/a> ya hizo el pedido de disculpas correspondiente, en redes sociales <strong>la acusaron de xen\u00f3foba<\/strong> y lanzaron comentarios como: \u00ab<strong>Fue repugnante<\/strong>\u00ab.<\/p>\n<p>As\u00ed fue el esc\u00e1ndalo protagonizado por Taylor Townsend en China<\/p>\n<p data-gtm-element-container=\"modulo-texto-link\" class=\"paragraph\">Todo comenz\u00f3 cuando la propia <strong>Taylor Townsend<\/strong> public\u00f3 unos videos en su cuenta de Instagram, donde expresaba su malestar por las comidas que hab\u00eda en un <strong>local gastron\u00f3mico de Shenzhen<\/strong>. M\u00e1s all\u00e1 de sus gustos personales, el problema surgi\u00f3 cuando <strong>critic\u00f3 a las personas que comen cosas como rana toro o tortuga<\/strong>.<\/p>\n<blockquote class=\"twitter-tweet\" data-lang=\"es\"><p>\n<a href=\"https:\/\/twitter.com\/Archaicmind3000\/status\/1967984459141292484\" rel=\"nofollow noopener\" target=\"_blank\">\n<\/p><\/blockquote>\n<p data-gtm-element-container=\"modulo-texto-link\" class=\"paragraph\">En un momento se la oye decir: \u00abEsta gente est\u00e1 literalmente matando ranas, ranas toro. \u00bfNo son venenosas? \u00bfNo son esas las que dan verrugas, for\u00fanculos y cosas as\u00ed?\u00bb. Obviamente, sus palabras se viralizaron en cuesti\u00f3n de minutos y las <strong>reacciones en su contra<\/strong> no tardaron en llegar.<\/p>\n<p data-gtm-element-container=\"modulo-texto-link\" class=\"paragraph\"><strong>Algunos usuarios apuntaron contra Taylor Townsend<\/strong> por considerar que incurri\u00f3 en un <strong>acto de xenofobia<\/strong>, pero tambi\u00e9n la se\u00f1alaron como alguien ignorante que no conoce ni respeta a las dem\u00e1s culturas: \u00abSi no qiueres comer algo, simplemente d\u00e9jalo. Nadie te oblig\u00f3 a comerlo\u201d, fue uno de esos comentarios.<\/p>\n<p>El pedido de disculpas de Taylor Townsend<\/p>\n<p data-gtm-element-container=\"modulo-texto-link\" class=\"paragraph\">Tras este esc\u00e1ndalo, <strong>Taylor Townsend public\u00f3 un\u00a0video para pedir disculpas<\/strong> por lo sucedido, mostr\u00e1ndose visiblemente acongojada por la situaci\u00f3n y asegurando que no fue su intenci\u00f3n herir a nadie.<\/p>\n<blockquote class=\"twitter-tweet\" data-lang=\"es\"><p>\n<a href=\"https:\/\/twitter.com\/TennisONEApp\/status\/1968105384788574376\" rel=\"nofollow noopener\" target=\"_blank\">\n<\/p><\/blockquote>\n<p>        Lee tambi\u00e9n<\/p>\n<p>    Yanella Palacios<\/p>\n<p>             <img loading=\"lazy\" decoding=\"async\" data-full-src=\"https:\/\/www.mundodeportivo.com\/us\/uploads\/2025\/09\/12\/68c3d6ff5e921.jpeg\" alt=\"Novak Djokovic of Serbia\" width=\"334\" height=\"164\" src=\"https:\/\/www.europesays.com\/es\/wp-content\/uploads\/2025\/09\/1758184629_565_68c3d6ff5e921.jpeg\" class=\"lazy\"\/><\/p>\n<p data-gtm-element-container=\"modulo-texto-link\" class=\"paragraph\">En su descargo, la n\u00famero 1 en dobles expres\u00f3: \u00ab<strong>Vine aqu\u00ed y quer\u00eda disculparme sinceramente desde el fondo de mi coraz\u00f3n<\/strong>. Entiendo que soy muy privilegiada como atleta profesional por poder viajar por todo el mundo y experimentar diferencias culturales, que es una de las cosas que m\u00e1s me gusta de lo que hago\u00bb<\/p>\n<p><script async src=\"https:\/\/platform.twitter.com\/widgets.js\" charset=\"utf-8\"><\/script><\/p>\n","protected":false},"excerpt":{"rendered":"La participaci\u00f3n de Taylor Townsend en el Billie Jean King Cup de China se convirti\u00f3 en un verdadero&hellip;\n","protected":false},"author":2,"featured_media":122621,"comment_status":"","ping_status":"","sticky":false,"template":"","format":"standard","meta":{"footnotes":""},"categories":[274],"tags":[168,25,24,23,167,327,326],"class_list":{"0":"post-122620","1":"post","2":"type-post","3":"status-publish","4":"format-standard","5":"has-post-thumbnail","7":"category-tenis","8":"tag-deportes","9":"tag-es","10":"tag-espana","11":"tag-spain","12":"tag-sports","13":"tag-tenis","14":"tag-tennis"},"share_on_mastodon":{"url":"","error":""},"_links":{"self":[{"href":"https:\/\/www.europesays.com\/es\/wp-json\/wp\/v2\/posts\/122620","targetHints":{"allow":["GET"]}}],"collection":[{"href":"https:\/\/www.europesays.com\/es\/wp-json\/wp\/v2\/posts"}],"about":[{"href":"https:\/\/www.europesays.com\/es\/wp-json\/wp\/v2\/types\/post"}],"author":[{"embeddable":true,"href":"https:\/\/www.europesays.com\/es\/wp-json\/wp\/v2\/users\/2"}],"replies":[{"embeddable":true,"href":"https:\/\/www.europesays.com\/es\/wp-json\/wp\/v2\/comments?post=122620"}],"version-history":[{"count":0,"href":"https:\/\/www.europesays.com\/es\/wp-json\/wp\/v2\/posts\/122620\/revisions"}],"wp:featuredmedia":[{"embeddable":true,"href":"https:\/\/www.europesays.com\/es\/wp-json\/wp\/v2\/media\/122621"}],"wp:attachment":[{"href":"https:\/\/www.europesays.com\/es\/wp-json\/wp\/v2\/media?parent=122620"}],"wp:term":[{"taxonomy":"category","embeddable":true,"href":"https:\/\/www.europesays.com\/es\/wp-json\/wp\/v2\/categories?post=122620"},{"taxonomy":"post_tag","embeddable":true,"href":"https:\/\/www.europesays.com\/es\/wp-json\/wp\/v2\/tags?post=122620"}],"curies":[{"name":"wp","href":"https:\/\/api.w.org\/{rel}","templated":true}]}}