{"id":122624,"date":"2025-09-18T08:39:10","date_gmt":"2025-09-18T08:39:10","guid":{"rendered":"https:\/\/www.europesays.com\/es\/122624\/"},"modified":"2025-09-18T08:39:10","modified_gmt":"2025-09-18T08:39:10","slug":"piastri-y-norris-llevan-la-guerra-de-mclaren-a-baku","status":"publish","type":"post","link":"https:\/\/www.europesays.com\/es\/122624\/","title":{"rendered":"Piastri y Norris llevan la guerra de McLaren a Bak\u00fa"},"content":{"rendered":"<p class=\"parrafo\"><strong>El mundial de F\u00f3rmula 1 va poco a poco acerc\u00e1ndose a su final<\/strong> y hay a\u00fan mucho por decidir. A\u00fan faltan muchas carreras hasta llegar a Abu Dhabi, pero cada ya est\u00e1 claro que el campe\u00f3n va a vestir de naranja papaya. Los dos McLaren est\u00e1n siendo los mejores con mucha diferencia y ahora es el momento de  la verdad. En el caso del australiano, <strong>lidera con solvencia tras la debacle de Norris en Hungr\u00eda<\/strong> y pese a lo sucedido en Monza, cuando le cedi\u00f3 la posici\u00f3n tras un error del equipo, tiene una clara ventaja. Adem\u00e1s, <strong>estos d\u00edas va a volver a Bak\u00fa<\/strong>, donde en 2024 gan\u00f3 y tiene muy buenos recuerdos.<\/p>\n<p>Noticias Relacionadas<\/p>\n<p class=\"parrafo\">El australiano<strong> lidera el Mundial con 324 puntos, 31 m\u00e1s que su compa\u00f1ero y ya mucho m\u00e1s lejos, a 94, el cu\u00e1druple campe\u00f3n mundial Max Verstappen<\/strong>, que apenas tiene posibilidades de ganar su quinto t\u00edtulo seguido. Eso s\u00ed, hay que tener siempre cuidado con el neerland\u00e9s, m\u00e1s a\u00fan ahora que viene de exhibirse hace dos domingos en Monza, donde gan\u00f3 el Gran Premio de Italia con una solvencia que muy pocas veces se le hab\u00eda visto este a\u00f1o.  Mientras que Norris fue segundo, lo que hace que <strong>pase lo que pase en Azerbaiy\u00e1n, Piastri tambi\u00e9n llegar\u00e1 l\u00edder del Mundial a Singapur<\/strong>, el primer fin de semana de octubre.<\/p>\n<p><img decoding=\"async\" src=\"https:\/\/www.europesays.com\/es\/wp-content\/uploads\/2025\/09\/2831c7df-b492-4328-b2a2-39cad344174f_800x450.jpeg\" loading=\"lazy\"\/><\/p>\n<p class=\"parrafo\">Por otra parte, va a haber que estar muy pendientes de los espa\u00f1oles, <strong>Carlos Sainz y Fernando Alonso<\/strong>. En el caso del piloto de Williams porque <a href=\"https:\/\/www.estadiodeportivo.com\/motor\/formula-1\/ultima-bala-carlos-sainz-20250916-512239.html\" target=\"_blank\" class=\"intext-link\" rel=\"nofollow noopener\">lleva seis carreras sin puntuar<\/a>, y en el del doble campe\u00f3n mundial asturiano porque viene de retirarse tras <a href=\"https:\/\/www.estadiodeportivo.com\/motor\/formula-1\/fernando-alonso-exculpado-monza-20250916-512250.html\" target=\"_blank\" class=\"intext-link\" rel=\"nofollow noopener\">la rotura de la suspensi\u00f3n delantera de su Aston Martin por haber sido golpeado<\/a> <strong>por unas piedras<\/strong> de grava.<\/p>\n<p><a class=\"elementos-rel-t2\" href=\"https:\/\/www.estadiodeportivo.com\/motor\/formula-1\/azerbaiyan-2025-horarios-canal-donde-ver-gran-premio-formula-circuito-baku-20250917-512423.html\" title=\"F1 GP de Azerbaiy\u00e1n 2025 | Horarios, canal y d\u00f3nde ver en TV el Gran Premio de F\u00f3rmula 1 en el circuito de Bak\u00fa\" rel=\"nofollow noopener\" target=\"_blank\">F1 GP de Azerbaiy\u00e1n 2025 | Horarios, canal y d\u00f3nde ver en TV el Gran Premio de F\u00f3rmula 1 en el circuito de Bak\u00fa<img decoding=\"async\" src=\"https:\/\/www.europesays.com\/es\/wp-content\/uploads\/2025\/09\/2bb195d9-f7c8-4538-a5f2-aa7820fea23f_320x180.jpeg\" alt=\"F1 GP de Azerbaiy\u00e1n 2025 | Horarios, canal y d\u00f3nde ver en TV el Gran Premio de F\u00f3rmula 1 en el circuito de Bak\u00fa\"\/><\/a><a class=\"elementos-rel-t2\" href=\"https:\/\/www.estadiodeportivo.com\/motor\/max-verstappen-consigue-cambio-que-necesitaba-20250914-511990.html\" title=\"Max Verstappen consigue el cambio so\u00f1ado\" rel=\"nofollow noopener\" target=\"_blank\">Max Verstappen consigue el cambio so\u00f1ado<img decoding=\"async\" src=\"https:\/\/www.europesays.com\/es\/wp-content\/uploads\/2025\/09\/dffbc873-e3ad-4266-b0e8-aaeeefb30100_320x180.jpeg\" alt=\"Max Verstappen consigue el cambio so\u00f1ado\"\/><\/a><a class=\"elementos-rel-t2\" href=\"https:\/\/www.estadiodeportivo.com\/motor\/formula-1\/una-nueva-tormenta-azota-mclaren-20250909-511199.html\" title=\"Una nueva tormenta azota McLaren\" rel=\"nofollow noopener\" target=\"_blank\">Una nueva tormenta azota McLaren<img decoding=\"async\" src=\"https:\/\/www.europesays.com\/es\/wp-content\/uploads\/2025\/09\/629b44e6-e8f5-4830-bd7d-33a41dff7731_320x180.jpeg\" alt=\"Una nueva tormenta azota McLaren\"\/><\/a>Una prueba muy larga y dura<\/p>\n<p class=\"parrafo\">Si algo tiene Bak\u00fa es que adem\u00e1s de ser un trazado urbano, con lo que eso significa y la cercan\u00eda de los muros, <strong>tambi\u00e9n se puede adelantar en varios puntos<\/strong>, lo que le da un extra de inter\u00e9s. Tambi\u00e9n es una prueba extremadamente demandante a nivel f\u00edsico, pues es una de las pistas m\u00e1s largas de todo el curso. En ella, <strong>los frenos juegan un papel fundamental, pues es el circuito en el que m\u00e1s veces se cambia de marcha<\/strong> (64 por vuelta), en el que es muy probable la entrada del coche de seguridad y en la que, en seco, se rodar\u00e1 con neum\u00e1ticos de <strong>la gama de compuestos m\u00e1s blanda de todas<\/strong>, lo que asegura que ser\u00e1 una carrera, como poco, muy movida.<\/p>\n","protected":false},"excerpt":{"rendered":"El mundial de F\u00f3rmula 1 va poco a poco acerc\u00e1ndose a su final y hay a\u00fan mucho por&hellip;\n","protected":false},"author":2,"featured_media":122625,"comment_status":"","ping_status":"","sticky":false,"template":"","format":"standard","meta":{"footnotes":""},"categories":[270],"tags":[1763,36481,168,25,24,284,306,271,272,37292,2104,2704,2362,2106,23,167],"class_list":{"0":"post-122624","1":"post","2":"type-post","3":"status-publish","4":"format-standard","5":"has-post-thumbnail","7":"category-formula-1","8":"tag-automovilismo","9":"tag-baku","10":"tag-deportes","11":"tag-es","12":"tag-espana","13":"tag-estadio-deportivo","14":"tag-f1","15":"tag-formula-1","16":"tag-formula1","17":"tag-gran-premio-de-azerbaiyan","18":"tag-lando-norris","19":"tag-mclaren","20":"tag-motor","21":"tag-oscar-piastri","22":"tag-spain","23":"tag-sports"},"share_on_mastodon":{"url":"","error":""},"_links":{"self":[{"href":"https:\/\/www.europesays.com\/es\/wp-json\/wp\/v2\/posts\/122624","targetHints":{"allow":["GET"]}}],"collection":[{"href":"https:\/\/www.europesays.com\/es\/wp-json\/wp\/v2\/posts"}],"about":[{"href":"https:\/\/www.europesays.com\/es\/wp-json\/wp\/v2\/types\/post"}],"author":[{"embeddable":true,"href":"https:\/\/www.europesays.com\/es\/wp-json\/wp\/v2\/users\/2"}],"replies":[{"embeddable":true,"href":"https:\/\/www.europesays.com\/es\/wp-json\/wp\/v2\/comments?post=122624"}],"version-history":[{"count":0,"href":"https:\/\/www.europesays.com\/es\/wp-json\/wp\/v2\/posts\/122624\/revisions"}],"wp:featuredmedia":[{"embeddable":true,"href":"https:\/\/www.europesays.com\/es\/wp-json\/wp\/v2\/media\/122625"}],"wp:attachment":[{"href":"https:\/\/www.europesays.com\/es\/wp-json\/wp\/v2\/media?parent=122624"}],"wp:term":[{"taxonomy":"category","embeddable":true,"href":"https:\/\/www.europesays.com\/es\/wp-json\/wp\/v2\/categories?post=122624"},{"taxonomy":"post_tag","embeddable":true,"href":"https:\/\/www.europesays.com\/es\/wp-json\/wp\/v2\/tags?post=122624"}],"curies":[{"name":"wp","href":"https:\/\/api.w.org\/{rel}","templated":true}]}}