{"id":122626,"date":"2025-09-18T08:40:16","date_gmt":"2025-09-18T08:40:16","guid":{"rendered":"https:\/\/www.europesays.com\/es\/122626\/"},"modified":"2025-09-18T08:40:16","modified_gmt":"2025-09-18T08:40:16","slug":"no-se-puede-salir-de-blanco-eso-acaba-en-desastre","status":"publish","type":"post","link":"https:\/\/www.europesays.com\/es\/122626\/","title":{"rendered":"No se puede salir de blanco, eso acaba en desastre"},"content":{"rendered":"<p class=\"ft-text ft-helper-closenews\">Robert Cosialls mide 2,04 metros as\u00ed que escaparse por San Mateo sin que le cacen es un poco complicado. Es el capit\u00e1n del <a class=\"ft-link ft-link--decoration\" href=\"https:\/\/www.lne.es\/tags\/alimerka\/\" rel=\"nofollow noopener\" target=\"_blank\">Alimerka<\/a> <a class=\"ft-link ft-link--decoration\" href=\"https:\/\/www.lne.es\/tags\/oviedo-baloncesto\/\" rel=\"nofollow noopener\" target=\"_blank\">Oviedo Baloncesto<\/a> y como sabe que la fiesta no casa bien con la alta competici\u00f3n busca un hueco que no interfiera con lo suyo, que es hacer de ala-p\u00edvot en el equipo de la ciudad. Esta temporada tienen motivo de celebraci\u00f3n porque estrenan Palacio de Deportes, un pabell\u00f3n con may\u00fasculas para una conjunto que quiere ser may\u00fasculo. Con el equipo de <a class=\"ft-link ft-link--decoration\" href=\"https:\/\/www.lne.es\/tags\/futbol\/\" rel=\"nofollow noopener\" target=\"_blank\">f\u00fatbol<\/a> como ejemplo, qu\u00e9 bonito ser\u00eda que estos chicos de altura los imitasen en eso del ascenso. Salir de fiesta a lo loco no es lo recomendado pero a Robert Cosialls, que es de Sant Cugat del Vall\u00e9s y ya tiene 29 a\u00f1os, se le presupone la prudencia necesaria para capitanear a su compa\u00f1eros por los chiringuitos. Con esa misma prudencia afronta el cuestionario mate\u00edn de este diario.<\/p>\n<p class=\"ft-text\"><strong>\u00bfCu\u00e1l es el mejor outfit para salir por San Mateo?<\/strong><\/p>\n<p class=\"ft-text\">Yo no tengo uno preferido, pero lo que he aprendido es que no se puede salir de blanco, porque eso termina en desastre.<\/p>\n<p class=\"ft-text\"><strong>\u00bfD\u00f3nde va a comer el bollo el d\u00eda 21?<\/strong><\/p>\n<p class=\"ft-text\">Tenemos que acabar de hablarlo en el vestuario, pero seguramente nos acerquemos al parque de San Francisco.<\/p>\n<p class=\"ft-text\"><strong>\u00bfY los fuegos?<\/strong><\/p>\n<p class=\"ft-text\">Nos pasa lo mismo, tenemos que ponernos de acuerdo, pero seguramente vayamos a casa de alguien a verlos.<\/p>\n<p class=\"ft-text\"><strong>\u00bfTeam paxarina o team bollo pre\u00f1ao?<\/strong><\/p>\n<p class=\"ft-text\">Bollo pre\u00f1ao.<\/p>\n<p class=\"ft-text\"><strong>\u00bfCu\u00e1l es el plan nocturno ideal para San Mateo?<\/strong><\/p>\n<p class=\"ft-text\">Subir a la plaza de Porlier y tomarse algo por los chiringuitos. El ambiente que hay en esa zona es buen\u00edsimo.<\/p>\n<p class=\"ft-text\"><strong>\u00bfSi hubiese un torneo de <\/strong><a class=\"ft-link ft-link--decoration\" href=\"https:\/\/www.lne.es\/tags\/baloncesto\/\" rel=\"nofollow noopener\" target=\"_blank\"><strong>basket<\/strong><\/a><strong> de San Mateo, \u00bfcu\u00e1l querr\u00eda que fuese su rival?<\/strong><\/p>\n<p class=\"ft-text\">Se me ocurren muchos, no s\u00e9 con cu\u00e1l quedarme de todos. Con tal de que ganemos, para poder celebrarlo, me vale cualquiera.<\/p>\n<p class=\"ft-text\"><strong>\u00bfPara el D\u00eda de Am\u00e9rica hace algo especial?<\/strong><\/p>\n<p class=\"ft-text\">Pavo al horno.<\/p>\n<p class=\"ft-text\"><strong>\u00bfCu\u00e1l es el mejor recuerdo que tiene de San Mateo?<\/strong><\/p>\n<p class=\"ft-text\">Estar con mis amigos en la plaza de Porlier, todos juntos pas\u00e1ndolo en grande. Es el sitio al que m\u00e1s solemos ir durante estos d\u00edas.<\/p>\n<p class=\"ft-text\"><strong>\u00bfSi llueve, sale igualmente o prefiere quedarse en casa para no mojarse?<\/strong><\/p>\n<p class=\"ft-text\">Eso ni se pregunta, se sale igualmente.<\/p>\n<p class=\"ft-text\"><strong>La \u00faltima. \u00bfCu\u00e1l cree que es el momento m\u00e1s m\u00edtico de San Mateo?<\/strong><\/p>\n<p class=\"ft-text\">Pues no sabr\u00eda con cu\u00e1l quedarme. Entre que soy de fuera y que los recuerdos de las noches de San Mateo son difusos, no podr\u00eda elegir.<\/p>\n<p data-close=\"closedContent\" class=\"subscribeHideForDisplay\">Suscr\u00edbete para seguir leyendo<\/p>\n","protected":false},"excerpt":{"rendered":"Robert Cosialls mide 2,04 metros as\u00ed que escaparse por San Mateo sin que le cacen es un poco&hellip;\n","protected":false},"author":2,"featured_media":122627,"comment_status":"","ping_status":"","sticky":false,"template":"","format":"standard","meta":{"footnotes":""},"categories":[269],"tags":[299,298,40292,40291,168,25,24,2328,7862,1386,12027,2228,39375,23,167,6313],"class_list":{"0":"post-122626","1":"post","2":"type-post","3":"status-publish","4":"format-standard","5":"has-post-thumbnail","7":"category-baloncesto","8":"tag-baloncesto","9":"tag-basketball","10":"tag-chiringuitos","11":"tag-cosialls","12":"tag-deportes","13":"tag-es","14":"tag-espana","15":"tag-fiesta","16":"tag-mateo","17":"tag-plaza","18":"tag-robert","19":"tag-san","20":"tag-san-mateo","21":"tag-spain","22":"tag-sports","23":"tag-test"},"share_on_mastodon":{"url":"","error":""},"_links":{"self":[{"href":"https:\/\/www.europesays.com\/es\/wp-json\/wp\/v2\/posts\/122626","targetHints":{"allow":["GET"]}}],"collection":[{"href":"https:\/\/www.europesays.com\/es\/wp-json\/wp\/v2\/posts"}],"about":[{"href":"https:\/\/www.europesays.com\/es\/wp-json\/wp\/v2\/types\/post"}],"author":[{"embeddable":true,"href":"https:\/\/www.europesays.com\/es\/wp-json\/wp\/v2\/users\/2"}],"replies":[{"embeddable":true,"href":"https:\/\/www.europesays.com\/es\/wp-json\/wp\/v2\/comments?post=122626"}],"version-history":[{"count":0,"href":"https:\/\/www.europesays.com\/es\/wp-json\/wp\/v2\/posts\/122626\/revisions"}],"wp:featuredmedia":[{"embeddable":true,"href":"https:\/\/www.europesays.com\/es\/wp-json\/wp\/v2\/media\/122627"}],"wp:attachment":[{"href":"https:\/\/www.europesays.com\/es\/wp-json\/wp\/v2\/media?parent=122626"}],"wp:term":[{"taxonomy":"category","embeddable":true,"href":"https:\/\/www.europesays.com\/es\/wp-json\/wp\/v2\/categories?post=122626"},{"taxonomy":"post_tag","embeddable":true,"href":"https:\/\/www.europesays.com\/es\/wp-json\/wp\/v2\/tags?post=122626"}],"curies":[{"name":"wp","href":"https:\/\/api.w.org\/{rel}","templated":true}]}}