{"id":122628,"date":"2025-09-18T08:41:09","date_gmt":"2025-09-18T08:41:09","guid":{"rendered":"https:\/\/www.europesays.com\/es\/122628\/"},"modified":"2025-09-18T08:41:09","modified_gmt":"2025-09-18T08:41:09","slug":"kane-devuelve-al-chelsea-a-la-tierra","status":"publish","type":"post","link":"https:\/\/www.europesays.com\/es\/122628\/","title":{"rendered":"Kane devuelve al Chelsea a la tierra"},"content":{"rendered":"<p class=\"ft-text\"><strong>Harry Kane<\/strong>, viejo conocido del Chelsea, devolvi\u00f3 a los &#8216;Blues&#8217; a la tierra, demostr\u00e1ndoles que<strong> la Champions League es m\u00e1s complicada que el Mundial de Clubes de la FIFA<\/strong> y les derrot\u00f3 con un doblete en la jornada inaugural de la competici\u00f3n que dio el triunfo al <strong>Bayern<\/strong>.<\/p>\n<p class=\"ft-text\">El delantero ingl\u00e9s,<strong> el mayor goleador de su pa\u00eds en la Champions desde este mi\u00e9rcoles superando a David Beckham<\/strong>, contribuy\u00f3 al triunfo de su equipo contra un Chelsea que pag\u00f3 la falta de intensidad en los goles y al que <strong>ni los paradones de Robert S\u00e1nchez consiguieron salvar.<\/strong><\/p>\n<p class=\"ft-text\">Los de Enzo Maresca pecaron de novatos en el 1-0, en una jugada que<strong> llev\u00f3 el sello del \u00e1rbitro espa\u00f1ol Jos\u00e9 Mar\u00eda S\u00e1nchez Mart\u00ednez por lo surrealista de la situaci\u00f3n<\/strong>. En una falta a 35 metros de la porter\u00eda, Kimmich sac\u00f3 por raso y la pelota rebot\u00f3 en el colegiado, por lo que este mand\u00f3 que se repitiera el saque pero en movimiento. El Bayern movi\u00f3 la pelota con rapidez, <strong>Michael Olise bati\u00f3 a su par y puso un centro templado que Chalobah en el segundo palo meti\u00f3 en su porter\u00eda.<\/strong><\/p>\n<p class=\"ft-text\">El Chelsea hab\u00eda sido mejor en esos primeros veinte minutos, pero esto es la Champions y un peque\u00f1o despiste te manda a la lona.<strong> S\u00e1nchez Mart\u00ednez volvi\u00f3 a ser protagonista minutos despu\u00e9s al negar primero un penalti claro de Mois\u00e9s Caicedo sobre Kane y darlo instantes m\u00e1s tarde.<\/strong><\/p>\n<p class=\"ft-text\">No hubo dudas del derribo del ecuatoriano y <strong>Kane, desde el punto de penalti, aument\u00f3 la ventaja para los b\u00e1varos y su precisi\u00f3n milim\u00e9trica desde los once metros<\/strong>. Ha marcado 24 de 25 penaltis con el Bayern.<\/p>\n<p>Palmer revivi\u00f3 al Chelsea<\/p>\n<p class=\"ft-text\">Parec\u00eda esto listo para sentencia, sobre todo cuando Olise encar\u00f3 en la frontal, con un compa\u00f1ero abierto a su izquierda. Sin embargo, el ex del Crystal Palace se resbal\u00f3, <strong>el Chelsea sali\u00f3 al contraataque y Cole Palmer, qui\u00e9n si no, revivi\u00f3 a los &#8216;Blues&#8217;.<\/strong><\/p>\n<p class=\"ft-text\">El ingl\u00e9s tir\u00f3 una pared con Malo Gusto y clav\u00f3 la pelota en el \u00e1ngulo. <strong>Cien partidos con esta camiseta y 45 goles<\/strong>, una barbaridad para un futbolista que lleg\u00f3 hace no tanto como poco m\u00e1s que un suplente del Manchester City.<\/p>\n<p class=\"ft-text\">Pese a que el juego y la inercia favorec\u00edan un impulso del Chelsea, el descanso enfri\u00f3 el partido y permiti\u00f3 al Bayern dominar en la segunda parte. Debi\u00f3 sentenciar primero Kane, en un disparo a bocajarro que salv\u00f3 Robert S\u00e1nchez, y despu\u00e9s Olise, en una de estas paradas que recuerdan a la que le hizo Casillas a Perotti. El extremo galo remat\u00f3 en el punto de penalti con todo la porter\u00eda abierta, pero <strong>el portero espa\u00f1ol sac\u00f3 una mano prodigiosa para mantener a su equipo vivo.<\/strong><\/p>\n<p>De nuevo Kane<\/p>\n<p class=\"ft-text\">Por eso le doli\u00f3 tanto al murciano la forma en la que lleg\u00f3 el 3-1. <strong>Jug\u00f3 un pase desde atr\u00e1s, les robaron la pelota y Kane aprovech\u00f3 que no estaba bien perfilado de cara al arco para acomodar el bal\u00f3n junto a un palo.<\/strong><\/p>\n<p class=\"ft-text\">En el ocaso del partido, Andrey Santos se invent\u00f3 un pase magistral para que Palmer la rozara en una gran definici\u00f3n contra Manuel Neuer, pero el tanto, el broche al partido, <strong>fue anulado por fuera de juego tras revisi\u00f3n del VAR.<\/strong><\/p>\n<p class=\"ft-text\">Ahora s\u00ed, final y <strong>toque de atenci\u00f3n a un Chelsea que a\u00fan viv\u00eda con el dulce regusto de lo ocurrido en Estados Unidos hace dos meses<\/strong> cuando, contra todo pron\u00f3stico, se coronaron en el Mundial de Clubes, y que ya se da cuenta que esta Champions League no tiene nada que ver con aquel torneo de verano.<\/p>\n","protected":false},"excerpt":{"rendered":"Harry Kane, viejo conocido del Chelsea, devolvi\u00f3 a los &#8216;Blues&#8217; a la tierra, demostr\u00e1ndoles que la Champions League&hellip;\n","protected":false},"author":2,"featured_media":122629,"comment_status":"","ping_status":"","sticky":false,"template":"","format":"standard","meta":{"footnotes":""},"categories":[268],"tags":[24836,11681,14015,168,25,24,280,282,26730,281,23,167],"class_list":{"0":"post-122628","1":"post","2":"type-post","3":"status-publish","4":"format-standard","5":"has-post-thumbnail","7":"category-futbol","8":"tag-bayern","9":"tag-champions","10":"tag-chelsea","11":"tag-deportes","12":"tag-es","13":"tag-espana","14":"tag-football","15":"tag-futbol","16":"tag-kane","17":"tag-soccer","18":"tag-spain","19":"tag-sports"},"share_on_mastodon":{"url":"","error":""},"_links":{"self":[{"href":"https:\/\/www.europesays.com\/es\/wp-json\/wp\/v2\/posts\/122628","targetHints":{"allow":["GET"]}}],"collection":[{"href":"https:\/\/www.europesays.com\/es\/wp-json\/wp\/v2\/posts"}],"about":[{"href":"https:\/\/www.europesays.com\/es\/wp-json\/wp\/v2\/types\/post"}],"author":[{"embeddable":true,"href":"https:\/\/www.europesays.com\/es\/wp-json\/wp\/v2\/users\/2"}],"replies":[{"embeddable":true,"href":"https:\/\/www.europesays.com\/es\/wp-json\/wp\/v2\/comments?post=122628"}],"version-history":[{"count":0,"href":"https:\/\/www.europesays.com\/es\/wp-json\/wp\/v2\/posts\/122628\/revisions"}],"wp:featuredmedia":[{"embeddable":true,"href":"https:\/\/www.europesays.com\/es\/wp-json\/wp\/v2\/media\/122629"}],"wp:attachment":[{"href":"https:\/\/www.europesays.com\/es\/wp-json\/wp\/v2\/media?parent=122628"}],"wp:term":[{"taxonomy":"category","embeddable":true,"href":"https:\/\/www.europesays.com\/es\/wp-json\/wp\/v2\/categories?post=122628"},{"taxonomy":"post_tag","embeddable":true,"href":"https:\/\/www.europesays.com\/es\/wp-json\/wp\/v2\/tags?post=122628"}],"curies":[{"name":"wp","href":"https:\/\/api.w.org\/{rel}","templated":true}]}}