{"id":122630,"date":"2025-09-18T08:42:18","date_gmt":"2025-09-18T08:42:18","guid":{"rendered":"https:\/\/www.europesays.com\/es\/122630\/"},"modified":"2025-09-18T08:42:18","modified_gmt":"2025-09-18T08:42:18","slug":"sirat-representara-a-espana-en-los-oscar-2026","status":"publish","type":"post","link":"https:\/\/www.europesays.com\/es\/122630\/","title":{"rendered":"&#8216;Sirat&#8217; representar\u00e1 a Espa\u00f1a en los Oscar 2026"},"content":{"rendered":"<p class=\"c-paragraph\"><b><b><a href=\"https:\/\/www.20minutos.es\/cinemania\/criticas\/critica-sirat-experiencia-trascendental-puente-paraiso-infierno-5717968\/\" title=\"&#039;Sirat&#039;: es una de las pel\u00edculas del a\u00f1o y te lo har\u00e1 pasar fatal\" rel=\"nofollow noopener\" target=\"_blank\">Sirat,\u00a0<\/a><\/b><\/b>la pel\u00edcula dirigida por <b>Oliver Laxe, <\/b>ha sido elegida por la Academia de las Artes y las Ciencias Cinematogr\u00e1ficas para representar a Espa\u00f1a en la categor\u00eda de mejor pel\u00edcula internacional en los premios Oscar de 2026.\u00a0<\/p>\n<p class=\"c-paragraph\">Galardonada con el Premio del Jurado en el pasado Festival de Cannes (ex aequo con Sound of Falling, la candidata alemana), cuenta la odisea de un padre<b> (Sergi L\u00f3pez) <\/b>que busca junto a su hijo peque\u00f1o a su otra hija, perdida entre un grupo de raveros que recorren el desierto marroqu\u00ed en busca de baile.<\/p>\n<p class=\"c-paragraph\">\u00abMientras la pel\u00edcula amenaza con explotar en cada uno de sus planos, en esos di\u00e1logos al borde del barranco,\u00a0<b>todos sentiremos que estamos delante de algo que nos trasciende\u00bb. <\/b><a href=\"https:\/\/www.20minutos.es\/cinemania\/criticas\/critica-sirat-experiencia-trascendental-puente-paraiso-infierno-5717968\/\" title=\"&#039;Sirat&#039;: es una de las pel\u00edculas del a\u00f1o y te lo har\u00e1 pasar fatal\" rel=\"nofollow noopener\" target=\"_blank\">Aqu\u00ed puedes leer completa la cr\u00edtica de Sirat<\/a>\u00a0por\u00a0<b>Andrea G. Bermejo, <\/b>y la <a href=\"https:\/\/www.20minutos.es\/cinemania\/noticias\/sirat-cannes-2025-todo-arde-desierto-techno-oliver-laxe-5712939\/\" title=\"&#039;Sirat&#039; en Cannes 2025: todo arde en el desierto techno de Oliver Laxe\" rel=\"nofollow noopener\" target=\"_blank\">cr\u00f3nica de su paso por el Festival de Cannes.<\/a><\/p>\n<p class=\"c-paragraph\">El filme de Laxe se ha impuesto a las otras candidatas preseleccionadas por la Academia:\u00a0<b><a href=\"https:\/\/www.20minutos.es\/cinemania\/criticas\/critica-romeria-carla-simon-cierre-trilogia-familiar_6240733_3.html\" title=\"Cr\u00edtica de &#039;Romer\u00eda&#039;: Carla Sim\u00f3n se desmelena con el cierre de su trilog\u00eda familiar\" rel=\"nofollow noopener\" target=\"_blank\">Romer\u00eda,<\/a><\/b>\u00a0de\u00a0<b>Carla Sim\u00f3n;<\/b>\u00a0y\u00a0<b><b><a href=\"https:\/\/www.20minutos.es\/cinemania\/criticas\/critica-sorda-5696096\/\" title=\"Cr\u00edtica de &#039;Sorda&#039;: el mejor retrato de la maternidad visibiliza a la comunidad sorda\" rel=\"nofollow noopener\" target=\"_blank\">Sorda,<\/a><\/b><\/b>\u00a0de<b> Eva Libertad. <\/b>Sirat a\u00fan se proyecta en algunas salas de cine desde su estreno el pasado 6 de junio. El pr\u00f3ximo viernes 19 de septiembre se incorpora al cat\u00e1logo de\u00a0<b><b>Movistar Plus+.<\/b><\/b><\/p>\n<p>&#8216;Sirat&#8217;: el camino hasta los Oscar 2026<\/p>\n<p class=\"c-paragraph\">Sirat tiene por delante superar la primera selecci\u00f3n de la categor\u00eda de mejor pel\u00edcula internacional, la famosa\u00a0<b><b>shortlist<\/b><\/b>\u00a0que se comunicar\u00e1 el <b>16 de diciembre,<\/b>\u00a0de donde saldr\u00e1n las cinco nominadas finales que conoceremos ya el a\u00f1o que viene, el\u00a0<b>22 de enero. <\/b>La ceremonia de entrega de la 98\u00aa edici\u00f3n de los Oscar se celebrar\u00e1 el <b>15 de marzo de 2026.<\/b><\/p>\n<p class=\"c-paragraph\">En un acto celebrado en la sede de la Academia de Cine en Madrid, el cineasta <b>Pablo Berger <\/b>(Blancanieves)\u00a0ha anunciado la producci\u00f3n seleccionada en un acto en compa\u00f1\u00eda del presidente de la Academia\u00a0<b><b>Fernando M\u00e9ndez-Leite<\/b><\/b>\u00a0y la notaria\u00a0<b><b>Eva Fern\u00e1ndez Medina.<\/b><\/b><\/p>\n<p>12:3917\/09\/2025<\/p>\n<p>&#8216;Sirat&#8217; es la elegida<\/p>\n<p class=\"c-paragraph\">La pel\u00edcula dirigida por\u00a0<b><b>Oliver Laxe,<\/b><\/b>\u00a0ha sido elegida por la Academia de las Artes y las Ciencias Cinematogr\u00e1ficas para representar a Espa\u00f1a en la categor\u00eda de mejor pel\u00edcula internacional en los premios Oscar de 2026.<\/p>\n<p>12:3517\/09\/2025<\/p>\n<p>Comienza el acto<\/p>\n<p class=\"c-paragraph\">Con\u00a0<b><b>Fernando M\u00e9ndez-Leite,<\/b><\/b>\u00a0presidente de la Academia, que presenta al director <b>Pablo Berger <\/b>(Blancanieves),\u00a0quien se encargar\u00e1 de leer el t\u00edtulo de la pel\u00edcula elegida.<\/p>\n<p>12:2517\/09\/2025<\/p>\n<p>Candidata #3<\/p>\n<p class=\"c-paragraph\"><a href=\"https:\/\/www.20minutos.es\/cinemania\/noticias\/romeria-carla-simon-luz-mar-memoria-historia-triste-cannes-2025-5714496\/\" title=\"&#039;Romer\u00eda&#039;: Carla Sim\u00f3n ba\u00f1a de luz, mar y memoria una historia triste que en Cannes 2025 se clava en los ojos\" rel=\"nofollow noopener\" target=\"_blank\">Romer\u00eda,\u00a0<\/a>que tambi\u00e9n estuvo en Cannes compitiendo por la Palma de Oro, es el tercer largo de la barcelonesa\u00a0<b>Carla Sim\u00f3n. <\/b>Lleg\u00f3 a los cines el pasado 5 de septiembre.<\/p>\n<p>La directora de Verano 1993 y Alcarr\u00e0s\u00a0concluye un tr\u00edptico de memoria familiar donde la cineasta catalana plantea el viaje de una chica <b>(Ll\u00facia Garcia)<\/b> que viaja a Vigo para reencontrar la memoria de sus padres biol\u00f3gicos, que murieron de sida cuando ella era peque\u00f1a.<\/p>\n<p>12:1817\/09\/2025<\/p>\n<p>Candidata #2<\/p>\n<p class=\"c-paragraph\"><b><b><a href=\"https:\/\/www.20minutos.es\/cinemania\/noticias\/sirat-cannes-2025-todo-arde-desierto-techno-oliver-laxe-5712939\/\" title=\"&#039;Sirat&#039; en Cannes 2025: todo arde en el desierto techno de Oliver Laxe\" rel=\"nofollow noopener\" target=\"_blank\">Sirat,<\/a><\/b>\u00a0<\/b>del gallego\u00a0<b><b>Oliver Laxe,<\/b><\/b>\u00a0a\u00fan se encuentra en algunas salas de cine desde su estreno el pasado 6 de junio. El pr\u00f3ximo viernes 19 de septiembre se incorpora al cat\u00e1logo de <b>Movistar Plus+.<\/b><\/p>\n<p>Galardonada con el Premio del Jurado en el pasado Festival de Cannes (donde tambi\u00e9n compiti\u00f3\u00a0Romer\u00eda),\u00a0cuenta\u00a0la odisea de un padre\u00a0<b><b>(Sergi L\u00f3pez)<\/b><\/b>\u00a0que busca junto a su hijo peque\u00f1o a su otra hija, perdida entre un grupo de raveros que recorren el desierto marroqu\u00ed en busca de baile.<\/p>\n<p>11:5617\/09\/2025<\/p>\n<p>Candidata #1<\/p>\n<p class=\"c-paragraph\"><b><b><a href=\"https:\/\/www.20minutos.es\/cinemania\/noticias\/sorda-emocionante-retrato-maternidad-primera-pelicula-espanola-actriz-sorda-5682364\/\" title=\"&#039;Sorda&#039;, la primera pel\u00edcula espa\u00f1ola protagonizada por una actriz sorda, deslumbra al Festival de M\u00e1laga\" rel=\"nofollow noopener\" target=\"_blank\">Sorda<\/a><\/b><\/b>\u00a0es la \u00f3pera prima de\u00a0<b><b>Eva Libertad,<\/b><\/b>\u00a0en la que la cineasta murciana expande su cortometraje hom\u00f3nimo sobre la maternidad de una mujer sorda.\u00a0<\/p>\n<p>Tras presentarse en el Festival de Berl\u00edn y obtener el premio del p\u00fablico de la secci\u00f3n Panorama,\u00a0Sorda compiti\u00f3 en el Festival de M\u00e1laga, donde gan\u00f3 la Biznaga de Oro de mejor pel\u00edcula y las Biznagas de Plata de mejor actor y actriz para sus protagonistas,\u00a0<b><b>Miriam Garlo<\/b><\/b>\u00a0y\u00a0<b><b>\u00c1lvaro Cervantes.\u00a0<\/b><\/b><br \/>\u200b<br \/>Puede verse en streaming a trav\u00e9s de\u00a0<b><b>Movistar Plus+,<\/b><\/b>\u00a0est\u00e1 disponible para alquilar en VOD y tras anunciarse su preselecci\u00f3n volvi\u00f3 a salas de cine con algunas copias.<\/p>\n<p>11:4417\/09\/2025<\/p>\n<p>\u00bfCu\u00e1ndo se anuciaron las candidatas?<\/p>\n<p class=\"c-paragraph\">Las pel\u00edculas de <b>Carla Sim\u00f3n, Oliver Laxe <\/b>y <b>Eva Libertad<\/b>\u00a0se anunciaron como finalistas el pasado 3 de septiembre. En una votaci\u00f3n posterior, los acad\u00e9micos han elegido cu\u00e1l de las tres representar\u00e1 al cine espa\u00f1ol en los Oscar, los premios m\u00e1s importantes de Hollywood.<\/p>\n<p>11:3417\/09\/2025<\/p>\n<p>Bienvenidos<\/p>\n<p class=\"c-paragraph\"><b>Romer\u00eda, Sirat <\/b>y <b>Sorda <\/b>se disputan presentarse al Oscar de mejor pel\u00edcula internacional en representaci\u00f3n de Espa\u00f1a en la 98\u00aa edici\u00f3n de los premios. <b>Hoy a las 12:30h<\/b> la Academia de Cine dar\u00e1 a conocer su decisi\u00f3n.<\/p>\n","protected":false},"excerpt":{"rendered":"Sirat,\u00a0la pel\u00edcula dirigida por Oliver Laxe, ha sido elegida por la Academia de las Artes y las Ciencias&hellip;\n","protected":false},"author":2,"featured_media":122631,"comment_status":"","ping_status":"","sticky":false,"template":"","format":"standard","meta":{"footnotes":""},"categories":[174],"tags":[255,8194,146,147,25,24,256,4417,17950,23,3271],"class_list":{"0":"post-122630","1":"post","2":"type-post","3":"status-publish","4":"format-standard","5":"has-post-thumbnail","7":"category-famosos","8":"tag-celebrities","9":"tag-elige","10":"tag-entertainment","11":"tag-entretenimiento","12":"tag-es","13":"tag-espana","14":"tag-famosos","15":"tag-los","16":"tag-representante","17":"tag-spain","18":"tag-su"},"share_on_mastodon":{"url":"","error":""},"_links":{"self":[{"href":"https:\/\/www.europesays.com\/es\/wp-json\/wp\/v2\/posts\/122630","targetHints":{"allow":["GET"]}}],"collection":[{"href":"https:\/\/www.europesays.com\/es\/wp-json\/wp\/v2\/posts"}],"about":[{"href":"https:\/\/www.europesays.com\/es\/wp-json\/wp\/v2\/types\/post"}],"author":[{"embeddable":true,"href":"https:\/\/www.europesays.com\/es\/wp-json\/wp\/v2\/users\/2"}],"replies":[{"embeddable":true,"href":"https:\/\/www.europesays.com\/es\/wp-json\/wp\/v2\/comments?post=122630"}],"version-history":[{"count":0,"href":"https:\/\/www.europesays.com\/es\/wp-json\/wp\/v2\/posts\/122630\/revisions"}],"wp:featuredmedia":[{"embeddable":true,"href":"https:\/\/www.europesays.com\/es\/wp-json\/wp\/v2\/media\/122631"}],"wp:attachment":[{"href":"https:\/\/www.europesays.com\/es\/wp-json\/wp\/v2\/media?parent=122630"}],"wp:term":[{"taxonomy":"category","embeddable":true,"href":"https:\/\/www.europesays.com\/es\/wp-json\/wp\/v2\/categories?post=122630"},{"taxonomy":"post_tag","embeddable":true,"href":"https:\/\/www.europesays.com\/es\/wp-json\/wp\/v2\/tags?post=122630"}],"curies":[{"name":"wp","href":"https:\/\/api.w.org\/{rel}","templated":true}]}}