{"id":122632,"date":"2025-09-18T08:43:05","date_gmt":"2025-09-18T08:43:05","guid":{"rendered":"https:\/\/www.europesays.com\/es\/122632\/"},"modified":"2025-09-18T08:43:05","modified_gmt":"2025-09-18T08:43:05","slug":"la-generalitat-y-barcelona-piden-celebrar-un-simposio-internacional-como-el-del-guernica-de-1998-para-decidir-sobre-el-caso-sijena-cultura","status":"publish","type":"post","link":"https:\/\/www.europesays.com\/es\/122632\/","title":{"rendered":"La Generalitat y Barcelona piden celebrar un simposio internacional como el del Guernica de 1998 para decidir sobre el \u2018caso Sijena\u2019 | Cultura"},"content":{"rendered":"<p class=\"\">La jueza de Huesca Roc\u00edo Pilar Vargas que instruye el caso sobre la devoluci\u00f3n de los murales rom\u00e1nicos de Sijena tiene sobre la mesa una propuesta diferente para intentar solventar el dilema t\u00e9cnico sobre si los vestigios de esa joya del siglo XII pueden aguantar una mudanza desde Barcelona a Los Monegros. Un informe t\u00e9cnico cofirmado por la Generalitat y el Ayuntamiento de Barcelona, incorporado a los informes presentados por el <a href=\"https:\/\/elpais.com\/noticias\/mnac-museo-nacional-arte-cataluna\/\" target=\"_self\" rel=\"nofollow noopener\" title=\"https:\/\/elpais.com\/noticias\/mnac-museo-nacional-arte-cataluna\/\">Museo Nacional de Arte de Catalu\u00f1a (MNAC)<\/a>, recomienda celebrar \u201cun simposio internacional abierto a los especialistas\u201d que busque el consenso y se base en fundamentos cient\u00edficos. La propuesta se inspira en el c\u00f3nclave que se celebr\u00f3 en enero de 1998 cuando tambi\u00e9n estaba en duda si el Guernica pod\u00eda trasladarse al Museo Guggenheim de Bilbao. <\/p>\n<p class=\"\">De aquel encuentro de notables sobre la materia sali\u00f3 una publicaci\u00f3n y una conclusi\u00f3n mayoritaria: que no deb\u00eda moverse. Uno de los asistentes, Enrich Gantzert Castrillo, miembro entonces del Museo Moderno de Fr\u00e1ncfort, dej\u00f3 dos epitafios en aquellas dos jornadas: <a href=\"https:\/\/elpais.com\/diario\/1998\/01\/17\/cultura\/884991603_850215.html\" target=\"_self\" rel=\"nofollow noopener\" title=\"https:\/\/elpais.com\/diario\/1998\/01\/17\/cultura\/884991603_850215.html\">\u201cuna obra de arte no perdona nada\u201d y \u201ctodos los viajes son una tortura\u201d<\/a>. La obra de Pablo Picasso se expone a\u00fan hoy en el Centro Reina Sof\u00eda de Madrid y, seg\u00fan Mireia Mestre (directora del Centro de Restauraci\u00f3n de Bienes Muebles de Catalu\u00f1a, de la Generalitat) y L\u00eddia Font (jefa del \u00e1rea de conservaci\u00f3n del Museo de Historia de Barcelona), la celebraci\u00f3n del congreso \u201cestar\u00eda m\u00e1s que justificada si tenemos en cuenta la mayor fragilidad de las pinturas de Sijena en comparaci\u00f3n con El Guernica y su valor igualmente universal\u201d. Las dos t\u00e9cnicas firman el trabajo al que ha tenido acceso EL PA\u00cdS como integrantes del grupo de expertos creado en junio, en el que inicialmente hab\u00eda emisarios del Gobierno aragon\u00e9s que acabaron abandon\u00e1ndolo cuando el MNAC reiter\u00f3 su decisi\u00f3n de intentar frenar la salida de los murales. <\/p>\n<p>M\u00e1s informaci\u00f3n<\/p>\n<p class=\"\">Eso s\u00ed, las autoras, que tambi\u00e9n piden un informe de riesgos antes de acometer ninguna nueva aventura, dicen que ese trabajo \u201cexige unos tiempos necesarios, de los que no se dispone en la actualidad\u201d, ante la presi\u00f3n de la sentencia. El Gobierno aragon\u00e9s quiere que la devoluci\u00f3n se efect\u00fae en siete meses y el MNAC, en su contrapropuesta entregada a la jueza, no ve opci\u00f3n de hacer nada en menos de un a\u00f1o y medio, aunque ese cronograma es una segunda opci\u00f3n. En su opini\u00f3n, cualquier devoluci\u00f3n supondr\u00e1 da\u00f1os a la obra de 800 a\u00f1os. <\/p>\n<p class=\"\">Tambi\u00e9n lo tienen en cuenta eso Mestre y Font. El documento abre la puerta a que los murales no sean trasladados en el caso de que pueda haber riesgos y da\u00f1os que \u201clas administraciones no estuviesen dispuestas a asumir\u201d. En ese caso, se\u00f1ala el escrito con el membrete de la Generalitat y el Ayuntamiento, \u201chabr\u00eda que contemplar soluciones alternativas al traslado para anteponer la integridad del bien cultural a otras razones y derechos leg\u00edtimos\u201d. <\/p>\n<p class=\"\">\u201cEl desmontaje, embalaje, traslado, descarga, desembalaje, nueva ubicaci\u00f3n, instalaci\u00f3n y mantenimiento en un nuevo entorno geogr\u00e1fico, ambiental y de gesti\u00f3n debe ser evaluado, del mismo modo que deben evaluarse, y se eval\u00faan, los riesgos inherentes a la conservaci\u00f3n de las pinturas en su emplazamiento actual en el MNAC\u201d. Ese entrecomillado del informe deja claro que no hay plan de traslado posible sin conocer las condiciones del lugar donde deben restituirse las pinturas, la sala capitular del monasterio de Sijena. En definitiva, llama a analizar \u201clas consecuencias inmediatas, a medio y a largo plazo\u201d.<\/p>\n<p class=\"\">El MNAC entreg\u00f3 la semana pasada el que, previsiblemente, ser\u00e1 el \u00faltimo paquete de documentaci\u00f3n para intentar retener en sus instalaciones los murales rom\u00e1nicos de Sijena bajo el argumento de que su traslado los pondr\u00e1 en peligro. <a href=\"https:\/\/elpais.com\/espana\/catalunya\/2025-08-02\/illa-se-lanza-a-la-pelea-con-aragon-por-las-pinturas-de-sijena-mientras-el-mnac-busca-el-ultimo-resquicio-judicial.html\" target=\"_self\" rel=\"nofollow noopener\" title=\"https:\/\/elpais.com\/espana\/catalunya\/2025-08-02\/illa-se-lanza-a-la-pelea-con-aragon-por-las-pinturas-de-sijena-mientras-el-mnac-busca-el-ultimo-resquicio-judicial.html\">El informe de la Generalitat y el Ayuntamiento de Barcelona rompe parcialmente el discreto plano en el que se han mantenido hasta ahora<\/a>. Son dos de las administraciones que figuran en el patronato del museo. La tercera, el Ministerio de Cultura, ha apostado por no aportar ning\u00fan documento para la defensa de sus argumentos. <\/p>\n<p class=\"\">Desde el inicio, y como el resto de administraciones, Cultura ha defendido que la sentencia deb\u00eda acatarse. Cuando se cre\u00f3 el grupo t\u00e9cnico en el museo, que en un principio y por un breve periodo cont\u00f3 con miembros designados por el Gobierno de Arag\u00f3n, nombr\u00f3 a una especialista para que participara en los trabajos, si bien ese an\u00e1lisis apenas ha progresado y su emisaria particip\u00f3 en los trabajos mediante videoconferencia. La ausencia del ministerio es, sin embargo, relevante: la obra de Sijena que est\u00e1 en ciernes est\u00e1 amparada por el m\u00e1ximo grado de protecci\u00f3n al ser considerada un bien de inter\u00e9s cultural (BIC), lo que las deja bajo la protecci\u00f3n del Estado por m\u00e1s que Catalu\u00f1a cuente con sus propias competencias en materia de preservaci\u00f3n art\u00edstica. <\/p>\n<p class=\"\"><a href=\"https:\/\/elpais.com\/cultura\/2025-06-24\/aragon-exige-la-ejecucion-inmediata-de-la-sentencia-sobre-las-pinturas-murales-de-sijena.html\" target=\"_self\" rel=\"nofollow noopener\" title=\"https:\/\/elpais.com\/cultura\/2025-06-24\/aragon-exige-la-ejecucion-inmediata-de-la-sentencia-sobre-las-pinturas-murales-de-sijena.html\">El Gobierno de Arag\u00f3n ya ha reclamado el concurso de los t\u00e9cnicos ministeriales para decidir c\u00f3mo procede<\/a>r. Y ha habido voces desde Catalu\u00f1a que han hecho lo mismo, al considerar que Cultura podr\u00eda movilizar al Instituto de Patrimonio Cultural (IPCE) para que elaborara un informe sobre el estado y los riesgos de mover las pinturas. <a href=\"https:\/\/elpais.com\/cultura\/2022-02-10\/el-analisis-de-la-dama-de-elche-desaconseja-su-traslado-porque-generaria-danos-en-la-roca.html\" target=\"_self\" rel=\"nofollow noopener\" title=\"https:\/\/elpais.com\/cultura\/2022-02-10\/el-analisis-de-la-dama-de-elche-desaconseja-su-traslado-porque-generaria-danos-en-la-roca.html\">Uno similar ya se elabor\u00f3 para la Dama de Elche<\/a>, en el que se desaconsejaba su traslado por el riesgo que supon\u00eda. Hoy ese BIC contin\u00faa en Madrid. Una portavoz de Cultura consultada por este diario asegura que Cultura se expresa a trav\u00e9s del patronato del MNAC y que asume las conclusiones del informe de la Generalitat y del Ayuntamiento. Y, sobre la petici\u00f3n de un peritaje del IPCE sobre la fragilidad de los murales rom\u00e1nicos, sostiene que nadie del museo se lo ha solicitado. <\/p>\n<p class=\"\">El director del MNAC, Pepe Serra, al ser preguntado por la implicaci\u00f3n del IPCE en el caso Sijena, respondi\u00f3: <a href=\"https:\/\/elpais.com\/espana\/catalunya\/2025-07-02\/el-mnac-ultima-una-ofensiva-de-informes-tecnicos-para-desactivar-la-sentencia-de-sijena-y-mantener-las-pinturas-en-barcelona.html\" target=\"_self\" rel=\"nofollow noopener\" title=\"https:\/\/elpais.com\/espana\/catalunya\/2025-07-02\/el-mnac-ultima-una-ofensiva-de-informes-tecnicos-para-desactivar-la-sentencia-de-sijena-y-mantener-las-pinturas-en-barcelona.html\">\u201cSe ha de preguntar al Ministerio de Cultura\u201d<\/a>. El secretario de Estado de Cultura, Jordi Mart\u00ed, es miembro del patronato del museo. <\/p>\n","protected":false},"excerpt":{"rendered":"La jueza de Huesca Roc\u00edo Pilar Vargas que instruye el caso sobre la devoluci\u00f3n de los murales rom\u00e1nicos&hellip;\n","protected":false},"author":2,"featured_media":28810,"comment_status":"","ping_status":"","sticky":false,"template":"","format":"standard","meta":{"footnotes":""},"categories":[173],"tags":[4499,229,6477,233,231,230,21376,1980,232,234,146,147,25,24,4344,6479,3453,6929,8864,23,6930],"class_list":{"0":"post-122632","1":"post","2":"type-post","3":"status-publish","4":"format-standard","5":"has-post-thumbnail","7":"category-arte-y-diseno","8":"tag-aragon","9":"tag-arte","10":"tag-arte-romanico","11":"tag-arte-y-diseno","12":"tag-arts","13":"tag-arts-and-design","14":"tag-ayuntamiento-barcelona","15":"tag-cataluna","16":"tag-design","17":"tag-diseno","18":"tag-entertainment","19":"tag-entretenimiento","20":"tag-es","21":"tag-espana","22":"tag-generalitat-cataluna","23":"tag-gobierno-aragon","24":"tag-mnac","25":"tag-monasterio-sijena","26":"tag-patrimonio-artistico","27":"tag-spain","28":"tag-villanueva-de-sijena"},"share_on_mastodon":{"url":"","error":""},"_links":{"self":[{"href":"https:\/\/www.europesays.com\/es\/wp-json\/wp\/v2\/posts\/122632","targetHints":{"allow":["GET"]}}],"collection":[{"href":"https:\/\/www.europesays.com\/es\/wp-json\/wp\/v2\/posts"}],"about":[{"href":"https:\/\/www.europesays.com\/es\/wp-json\/wp\/v2\/types\/post"}],"author":[{"embeddable":true,"href":"https:\/\/www.europesays.com\/es\/wp-json\/wp\/v2\/users\/2"}],"replies":[{"embeddable":true,"href":"https:\/\/www.europesays.com\/es\/wp-json\/wp\/v2\/comments?post=122632"}],"version-history":[{"count":0,"href":"https:\/\/www.europesays.com\/es\/wp-json\/wp\/v2\/posts\/122632\/revisions"}],"wp:featuredmedia":[{"embeddable":true,"href":"https:\/\/www.europesays.com\/es\/wp-json\/wp\/v2\/media\/28810"}],"wp:attachment":[{"href":"https:\/\/www.europesays.com\/es\/wp-json\/wp\/v2\/media?parent=122632"}],"wp:term":[{"taxonomy":"category","embeddable":true,"href":"https:\/\/www.europesays.com\/es\/wp-json\/wp\/v2\/categories?post=122632"},{"taxonomy":"post_tag","embeddable":true,"href":"https:\/\/www.europesays.com\/es\/wp-json\/wp\/v2\/tags?post=122632"}],"curies":[{"name":"wp","href":"https:\/\/api.w.org\/{rel}","templated":true}]}}