{"id":122642,"date":"2025-09-18T08:50:10","date_gmt":"2025-09-18T08:50:10","guid":{"rendered":"https:\/\/www.europesays.com\/es\/122642\/"},"modified":"2025-09-18T08:50:10","modified_gmt":"2025-09-18T08:50:10","slug":"de-que-va-y-donde-ver-sirat-la-pelicula-espanola-elegida-para-competir-por-la-nominacion-al-oscar-el-pais-expres","status":"publish","type":"post","link":"https:\/\/www.europesays.com\/es\/122642\/","title":{"rendered":"De qu\u00e9 va y d\u00f3nde ver \u2018Sir\u00e2t\u2019, la pel\u00edcula espa\u00f1ola elegida para competir por la nominaci\u00f3n al Oscar | El PA\u00cdS Expr\u00e9s"},"content":{"rendered":"<p><img fetchpriority=\"high\" alt=\"Sergi L\u00f3pez, en 'Sir\u00e2t'.\" decoding=\"auto\" class=\"_re  a_m-h\" height=\"414\"  width=\"414\"  src=\"https:\/\/www.europesays.com\/es\/wp-content\/uploads\/2025\/09\/IKM6IYRUOJEAROOMYVUA722NWM.jpg\" loading=\"eager\"\/>Sergi L\u00f3pez, en &#8216;Sir\u00e2t&#8217;.<\/p>\n<p class=\"\">Sir\u00e2t, de Oliver Laxe, ha sido la pel\u00edcula elegida por la Academia de Cine para representar a Espa\u00f1a en la carrera por la nominaci\u00f3n al Oscar a mejor pel\u00edcula internacional.<\/p>\n<ul>\n<li>Este drama, que logr\u00f3 el premio del jurado el mes de mayo en el festival de Cannes, compet\u00eda con Romer\u00eda, de Carla Sim\u00f3n, y Sorda, de Eva Libertad.<\/li>\n<\/ul>\n<p class=\"\"><b>\u00bfDe qu\u00e9 va? <\/b>Narra la historia de un padre (Sergi L\u00f3pez) que, acompa\u00f1ado por su hijo peque\u00f1o, busca en el norte de Marruecos a su hija veintea\u00f1era, desaparecida durante una noche de fiesta.<\/p>\n<ul>\n<li>Se puede ver a partir de ma\u00f1ana en Movistar Plus+.<\/li>\n<\/ul>\n<p class=\"\"><b>\u00bfY ahora qu\u00e9? <\/b>Habr\u00e1 que esperar al 15 de diciembre para que la Academia de Hollywood haga la primera criba entre todas las candidaturas (el a\u00f1o pasado, Espa\u00f1a no pas\u00f3 el primer corte).<\/p>\n<ul>\n<li>El 22 de enero de 2026 anunciar\u00e1n las nominaciones finales.<\/li>\n<li>Y el 15 de marzo se celebrar\u00e1 la 98\u00aa ceremonia de los premios Oscar.<\/li>\n<\/ul>\n<p class=\"\"><b>Un dato.<\/b> La sociedad de la nieve es la \u00faltima pel\u00edcula espa\u00f1ola, hace dos ediciones, que logr\u00f3 estar nominada al Oscar a mejor pel\u00edcula internacional, pero no gan\u00f3 la estatuilla.<\/p>\n<p class=\"\"><a href=\"https:\/\/elpais.com\/cultura\/cine\/2025-09-17\/sirat-de-oliver-laxe-representara-a-espana-para-competir-por-la-nominacion-al-oscar-a-mejor-pelicula-internacional.html\" target=\"_self\" rel=\"nofollow noopener\" title=\"https:\/\/elpais.com\/cultura\/cine\/2025-09-17\/sirat-de-oliver-laxe-representara-a-espana-para-competir-por-la-nominacion-al-oscar-a-mejor-pelicula-internacional.html\">Si quieres saber m\u00e1s, puedes leer aqu\u00ed.<\/a><\/p>\n","protected":false},"excerpt":{"rendered":"Sergi L\u00f3pez, en &#8216;Sir\u00e2t&#8217;. Sir\u00e2t, de Oliver Laxe, ha sido la pel\u00edcula elegida por la Academia de Cine&hellip;\n","protected":false},"author":2,"featured_media":122643,"comment_status":"","ping_status":"","sticky":false,"template":"","format":"standard","meta":{"footnotes":""},"categories":[91],"tags":[33096,1931,146,147,25,24,1505,2789,753,23],"class_list":{"0":"post-122642","1":"post","2":"type-post","3":"status-publish","4":"format-standard","5":"has-post-thumbnail","7":"category-entretenimiento","8":"tag-academia-de-cine","9":"tag-drama","10":"tag-entertainment","11":"tag-entretenimiento","12":"tag-es","13":"tag-espana","14":"tag-hollywood","15":"tag-oscar","16":"tag-peliculas","17":"tag-spain"},"share_on_mastodon":{"url":"","error":""},"_links":{"self":[{"href":"https:\/\/www.europesays.com\/es\/wp-json\/wp\/v2\/posts\/122642","targetHints":{"allow":["GET"]}}],"collection":[{"href":"https:\/\/www.europesays.com\/es\/wp-json\/wp\/v2\/posts"}],"about":[{"href":"https:\/\/www.europesays.com\/es\/wp-json\/wp\/v2\/types\/post"}],"author":[{"embeddable":true,"href":"https:\/\/www.europesays.com\/es\/wp-json\/wp\/v2\/users\/2"}],"replies":[{"embeddable":true,"href":"https:\/\/www.europesays.com\/es\/wp-json\/wp\/v2\/comments?post=122642"}],"version-history":[{"count":0,"href":"https:\/\/www.europesays.com\/es\/wp-json\/wp\/v2\/posts\/122642\/revisions"}],"wp:featuredmedia":[{"embeddable":true,"href":"https:\/\/www.europesays.com\/es\/wp-json\/wp\/v2\/media\/122643"}],"wp:attachment":[{"href":"https:\/\/www.europesays.com\/es\/wp-json\/wp\/v2\/media?parent=122642"}],"wp:term":[{"taxonomy":"category","embeddable":true,"href":"https:\/\/www.europesays.com\/es\/wp-json\/wp\/v2\/categories?post=122642"},{"taxonomy":"post_tag","embeddable":true,"href":"https:\/\/www.europesays.com\/es\/wp-json\/wp\/v2\/tags?post=122642"}],"curies":[{"name":"wp","href":"https:\/\/api.w.org\/{rel}","templated":true}]}}