{"id":122646,"date":"2025-09-18T08:52:06","date_gmt":"2025-09-18T08:52:06","guid":{"rendered":"https:\/\/www.europesays.com\/es\/122646\/"},"modified":"2025-09-18T08:52:06","modified_gmt":"2025-09-18T08:52:06","slug":"josep-oliu-banco-sabadell-tras-la-opa-de-bbva-nos-centraremos-en-los-clientes-no-en-otras-operaciones-el-economista","status":"publish","type":"post","link":"https:\/\/www.europesays.com\/es\/122646\/","title":{"rendered":"Josep Oliu (Banco Sabadell): &quot;Tras la opa de BBVA nos centraremos en los clientes, no en otras operaciones&quot; &#8211; El Economista"},"content":{"rendered":"<ol>\n<li><a href=\"https:\/\/news.google.com\/rss\/articles\/CBMi-AFBVV95cUxNb3U5RnVDWUZIX1NJbE8ta1RaVDBiUVZMSWRwN2o4NW1kT0pyeEpIOTNBaWRCM2xZRlN2V1VrYjdIS2FIaFgzOWRFYUhtaHRfNlVvWFhYVGtHSWpvbzR0NU9aN2Vmdi1uYjRtS0FJTUNQcC1TZ2Z0dkVreE5BdktIMW4zZjhnWU14YnhwNmZvZXlELTh1VDFSaUxOU2RBbEdKRkozeTdWMnlJSEtPNC03WVNPdHhhbkhsRnBFOF9tZTE3Ni12Y3ZlV3FraWExWGZDMXlTLWdBb0I2aE8xemNXXzlzV29aVGF6TnIyeXd5Y2tsd3dnNjV5eNIB4wFBVV95cUxQVXJfLTVHbnZiQV9IbGw4M3ZwX1Izcm1jdFhybElHMlBUcUlSd3BLbHk1SGVmYk1TVkY2ZVFlNTVYUkg0TVBXVnVlNmZnOEhBMnVrNVpZSWZVUkYyMU9rbTFhRlR6NkJ1VVMzOTVneGlYNEw4a28tR29ZUTA3UlpKdXpLR0RNY2RvQ0E4YU5PMFBDOURTdjY4NmdIRjE2QWU1aUhKS2VPQWs3UU0tb2NPRDJKVk1EMV9HS1hHSzA5enF1WUtvakpuSHBDYld0NUMxTm93UHp2aFRqR1BIY1VRczhvWQ?oc=5\" target=\"_blank\" rel=\"nofollow noopener\">Josep Oliu (Banco Sabadell): \u00abTras la opa de BBVA nos centraremos en los clientes, no en otras operaciones\u00bb<\/a>&nbsp;&nbsp;El Economista<\/li>\n<li><a href=\"https:\/\/news.google.com\/rss\/articles\/CBMiiAFBVV95cUxQUXYwUHVGT0pLZEJHZGV3X2JHTmc4RFhlckVPZE5KVWF6WVlJVUJrQ3dFMEI3cnNEUEpSMTBPSlYxZGZnalpmcXQtNlZPdXplWjFhcjI1bUNjUEdDRG5UdVZNR29VSUxmWnNLYlJpREgzaThDS25YTko2TV9IbzRPLWFuYkJzTjRx0gGIAUFVX3lxTE81c2ZySVdoTHNRNDIxS21RamRpNWxzOURXSE5nU0VUTEdqVFlTUENxV1ZYZDBNT2pGbjRtSWI2QXZBRzBucm1iTGx5blRlaVdobGl3SWlvSTFMZnlXNzJiTDlLWE42eS11aENRbXc0bXNuNnZPMzhXMVJ1VE1pa3ZnWnRTeURocHM?oc=5\" target=\"_blank\" rel=\"nofollow noopener\">La p\u00e9rdida para el accionista de Sabadell de aceptar la OPA cae a m\u00ednimos de agosto, a cuatro sesiones de saber si BBVA mejorar\u00e1 su oferta<\/a>&nbsp;&nbsp;El Mundo<\/li>\n<li><a href=\"https:\/\/news.google.com\/rss\/articles\/CBMipwFBVV95cUxNaE53RmxpOFpFdVpCYll4RmQwNmxCQ3ZxU1d4NDFjTmpwWnZnQnI1eGl6dmxKZHJfaFJxUHlRQ2FkN3pYN3J2QVg0clBHUjR4SHRjcUNlN2YtQ1RtR0xpejhpeEtCSU5SM0k3R0E3VlNHNUl0TDBJYnJrWGp5ZWx4NVNpcW84bUpINjFHNTJlX0h2by1nTEYza3NiUm0wMjVPM2pfdUh0dw?oc=5\" target=\"_blank\" rel=\"nofollow noopener\">\u00bfHasta cu\u00e1ndo puede realmente BBVA mejorar la opa al Sabadell? Estos son los tres d\u00edas clave<\/a>&nbsp;&nbsp;El Confidencial<\/li>\n<li><a href=\"https:\/\/news.google.com\/rss\/articles\/CBMi_AFBVV95cUxPX0ZLYVpsc2ZwTDRlZFVpUnJCdkhPcjBzUjlFS2JMQnFpUjhWQTVoX2p3OUlyOHQ0WnBlR1AzM0JOQmVhX201cF95NWZwamp3TW5TTmxGODAxNlNjLXNXNU5tYTNtNGJPX0Q0bFFjNVJZbWpWbnlsRV9BaGEzOHUtSHVYM1J2RVdRNG1MLVc4bGlaOVdBXzFUT0pQSXFESFNyZXVPcW1jY0JfTjg2U3RfbDI3Y1E5d05obkJlQTJuNTRtWk1yNFRFZkJMdExoUG42RngyYTZQVVBxdmE0OXlFMDBaeUdmSVJENlFuZTctNVdIdXk4NXpxb0xnalrSAecBQVVfeXFMTl90RHhBVnBMMjVjMHZxREkyeTJJc3ROR1lNamNSYjhzUkZsb3k2TUlBN3dNbWNTZ3VST2V6TVo3WWNqUW1aUDdtZXJJSU15Y2FqWHNBb0tKa3FDUHVId21wMTVoYTJyVElZTXd3dVVhNy1zdGpzT3BDLWpfcE0xWjVkb3piQTF4MUtMYmJ3amxGSFllQm9xMTRORVl0elZweWxPb21zb1p2ZGFRWlhNLU0tb2NUMkFCSTBYVy1EUjRqQ0NNVy1GSzlyVlNpYVdSZW0yTWJxMC1mRmQtVHBBX0UzdWUwc2xV?oc=5\" target=\"_blank\" rel=\"nofollow noopener\">Josep Oliu (Banco Sabadell): \u00abLa CNMV no permitir\u00eda a BBVA un precio muy superior en una segunda opa\u00bb<\/a>&nbsp;&nbsp;El Economista<\/li>\n<li><a href=\"https:\/\/news.google.com\/rss\/articles\/CBMitwFBVV95cUxQQUd3ODFqXy1nRjZiYURBZExUal81M1BmbDA0U3pCYktmMzd1NEp1ZUlBOGJmNEdURzhpanpVeHplNmpJNmlGZ01IOUJIaEdHeVRlTktramZTWEFsaTFLZGhyMDJneXpJMGxPSTRXbmpZZ1VIbkV2QVBtZEZuWUFvTU5LTTBObnNheGVUaV9wY2xYdXR6TWRWVGtxdUc5Z1hINzNQaS0wNjRDYVRDN1M0eTdyQ2dsYVE?oc=5\" target=\"_blank\" rel=\"nofollow noopener\">Las acciones del Sabadell y el BBVA convergen pese a las dudas sobre el precio<\/a>&nbsp;&nbsp;La Vanguardia<\/li>\n<\/ol>\n","protected":false},"excerpt":{"rendered":"Josep Oliu (Banco Sabadell): \u00abTras la opa de BBVA nos centraremos en los clientes, no en otras operaciones\u00bb&nbsp;&nbsp;El&hellip;\n","protected":false},"author":2,"featured_media":120783,"comment_status":"","ping_status":"","sticky":false,"template":"","format":"standard","meta":{"footnotes":""},"categories":[80],"tags":[82,95,94,25,24,23],"class_list":{"0":"post-122646","1":"post","2":"type-post","3":"status-publish","4":"format-standard","5":"has-post-thumbnail","7":"category-economia","8":"tag-business","9":"tag-economia","10":"tag-economy","11":"tag-es","12":"tag-espana","13":"tag-spain"},"share_on_mastodon":{"url":"","error":""},"_links":{"self":[{"href":"https:\/\/www.europesays.com\/es\/wp-json\/wp\/v2\/posts\/122646","targetHints":{"allow":["GET"]}}],"collection":[{"href":"https:\/\/www.europesays.com\/es\/wp-json\/wp\/v2\/posts"}],"about":[{"href":"https:\/\/www.europesays.com\/es\/wp-json\/wp\/v2\/types\/post"}],"author":[{"embeddable":true,"href":"https:\/\/www.europesays.com\/es\/wp-json\/wp\/v2\/users\/2"}],"replies":[{"embeddable":true,"href":"https:\/\/www.europesays.com\/es\/wp-json\/wp\/v2\/comments?post=122646"}],"version-history":[{"count":0,"href":"https:\/\/www.europesays.com\/es\/wp-json\/wp\/v2\/posts\/122646\/revisions"}],"wp:featuredmedia":[{"embeddable":true,"href":"https:\/\/www.europesays.com\/es\/wp-json\/wp\/v2\/media\/120783"}],"wp:attachment":[{"href":"https:\/\/www.europesays.com\/es\/wp-json\/wp\/v2\/media?parent=122646"}],"wp:term":[{"taxonomy":"category","embeddable":true,"href":"https:\/\/www.europesays.com\/es\/wp-json\/wp\/v2\/categories?post=122646"},{"taxonomy":"post_tag","embeddable":true,"href":"https:\/\/www.europesays.com\/es\/wp-json\/wp\/v2\/tags?post=122646"}],"curies":[{"name":"wp","href":"https:\/\/api.w.org\/{rel}","templated":true}]}}