{"id":122651,"date":"2025-09-18T08:55:24","date_gmt":"2025-09-18T08:55:24","guid":{"rendered":"https:\/\/www.europesays.com\/es\/122651\/"},"modified":"2025-09-18T08:55:24","modified_gmt":"2025-09-18T08:55:24","slug":"la-explosion-de-puente-de-vallecas-una-acumulacion-de-gas-al-habilitar-un-sotano-como-vivienda","status":"publish","type":"post","link":"https:\/\/www.europesays.com\/es\/122651\/","title":{"rendered":"La explosi\u00f3n de Puente de Vallecas, una acumulaci\u00f3n de gas al habilitar un s\u00f3tano como vivienda"},"content":{"rendered":"\n<p> Una notable <strong>acumulaci\u00f3n de gas<\/strong> fue el origen de la <strong>explosi\u00f3n del pasado s\u00e1bado<\/strong> <a href=\"https:\/\/www.elconfidencial.com\/espana\/madrid\/2025-09-13\/una-explosion-en-un-bar-de-madrid-deja-14-heridos-uno-de-ellos-de-gravedad_4208305\/\" target=\"_self\" rel=\"nofollow noopener\">en un edificio del madrile\u00f1o<\/a> de <strong>Vallecas<\/strong>, donde fallecieron dos personas, una de ellas un hombre de 53 a\u00f1os de nacionalidad colombiana que estaba realizando <a href=\"https:\/\/www.elconfidencial.com\/espana\/madrid\/2024-05-07\/desplome-forjado-edificio-rehabilitacion-madrid_3879237\/\" target=\"_self\" rel=\"nofollow noopener\">obras<\/a> de acondicionamiento en un s\u00f3tano para convertirlo en vivienda. <\/p>\n<p> Es <strong>la principal hip\u00f3tesis que manejan los investigadores<\/strong> sobre las circunstancias de la explosi\u00f3n derivada de una <strong>concentraci\u00f3n de gases<\/strong> en un habit\u00e1culo de unos 10 metros cuadrados situado en el s\u00f3tano del n\u00famero 3 de la <strong>calle Manuel Maroto<\/strong> de Madrid, donde debido a la detonaci\u00f3n <strong>result\u00f3 da\u00f1ado un bar y heridas 25 personas<\/strong>. <\/p>\n<p> Fuentes pr\u00f3ximas a la investigaci\u00f3n han se\u00f1alado a EFE que, seg\u00fan los indicios recabados hasta ahora por la <a href=\"https:\/\/www.elconfidencial.com\/espana\/comunidad-valenciana\/2025-06-19\/hombre-carbonizado-descampado-valencia-1tna_4155139\/\" target=\"_self\" rel=\"nofollow noopener\">Polic\u00eda Nacional<\/a>, en esta estancia similar a un trastero o un almac\u00e9n resid\u00edan al menos el ciudadano colombiano de 53 a\u00f1os y su mujer, ya que se han hallado restos de una lavadora y un inodoro. <\/p>\n<p> Este matrimonio ten\u00eda alquilado esa estancia, relevan las fuentes consultadas, que aseguran tambi\u00e9n que el hombre <strong>hab\u00eda solicitado una licencia de habitabilidad<\/strong> para este lugar que estaba en tr\u00e1mite. <\/p>\n<p>              <img decoding=\"async\" class=\"inTextNews__img\" alt=\"Foto: segundo-cadaver-escombros-bar-puente-vallecas-1tna\" src=\"https:\/\/www.europesays.com\/es\/wp-content\/uploads\/2025\/09\/f.elconfidencial.com\/original\/239\/9bf\/a67\/2399bfa679f286beedb31505a162c7ec.jpg\"  \/>     <\/p>\n<p>TE PUEDE INTERESAR<\/p>\n<p>      <a class=\"inTextNews__title\" href=\"https:\/\/www.elconfidencial.com\/espana\/madrid\/2025-09-15\/segundo-cadaver-escombros-bar-puente-vallecas-1tna_4209513\/\" onclick=\"window.ECCO.emit(&#039;amplitude&#039;, { dataEventName: &#039;click_related_article_module&#039;, data: { related_article_url: &#039;https:\/\/www.elconfidencial.com\/espana\/madrid\/2025-09-15\/segundo-cadaver-escombros-bar-puente-vallecas-1tna_4209513\/&#039;, related_article_author: &#039;Marta Mart\u00ednez&#039;, related_article_section: &#039;madrid&#039; } })\" rel=\"nofollow noopener\" target=\"_blank\"> Encuentran un segundo cad\u00e1ver bajo los escombros de la explosi\u00f3n de Puente de Vallecas <\/a>   <\/p>\n<p>    El Confidencial   <\/p>\n<p> Pese a que a\u00fan no hab\u00eda recibido respuesta a su petici\u00f3n, todo apunta a que <strong>hab\u00eda iniciado ya obras para acondicionar la estancia<\/strong> como vivienda con la <strong>instalaci\u00f3n de planchas de pladur<\/strong> en las paredes. <\/p>\n<p> En estas obras, el hombre hab\u00eda usado <a href=\"https:\/\/www.elconfidencial.com\/espana\/castilla-y-leon\/2024-01-24\/herido-grave-explosion-gas-casa-aranda-duero_3817052\/\" target=\"_self\" rel=\"nofollow noopener\">espuma de poliuretano<\/a> habitualmente empleada para aislar e impermeabilizar paredes, por lo que los investigadores no descartan que <strong>la acumulaci\u00f3n de gas provenga de este material<\/strong>. <\/p>\n<p>              <img decoding=\"async\" class=\"inTextNews__img\" alt=\"Foto: espanoles-mueren-amberes-1tna\" src=\"https:\/\/www.europesays.com\/es\/wp-content\/uploads\/2025\/09\/f.elconfidencial.com\/original\/72d\/a8c\/8eb\/72da8c8eb52ad7384beed59a27b548bc.jpg\"  \/>     <\/p>\n<p>TE PUEDE INTERESAR<\/p>\n<p>      <a class=\"inTextNews__title\" href=\"https:\/\/www.elconfidencial.com\/mundo\/europa\/2024-06-15\/espanoles-mueren-amberes-1tna_3903795\/\" onclick=\"window.ECCO.emit(&#039;amplitude&#039;, { dataEventName: &#039;click_related_article_module&#039;, data: { related_article_url: &#039;https:\/\/www.elconfidencial.com\/mundo\/europa\/2024-06-15\/espanoles-mueren-amberes-1tna_3903795\/&#039;, related_article_author: &#039;Agencias&#039;, related_article_section: &#039;europa&#039; } })\" rel=\"nofollow noopener\" target=\"_blank\"> Dos espa\u00f1oles mueren en una explosi\u00f3n en la ciudad belga de Hoboken <\/a>   <\/p>\n<p>    EFE   <\/p>\n<p> Por su parte, las fuentes indican a EFE que <strong>la segunda v\u00edctima<\/strong>, <strong>un joven peruano de 29 a\u00f1os<\/strong>, cuyo <strong>cad\u00e1ver se hall\u00f3 este lunes<\/strong> s\u00ed <strong>resid\u00eda en Madrid<\/strong> -en un principio se apunt\u00f3 que estaba de paso por la capital visitando a unos amigos- y que <strong>se encontraba en situaci\u00f3n irregular en Espa\u00f1a<\/strong>. <\/p>\n<p> Su cuerpo fue encontrado despu\u00e9s de que dos personas <strong>alertaran a la Polic\u00eda<\/strong> el mismo lunes de que el joven se encontraba en el lugar en el <strong>momento de la explosi\u00f3n<\/strong>. <\/p>\n<p> Una notable <strong>acumulaci\u00f3n de gas<\/strong> fue el origen de la <strong>explosi\u00f3n del pasado s\u00e1bado<\/strong> <a href=\"https:\/\/www.elconfidencial.com\/espana\/madrid\/2025-09-13\/una-explosion-en-un-bar-de-madrid-deja-14-heridos-uno-de-ellos-de-gravedad_4208305\/\" target=\"_self\" rel=\"nofollow noopener\">en un edificio del madrile\u00f1o<\/a> de <strong>Vallecas<\/strong>, donde fallecieron dos personas, una de ellas un hombre de 53 a\u00f1os de nacionalidad colombiana que estaba realizando <a href=\"https:\/\/www.elconfidencial.com\/espana\/madrid\/2024-05-07\/desplome-forjado-edificio-rehabilitacion-madrid_3879237\/\" target=\"_self\" rel=\"nofollow noopener\">obras<\/a> de acondicionamiento en un s\u00f3tano para convertirlo en vivienda. <\/p>\n","protected":false},"excerpt":{"rendered":"Una notable acumulaci\u00f3n de gas fue el origen de la explosi\u00f3n del pasado s\u00e1bado en un edificio del&hellip;\n","protected":false},"author":2,"featured_media":122652,"comment_status":"","ping_status":"","sticky":false,"template":"","format":"standard","meta":{"footnotes":""},"categories":[5],"tags":[17,18,25,24,13,14,11,19,20,9,10,15,16,23,12,21,22],"class_list":{"0":"post-122651","1":"post","2":"type-post","3":"status-publish","4":"format-standard","5":"has-post-thumbnail","7":"category-titulares","8":"tag-breaking-news","9":"tag-breakingnews","10":"tag-es","11":"tag-espana","12":"tag-featured-news","13":"tag-featurednews","14":"tag-headlines","15":"tag-latest-news","16":"tag-latestnews","17":"tag-news","18":"tag-noticias","19":"tag-noticias-destacadas","20":"tag-noticiasdestacadas","21":"tag-spain","22":"tag-titulares","23":"tag-ultimas-noticias","24":"tag-ultimasnoticias"},"share_on_mastodon":{"url":"","error":""},"_links":{"self":[{"href":"https:\/\/www.europesays.com\/es\/wp-json\/wp\/v2\/posts\/122651","targetHints":{"allow":["GET"]}}],"collection":[{"href":"https:\/\/www.europesays.com\/es\/wp-json\/wp\/v2\/posts"}],"about":[{"href":"https:\/\/www.europesays.com\/es\/wp-json\/wp\/v2\/types\/post"}],"author":[{"embeddable":true,"href":"https:\/\/www.europesays.com\/es\/wp-json\/wp\/v2\/users\/2"}],"replies":[{"embeddable":true,"href":"https:\/\/www.europesays.com\/es\/wp-json\/wp\/v2\/comments?post=122651"}],"version-history":[{"count":0,"href":"https:\/\/www.europesays.com\/es\/wp-json\/wp\/v2\/posts\/122651\/revisions"}],"wp:featuredmedia":[{"embeddable":true,"href":"https:\/\/www.europesays.com\/es\/wp-json\/wp\/v2\/media\/122652"}],"wp:attachment":[{"href":"https:\/\/www.europesays.com\/es\/wp-json\/wp\/v2\/media?parent=122651"}],"wp:term":[{"taxonomy":"category","embeddable":true,"href":"https:\/\/www.europesays.com\/es\/wp-json\/wp\/v2\/categories?post=122651"},{"taxonomy":"post_tag","embeddable":true,"href":"https:\/\/www.europesays.com\/es\/wp-json\/wp\/v2\/tags?post=122651"}],"curies":[{"name":"wp","href":"https:\/\/api.w.org\/{rel}","templated":true}]}}