{"id":122653,"date":"2025-09-18T08:56:08","date_gmt":"2025-09-18T08:56:08","guid":{"rendered":"https:\/\/www.europesays.com\/es\/122653\/"},"modified":"2025-09-18T08:56:08","modified_gmt":"2025-09-18T08:56:08","slug":"alex-mozas-quiere-que-el-irudek-bidasoa-irun-siga-encajando-pocos-goles","status":"publish","type":"post","link":"https:\/\/www.europesays.com\/es\/122653\/","title":{"rendered":"Alex Mozas quiere que el Irudek Bidasoa Irun siga encajando pocos goles"},"content":{"rendered":"<p class=\"v-mdl-ath__p v-mdl-ath__p--6\">\nJueves, 18 de septiembre 2025, 10:35<\/p>\n<p class=\"v-p\">El Irudek Bidasoa Irun jugar\u00e1 este s\u00e1bado (17.30) en Puente Genil, el destino m\u00e1s lejano que tiene en la liga, a m\u00e1s de 900 kil\u00f3metros.<\/p>\n<p class=\"v-p\">Alex Mozas recuerda que \u00abes la primera vez que juego tan pronto en la temporada all\u00ed, siempre me ha tocado jugar en las \u00faltimas jornadas, que evidentemente llegas con toda la carga de la temporada al viaje m\u00e1s largo. En este caso es el primer viaje de la temporada, estamos frescos, y creo que es un momento bueno para ir all\u00ed, sin la carga de partidos y viajes\u00bb.<\/p>\n<p class=\"v-p\">Eso, por un lado. Por otro, la dificultad propia del rival y de la cancha, \u00abuna de las m\u00e1s complicadas de la liga. El Puente Genil todos los a\u00f1os basa su clasificaci\u00f3n en los partidos de casa\u00bb. <\/p>\n<p class=\"v-p\">La temporada pasada los cordobeses quedaron un punto por encima del descenso pero Mozas advierte que \u00abes un buen equipo, que tiene jugadores con talento en la primera l\u00ednea, tiene un pivote muy bueno como Dani Ramos y los dos extremos titulares tambi\u00e9n son buenos jugadores\u00bb.<\/p>\n<p class=\"v-p\">El Puente Genil perdi\u00f3 38-33 en su debut, ante el Granollers. \u00abTuvieron luces y sombras en ese partido. Su primera parte fue mala pero en la segunda se pusieron a 4-5 goles despu\u00e9s de haber ido perdiendo por diez\u00bb.<\/p>\n<p class=\"v-p\">Destaca el madrile\u00f1o que \u00abnos enfrentamos a un rival que tiene gol, no es f\u00e1cil meterle 33 goles al Granollers\u00bb.<\/p>\n<p class=\"v-p\">Y en el otro lado de la balanza est\u00e1 la defensa del Irudek Bidasoa Irun, con 25 goles de media encajados en los tres primeros partidos, los dos europeos y contra el Caser\u00edo Ciudad Real. \u00abTenemos que intentar basar el partido de Puente Genil en que ellos no anoten f\u00e1cil. Que la porter\u00eda siga funcionando as\u00ed, que la defensa le siga ayudando como lo est\u00e1 haciendo&#8230; Sobre todo los defensores centrales, I\u00f1aki, Marko, Matheus y Eneko, est\u00e1n haciendo un buen trabajo\u00bb.<\/p>\n<p>Comenta<\/p>\n<p>Reporta un error<\/p>\n","protected":false},"excerpt":{"rendered":"Jueves, 18 de septiembre 2025, 10:35 El Irudek Bidasoa Irun jugar\u00e1 este s\u00e1bado (17.30) en Puente Genil, el&hellip;\n","protected":false},"author":2,"featured_media":122654,"comment_status":"","ping_status":"","sticky":false,"template":"","format":"standard","meta":{"footnotes":""},"categories":[278],"tags":[2865,376,2645,168,40294,25,24,5815,375,7599,7600,30001,35909,2615,20897,23,167],"class_list":{"0":"post-122653","1":"post","2":"type-post","3":"status-publish","4":"format-standard","5":"has-post-thumbnail","7":"category-balonmano","8":"tag-alex","9":"tag-balonmano","10":"tag-bidasoa","11":"tag-deportes","12":"tag-encajando","13":"tag-es","14":"tag-espana","15":"tag-goles","16":"tag-handball","17":"tag-irudek","18":"tag-irun","19":"tag-mozas","20":"tag-pocos","21":"tag-quiere","22":"tag-siga","23":"tag-spain","24":"tag-sports"},"share_on_mastodon":{"url":"","error":""},"_links":{"self":[{"href":"https:\/\/www.europesays.com\/es\/wp-json\/wp\/v2\/posts\/122653","targetHints":{"allow":["GET"]}}],"collection":[{"href":"https:\/\/www.europesays.com\/es\/wp-json\/wp\/v2\/posts"}],"about":[{"href":"https:\/\/www.europesays.com\/es\/wp-json\/wp\/v2\/types\/post"}],"author":[{"embeddable":true,"href":"https:\/\/www.europesays.com\/es\/wp-json\/wp\/v2\/users\/2"}],"replies":[{"embeddable":true,"href":"https:\/\/www.europesays.com\/es\/wp-json\/wp\/v2\/comments?post=122653"}],"version-history":[{"count":0,"href":"https:\/\/www.europesays.com\/es\/wp-json\/wp\/v2\/posts\/122653\/revisions"}],"wp:featuredmedia":[{"embeddable":true,"href":"https:\/\/www.europesays.com\/es\/wp-json\/wp\/v2\/media\/122654"}],"wp:attachment":[{"href":"https:\/\/www.europesays.com\/es\/wp-json\/wp\/v2\/media?parent=122653"}],"wp:term":[{"taxonomy":"category","embeddable":true,"href":"https:\/\/www.europesays.com\/es\/wp-json\/wp\/v2\/categories?post=122653"},{"taxonomy":"post_tag","embeddable":true,"href":"https:\/\/www.europesays.com\/es\/wp-json\/wp\/v2\/tags?post=122653"}],"curies":[{"name":"wp","href":"https:\/\/api.w.org\/{rel}","templated":true}]}}