{"id":122655,"date":"2025-09-18T08:57:10","date_gmt":"2025-09-18T08:57:10","guid":{"rendered":"https:\/\/www.europesays.com\/es\/122655\/"},"modified":"2025-09-18T08:57:10","modified_gmt":"2025-09-18T08:57:10","slug":"joaquin-galdos-suma-un-nuevo-triunfo-en-peru","status":"publish","type":"post","link":"https:\/\/www.europesays.com\/es\/122655\/","title":{"rendered":"Joaqu\u00edn Gald\u00f3s suma un nuevo triunfo en Per\u00fa"},"content":{"rendered":"<p><strong>Joaqu\u00edn Gald\u00f3s<\/strong> cuaj\u00f3 una faena de muchos quilates a un toro de <strong>Santa Rosa de Lima<\/strong> en la plaza de toros de <strong>Canta (Per\u00fa)<\/strong>, donde tore\u00f3 mano a mano con <strong>Luis Bol\u00edvar<\/strong>, que dej\u00f3 destellos de calidad en sus dos oponentes que no terminaron de emplearse.<\/p>\n<p>La faena de <strong>Gald\u00f3s<\/strong> estuvo presidida por la entidad y la hondura de dos series muy rotundas de naturales. El toro de <strong>Santa Rosa de Lima<\/strong> tuvo clase y la supo aprovechar el peruano, que tore\u00f3 con ritmo y temple. Tras una buena estocada cort\u00f3 las dos orejas. No dio posibilidad su segundo, al que tore\u00f3 con gusto y limpieza.<\/p>\n<p><strong>Canta (Per\u00fa)<\/strong>, mi\u00e9rcoles 17 de septiembre de 2025. Toros de <strong>Santa Rosa de Lima<\/strong> (1\u00ba y 2\u00ba) y <strong>Los Azahares<\/strong> (3\u00ba y 4\u00ba). <strong>Luis Bol\u00edvar<\/strong>, palmas y ovaci\u00f3n con saludos; <strong>Joaqu\u00edn Gald\u00f3s<\/strong>, dos orejas y ovaci\u00f3n con saludos.<\/p>\n","protected":false},"excerpt":{"rendered":"Joaqu\u00edn Gald\u00f3s cuaj\u00f3 una faena de muchos quilates a un toro de Santa Rosa de Lima en la&hellip;\n","protected":false},"author":2,"featured_media":122656,"comment_status":"","ping_status":"","sticky":false,"template":"","format":"standard","meta":{"footnotes":""},"categories":[277],"tags":[45,373,36328,168,25,24,24714,40295,40296,705,40297,23,167,374],"class_list":{"0":"post-122655","1":"post","2":"type-post","3":"status-publish","4":"format-standard","5":"has-post-thumbnail","7":"category-toreo","8":"tag-45","9":"tag-bullfighting","10":"tag-canta","11":"tag-deportes","12":"tag-es","13":"tag-espana","14":"tag-joaquin-galdos","15":"tag-los-azahares","16":"tag-luis-bolivar","17":"tag-peru","18":"tag-santa-rosa-de-lima","19":"tag-spain","20":"tag-sports","21":"tag-toreo"},"share_on_mastodon":{"url":"","error":""},"_links":{"self":[{"href":"https:\/\/www.europesays.com\/es\/wp-json\/wp\/v2\/posts\/122655","targetHints":{"allow":["GET"]}}],"collection":[{"href":"https:\/\/www.europesays.com\/es\/wp-json\/wp\/v2\/posts"}],"about":[{"href":"https:\/\/www.europesays.com\/es\/wp-json\/wp\/v2\/types\/post"}],"author":[{"embeddable":true,"href":"https:\/\/www.europesays.com\/es\/wp-json\/wp\/v2\/users\/2"}],"replies":[{"embeddable":true,"href":"https:\/\/www.europesays.com\/es\/wp-json\/wp\/v2\/comments?post=122655"}],"version-history":[{"count":0,"href":"https:\/\/www.europesays.com\/es\/wp-json\/wp\/v2\/posts\/122655\/revisions"}],"wp:featuredmedia":[{"embeddable":true,"href":"https:\/\/www.europesays.com\/es\/wp-json\/wp\/v2\/media\/122656"}],"wp:attachment":[{"href":"https:\/\/www.europesays.com\/es\/wp-json\/wp\/v2\/media?parent=122655"}],"wp:term":[{"taxonomy":"category","embeddable":true,"href":"https:\/\/www.europesays.com\/es\/wp-json\/wp\/v2\/categories?post=122655"},{"taxonomy":"post_tag","embeddable":true,"href":"https:\/\/www.europesays.com\/es\/wp-json\/wp\/v2\/tags?post=122655"}],"curies":[{"name":"wp","href":"https:\/\/api.w.org\/{rel}","templated":true}]}}