{"id":122659,"date":"2025-09-18T09:00:07","date_gmt":"2025-09-18T09:00:07","guid":{"rendered":"https:\/\/www.europesays.com\/es\/122659\/"},"modified":"2025-09-18T09:00:07","modified_gmt":"2025-09-18T09:00:07","slug":"este-es-el-calendario-de-carlos-alcaraz-para-defender-su-numero-uno-tras-ganar-el-us-open-en-2025","status":"publish","type":"post","link":"https:\/\/www.europesays.com\/es\/122659\/","title":{"rendered":"Este es el calendario de Carlos Alcaraz para defender su n\u00famero uno tras ganar el US Open en 2025"},"content":{"rendered":"<p class=\"article-text\">\n        <a href=\"https:\/\/www.eldiario.es\/spin\/deportes\/dinero-lleva-alcaraz-ganar-us-open-2025-pm_1_12585359.html\" data-mrf-recirculation=\"links-noticia\" class=\"link\" rel=\"nofollow noopener\" target=\"_blank\">Carlos Alcaraz <\/a>consigui\u00f3 tras ganar el <strong>US Open<\/strong>, \u00faltimo Grand Slam de la temporada de tenis, lograr uno de sus objetivos del 2025 al recuperar su n\u00famero 1 en el ranking ATP al vencer en la final al italiano <strong>Jannik Sinner<\/strong> en la tercera final disputada entre ambos en la rivalidad del momento en el deporte de la raqueta.\n    <\/p>\n<p>    <a href=\"https:\/\/www.eldiario.es\/spin\/deportes\/alcaraz-toca-cielo-nueva-york-segundo-us-open-sexto-grand-slam-recupera-numero-1-pm_1_12585402.html\" data-mrf-recirculation=\"saber-mas\" data-dl-event=\"saber-mas\" rel=\"nofollow noopener\" target=\"_blank\"><\/p>\n<p class=\"know-more__title\">Alcaraz toca el cielo en Nueva York: segundo US Open, sexto grand slam y recupera el n\u00famero 1<\/p>\n<p>            <img decoding=\"async\" class=\"lazy\" loading=\"lazy\" data-src=\"https:\/\/static.eldiario.es\/clip\/14de7b66-d6ce-4c08-9ef8-8bdda30a08e1_16-9-aspect-ratio_default_0.jpg\" src=\"data:image\/svg+xml,%3Csvg xmlns=\" http:=\"\" viewbox=\"0 0 880 495\" alt=\"Alcaraz toca el cielo en Nueva York: segundo US Open, sexto grand slam y recupera el n\u00famero 1\"\/><\/p>\n<p>                        <\/a><\/p>\n<p class=\"article-text\">\n        Al recuperar el n\u00famero 1, Alcaraz tiene el objetivo de mantenerse en lo m\u00e1s alto en lo que resta de calendario en este 2025 en el que destacan los <strong>Masters 1000 de Shangai, Paris-Bercy o las ATP Finals<\/strong>, as\u00ed como la<a href=\"https:\/\/www.eldiario.es\/spin\/deportes\/equipo-copa-davis-espana-quiere-puesto-proxima-final-bolonia-alcaraz-pm_1_12529150.html\" data-mrf-recirculation=\"links-noticia\" class=\"link\" rel=\"nofollow noopener\" target=\"_blank\"> final de la Copa Davis<\/a>.\n    <\/p>\n<p>    El calendario m\u00e1s inmediato de Carlos Alcaraz tras el US Open<\/p>\n<p class=\"article-text\">\n        Tras tomarse un descanso en la eliminatoria de cuartos de final de la Copa Davis entre Espa\u00f1a y Dinamarca en la que iba a participar en un principio, el primer reto de <strong>Alcaraz<\/strong> despu\u00e9s de ganar el <a href=\"https:\/\/www.eldiario.es\/spin\/deportes\/curiosidades-open-tenis-no-conozcas-pm_1_12539879.html\" data-mrf-recirculation=\"links-noticia\" class=\"link\" rel=\"nofollow noopener\" target=\"_blank\">US Open <\/a>es la<strong> Laver Cup<\/strong>, que se disputa del 19 al 21 de septiembre de 2025, torneo que organiza <strong>Roger Federer<\/strong> y que re\u00fane a los mejores jugadores de Europa en su 8\u00aa edici\u00f3n que se juega en San Francisco.\n    <\/p>\n<blockquote class=\"twitter-tweet\" data-lang=\"es\"><p><a href=\"https:\/\/twitter.com\/X\/status\/1968366749788877269?ref_src=twsrc%5Etfw\" rel=\"nofollow noopener\" target=\"_blank\"><\/p><\/blockquote>\n<p class=\"article-text\">\n        Tras esto llega la gira asi\u00e1tica en la que est\u00e1 previsto que <a href=\"https:\/\/www.eldiario.es\/temas\/carlos-alcaraz\/\" data-mrf-recirculation=\"links-noticia\" class=\"link\" rel=\"nofollow noopener\" target=\"_blank\">Carlos Alcaraz<\/a> dispute primero el torneo de Tokio, del 22 al 30 de septiembre, a pesar de que defiende 500 puntos en <strong>Pek\u00edn<\/strong>, y el <strong>Masters 1000 de Shangh\u00e1i<\/strong>, que tiene lugar del 1 al 12 de octubre.\n    <\/p>\n<p class=\"article-text\">\n        Despu\u00e9s de Asia es el turno de<strong> Paris-Bercy<\/strong> ya a finales del mes, del 27 de octubre al 2 de noviembre antes de enfrentarse a los que ser\u00e1n sus dos grandes retos de final de temporada y que van m\u00e1s all\u00e1 de su n\u00famero 1 de la ATP.\n    <\/p>\n<p>    Las ATP Finals y la final de la Copa Davis para terminar la temporada<\/p>\n<p class=\"article-text\">\n        Uno de los puntos \u00e1lgidos del final de la temporada 2025 de <strong>Carlos Alcaraz<\/strong> ser\u00e1n las <strong>ATP Finals<\/strong>, que se disputan del 9 al 16 de noviembre en Tur\u00edn, Italia, y donde tiene la misi\u00f3n de lograr por primera vez el t\u00edtulo de maestro.\n    <\/p>\n<p>    <a href=\"https:\/\/www.eldiario.es\/spin\/deportes\/descubre-alcaraz-jugar-partido-mantenerse-concentrado-pm_1_12329874.html\" data-mrf-recirculation=\"saber-mas-abajo\" data-dl-event=\"saber-mas-abajo\" rel=\"nofollow noopener\" target=\"_blank\"><\/p>\n<p class=\"know-more__title\">Esto es lo que hace Alcaraz, antes de jugar un partido, para mantenerse concentrado<\/p>\n<p>            <img decoding=\"async\" class=\"lazy\" loading=\"lazy\" data-src=\"https:\/\/static.eldiario.es\/clip\/d3f2be0d-b56d-43b2-b4af-70ad8a5d45bb_16-9-aspect-ratio_default_0.jpg\" src=\"data:image\/svg+xml,%3Csvg xmlns=\" http:=\"\" viewbox=\"0 0 880 495\" alt=\"Esto es lo que hace Alcaraz, antes de jugar un partido, para mantenerse concentrado\"\/><\/p>\n<p>                        <\/a><\/p>\n<p class=\"article-text\">\n        Tras el final del calendario <strong>ATP<\/strong>, el murciano podr\u00eda participar con el equipo espa\u00f1ol en la final de la <strong>Copa Davis <\/strong>en la que Espa\u00f1a se consigui\u00f3 clasificar tras vencer a Dinamarca en eliminatoria en Marbella, una final a ocho que tiene lugar este 2025 en Bolonia y donde se podr\u00eda dar otro partido <strong>Sinner vs Alcaraz<\/strong>.\n    <\/p>\n<p>    Los t\u00edtulos de Carlos Alcaraz este 2025<\/p>\n<ul>\n<li>ATP 500 <strong>Rotterdam<\/strong><\/li>\n<li>Masters 1000 <strong>Montecarlo<\/strong><\/li>\n<li>Masters 1000 <strong>Roma<\/strong><\/li>\n<li><strong>Roland Garros<\/strong><\/li>\n<li><strong>Queen\u2019s<\/strong><\/li>\n<li>Masters 1000 <strong>Cincinnati<\/strong><\/li>\n<li><strong>US Open<\/strong><\/li>\n<\/ul>\n<p>                                <script async src=\"https:\/\/platform.twitter.com\/widgets.js\" charset=\"utf-8\"><\/script><\/p>\n","protected":false},"excerpt":{"rendered":"Carlos Alcaraz consigui\u00f3 tras ganar el US Open, \u00faltimo Grand Slam de la temporada de tenis, lograr uno&hellip;\n","protected":false},"author":2,"featured_media":122660,"comment_status":"","ping_status":"","sticky":false,"template":"","format":"standard","meta":{"footnotes":""},"categories":[274],"tags":[45,4736,6783,415,11358,168,25,24,2000,5533,5829,2678,23,167,327,326,1559],"class_list":{"0":"post-122659","1":"post","2":"type-post","3":"status-publish","4":"format-standard","5":"has-post-thumbnail","7":"category-tenis","8":"tag-45","9":"tag-alcaraz","10":"tag-calendario","11":"tag-carlos","12":"tag-defender","13":"tag-deportes","14":"tag-es","15":"tag-espana","16":"tag-ganar","17":"tag-numero","18":"tag-open","19":"tag-pm","20":"tag-spain","21":"tag-sports","22":"tag-tenis","23":"tag-tennis","24":"tag-us"},"share_on_mastodon":{"url":"","error":""},"_links":{"self":[{"href":"https:\/\/www.europesays.com\/es\/wp-json\/wp\/v2\/posts\/122659","targetHints":{"allow":["GET"]}}],"collection":[{"href":"https:\/\/www.europesays.com\/es\/wp-json\/wp\/v2\/posts"}],"about":[{"href":"https:\/\/www.europesays.com\/es\/wp-json\/wp\/v2\/types\/post"}],"author":[{"embeddable":true,"href":"https:\/\/www.europesays.com\/es\/wp-json\/wp\/v2\/users\/2"}],"replies":[{"embeddable":true,"href":"https:\/\/www.europesays.com\/es\/wp-json\/wp\/v2\/comments?post=122659"}],"version-history":[{"count":0,"href":"https:\/\/www.europesays.com\/es\/wp-json\/wp\/v2\/posts\/122659\/revisions"}],"wp:featuredmedia":[{"embeddable":true,"href":"https:\/\/www.europesays.com\/es\/wp-json\/wp\/v2\/media\/122660"}],"wp:attachment":[{"href":"https:\/\/www.europesays.com\/es\/wp-json\/wp\/v2\/media?parent=122659"}],"wp:term":[{"taxonomy":"category","embeddable":true,"href":"https:\/\/www.europesays.com\/es\/wp-json\/wp\/v2\/categories?post=122659"},{"taxonomy":"post_tag","embeddable":true,"href":"https:\/\/www.europesays.com\/es\/wp-json\/wp\/v2\/tags?post=122659"}],"curies":[{"name":"wp","href":"https:\/\/api.w.org\/{rel}","templated":true}]}}