{"id":12266,"date":"2025-07-29T18:50:12","date_gmt":"2025-07-29T18:50:12","guid":{"rendered":"https:\/\/www.europesays.com\/es\/12266\/"},"modified":"2025-07-29T18:50:12","modified_gmt":"2025-07-29T18:50:12","slug":"el-salto-de-kristin-scott-thomas-de-actriz-iconica-a-directora-de-animacion","status":"publish","type":"post","link":"https:\/\/www.europesays.com\/es\/12266\/","title":{"rendered":"El salto de Kristin Scott Thomas: de actriz ic\u00f3nica a directora de animaci\u00f3n"},"content":{"rendered":"<p><img alt=\"(YouTube: CBS Sunday Morning)\" class=\"global-image\" decoding=\"async\" fetchpriority=\"high\" height=\"845\" loading=\"eager\" src=\"https:\/\/www.europesays.com\/es\/wp-content\/uploads\/2025\/07\/UAZZPHDWKFGLPKYO65ZVAMO6OE.jpg\" width=\"1894\"\/>(YouTube: CBS Sunday Morning)<\/p>\n<p class=\"paragraph\"><a href=\"https:\/\/www.infobae.com\/tag\/kristin-scott-thomas\/\" target=\"_blank\" rel=\"noreferrer nofollow noopener\" title=\"https:\/\/www.infobae.com\/tag\/kristin-scott-thomas\/\"><b>Kristin Scott Thomas<\/b><\/a>, reconocida actriz brit\u00e1nica por su trabajo en pel\u00edculas como <b>El paciente ingl\u00e9s<\/b> y <b>Cuatro bodas y un funeral<\/b>, debut\u00f3 como directora y guionista con un largometraje que explora la memoria, la p\u00e9rdida y la resiliencia a trav\u00e9s de la animaci\u00f3n. <\/p>\n<p class=\"paragraph\">Inspirada en su propia infancia, marcada por la tragedia familiar, la actriz transforma experiencias personales en relatos universales, utilizando el <a href=\"https:\/\/www.infobae.com\/tag\/cine\/\" target=\"_blank\" rel=\"noreferrer nofollow noopener\" title=\"https:\/\/www.infobae.com\/tag\/cine\/\"><b>cine<\/b><\/a>, en sus palabras, para convertir el dolor en arte y reflexi\u00f3n, explic\u00f3 en una entrevista para el podcast CBS Sunday Morning.<\/p>\n<p class=\"paragraph\">La motivaci\u00f3n de Scott Thomas para este proyecto surge de una historia vital que la acompa\u00f1a desde ni\u00f1a. \u201c<b>Yo era la guardiana de los recuerdos, porque era la mayor<\/b>\u201d, record\u00f3 la actriz sobre sus a\u00f1os al frente de cinco hermanos. <\/p>\n<p><img alt=\"La actriz brit\u00e1nica transforma su\" class=\"global-image\" decoding=\"async\" fetchpriority=\"low\" height=\"880\" loading=\"lazy\" src=\"https:\/\/www.europesays.com\/es\/wp-content\/uploads\/2025\/07\/4T7YSLFP5RGVBENZLL2UUZCFGI.jpg\" width=\"1912\"\/>La actriz brit\u00e1nica transforma su historia familiar en un relato universal de memoria y superaci\u00f3n (YouTube: CBS Sunday Morning)<\/p>\n<p class=\"paragraph\">A los cinco a\u00f1os, <b>perdi\u00f3 a su padre<\/b>, y su <b>madre embarazada <\/b>volvi\u00f3 a casarse. Cinco a\u00f1os despu\u00e9s, el padrastro tambi\u00e9n falleci\u00f3, y la madre qued\u00f3 viuda por segunda vez y con cinco hijos peque\u00f1os. \u201c<b>Ellos no ten\u00edan nada a lo que aferrarse<\/b>\u201d, se\u00f1al\u00f3 la actriz, quien asumi\u00f3 el papel de conservar los recuerdos familiares para sus hermanos menores.<\/p>\n<p class=\"paragraph\">Esta responsabilidad y la fragilidad de la memoria motivaron su deseo de plasmar sus recuerdos en una pel\u00edcula. \u201cPens\u00e9 que ser\u00eda bonito hacer pel\u00edculas animadas sobre mis recuerdos de mi padre\u201d, afirm\u00f3 Scott Thomas, convencida de que solo ella pod\u00eda reconstruir aquellas escenas de infancia perdidas para los m\u00e1s peque\u00f1os.<\/p>\n<p class=\"paragraph\">El proyecto comenz\u00f3 con Scott Thomas escribiendo peque\u00f1as escenas partiendo de sus recuerdos. El impulso inicial tom\u00f3 fuerza cuando una amiga, productora de cine animado, la puso en contacto con el ilustrador <b>Reza Rai<\/b>, quien aport\u00f3 dibujos llenos de sensibilidad. La colaboraci\u00f3n con Rai result\u00f3 fundamental para que la idea adquiriera una forma visual y emocional concreta, impulsando el proyecto m\u00e1s all\u00e1 del \u00e1mbito privado.<\/p>\n<p><img alt=\"El largometraje autobiogr\u00e1fico de Scott\" class=\"global-image\" decoding=\"async\" fetchpriority=\"low\" height=\"2667\" loading=\"lazy\" src=\"https:\/\/www.europesays.com\/es\/wp-content\/uploads\/2025\/07\/ZKJCDY6SLVCUNA6TA5BZA2PXRI.jpg\" width=\"4000\"\/>El largometraje autobiogr\u00e1fico de Scott Thomas explora la p\u00e9rdida, la familia y el poder del cine para sanar (REUTERS\/Isabel Infantes)<\/p>\n<p class=\"paragraph\">La construcci\u00f3n del guion tambi\u00e9n cont\u00f3 con el aporte de su esposo, encargado de desarrollar la estructura y la narrativa. \u201cMi esposo es muy bueno con la estructura y la narrativa, mientras que yo soy mejor con los di\u00e1logos\u201d, explic\u00f3 Scott Thomas. Este proceso conjunto se convirti\u00f3 en una experiencia enriquecedora, en la que ambos sumaron sus talentos y sensibilidad. As\u00ed, la historia mantuvo una voz aut\u00e9ntica y cercana, fiel a la experiencia de la directora.<\/p>\n<p class=\"paragraph\">Convertirse en directora fue un salto natural para Scott Thomas, quien destaca el impacto de su carrera como actriz y la ense\u00f1anza de grandes cineastas. <b>La experiencia como actriz fue clave para dirigir a otros int\u00e9rpretes<\/b>, y la gu\u00eda de figuras como <b>Robert Redford<\/b> y <b>Sydney Pollack<\/b> dej\u00f3 huella en su forma de trabajar. \u201cRobert Redford y Sydney Pollack eran directores generosos. Eso se notaba en su trato con los actores\u201d, relat\u00f3 Scott Thomas.<\/p>\n<p class=\"paragraph\">Dirigir a un elenco femenino de gran talento result\u00f3 semejante a \u201cconducir un Ferrari muy grande y sofisticado\u201d, seg\u00fan sus palabras. Este proceso le permiti\u00f3 valorar a\u00fan m\u00e1s la actuaci\u00f3n: <b>descubri\u00f3 c\u00f3mo el talento puede generar momentos inesperados en el set<\/b>. Scott Thomas subray\u00f3 la importancia de la generosidad en el trabajo creativo, una lecci\u00f3n recibida de sus mentores y aplicada en su primer largometraje.<\/p>\n<p><img alt=\"Kristin Scott Thomas reivindica su\" class=\"global-image\" decoding=\"async\" fetchpriority=\"low\" height=\"3506\" loading=\"lazy\" src=\"https:\/\/www.europesays.com\/es\/wp-content\/uploads\/2025\/07\/NKB5UB2W2AHDCVQ4KVG5VO2QBM.jpg\" width=\"5513\"\/>Kristin Scott Thomas reivindica su infancia y rechaza la etiqueta de &#8216;tr\u00e1gica&#8217; impuesta por la prensa (REUTERS\/Mike Blake)<\/p>\n<p class=\"paragraph\">Aunque la prensa insiste en definir su infancia como \u201ctr\u00e1gica\u201d, Scott Thomas rechaza esa etiqueta y reivindica su derecho a contar la historia con su propio enfoque. \u201cNo considero mi infancia tr\u00e1gica en absoluto\u201d, afirm\u00f3. La pel\u00edcula es su forma de reclamar el pasado y demostrar que, aun ante sucesos dif\u00edciles, la vida sigue y esas experiencias <b>te convierten en quien eres<\/b>.<\/p>\n<p class=\"paragraph\">La <b>educaci\u00f3n cat\u00f3lica<\/b> y la <b>cultura inglesa<\/b> tambi\u00e9n moldearon su car\u00e1cter. Creci\u00f3 con la idea de que la ambici\u00f3n no estaba bien vista, motivo por el que fingi\u00f3 querer ser maestra para ingresar en la escuela de <b>arte dram\u00e1tico<\/b>. Tras ser expulsada, una etapa en Par\u00eds como au pair marc\u00f3 un giro decisivo, cuando recibi\u00f3 el apoyo necesario para iniciar su carrera como actriz.<\/p>\n<p class=\"paragraph\">La vida en Francia aport\u00f3 estabilidad y equilibrio. \u201cMi vida en Francia era muy diferente. Mi esposo era m\u00e9dico, ten\u00eda dos hijos peque\u00f1os, los llevaba a la escuela, charlaba con otras madres en el jard\u00edn. Era una vida normal\u201d, relat\u00f3 Scott Thomas.<\/p>\n<p><img alt=\"Scott Thomas reflexiona sobre los\" class=\"global-image\" decoding=\"async\" fetchpriority=\"low\" height=\"1842\" loading=\"lazy\" src=\"https:\/\/www.europesays.com\/es\/wp-content\/uploads\/2025\/07\/QDWEJQTEVVCSLLC27BZMDEL4KU.jpg\" width=\"2571\"\/>Scott Thomas reflexiona sobre los retos de la fama y el peligro del \u00e9xito precoz en el cine (REUTERS\/Gonzalo Fuentes)<\/p>\n<p class=\"paragraph\">La trayectoria de Scott Thomas est\u00e1 llena de an\u00e9cdotas que muestran los retos del cine. Record\u00f3 c\u00f3mo, tras un trabajo con Prince, un periodista franc\u00e9s le pregunt\u00f3 en directo por la opini\u00f3n de su padre sobre ese proyecto. <\/p>\n<p class=\"paragraph\">\u201cLe mir\u00e9 a los ojos y le dije: \u2018No lo s\u00e9, porque muri\u00f3 cuando yo ten\u00eda cinco a\u00f1os y mi padrastro cuando 11\u2019\u201d. A partir de ah\u00ed, esa historia de infancia se convirti\u00f3 para muchos en una \u201ctarjeta de presentaci\u00f3n\u201d medi\u00e1tica, algo que hoy reivindica en sus propios t\u00e9rminos con la pel\u00edcula.<\/p>\n<p class=\"paragraph\">Scott Thomas tambi\u00e9n advirti\u00f3 sobre el riesgo del \u00e9xito precoz. \u201c<b>Creo que es muy peligroso tener \u00e9xito muy pronto en la carrera. Yo tuve la suerte de aprender poco a poco<\/b>\u201d, afirm\u00f3. El trabajo en grandes producciones como <b>Misi\u00f3n Imposible<\/b> y <b>El paciente ingl\u00e9s<\/b> fortaleci\u00f3 su experiencia y confianza en el set. Actualmente, disfruta de trabajar desde la madurez que le otorgan m\u00e1s de cuarenta a\u00f1os viviendo en Francia, donde aprecia el enfoque del cine local: <b>centrado en cuestiones humanas y filos\u00f3ficas, y en dar tiempo a la reflexi\u00f3n<\/b>.<\/p>\n<p><img alt=\"El largometraje autobiogr\u00e1fico de Scott\" class=\"global-image\" decoding=\"async\" fetchpriority=\"low\" height=\"7673\" loading=\"lazy\" src=\"https:\/\/www.europesays.com\/es\/wp-content\/uploads\/2025\/07\/SVIMVKNU7WACR5MJ6SHFS52KHE.jpg\" width=\"4854\"\/>El largometraje autobiogr\u00e1fico de Scott Thomas es una forma de reconciliaci\u00f3n con su pasado (REUTERS\/Mike Blake)<\/p>\n<p class=\"paragraph\">En la actualidad, <b>Kristin Scott Thomas<\/b> vive una etapa centrada en la familia y la satisfacci\u00f3n de haber contado su historia con su propia voz. El largometraje autobiogr\u00e1fico representa, para ella, una forma de reconciliaci\u00f3n con el pasado y de reivindicaci\u00f3n de la capacidad familiar para sobreponerse a la adversidad. \u201c<b>S\u00ed, ocurren cosas terribles, pero la vida sigue y eso te hace ser quien eres<\/b>\u201d, concluy\u00f3.<\/p>\n<p class=\"paragraph\">La publicaci\u00f3n de la historia por CBS Sunday Morning muestra el camino de una artista capaz de transformar el dolor y los recuerdos en una obra cinematogr\u00e1fica original.<\/p>\n","protected":false},"excerpt":{"rendered":"(YouTube: CBS Sunday Morning) Kristin Scott Thomas, reconocida actriz brit\u00e1nica por su trabajo en pel\u00edculas como El paciente&hellip;\n","protected":false},"author":2,"featured_media":12267,"comment_status":"","ping_status":"","sticky":false,"template":"","format":"standard","meta":{"footnotes":""},"categories":[169],"tags":[3118,177,146,147,25,24,406,176,8535,8536,175,23],"class_list":{"0":"post-12266","1":"post","2":"type-post","3":"status-publish","4":"format-standard","5":"has-post-thumbnail","7":"category-cine","8":"tag-arts-culture-entertainment","9":"tag-cine","10":"tag-entertainment","11":"tag-entretenimiento","12":"tag-es","13":"tag-espana","14":"tag-europe","15":"tag-film","16":"tag-living-lifestyle","17":"tag-london","18":"tag-movies","19":"tag-spain"},"share_on_mastodon":{"url":"","error":""},"_links":{"self":[{"href":"https:\/\/www.europesays.com\/es\/wp-json\/wp\/v2\/posts\/12266","targetHints":{"allow":["GET"]}}],"collection":[{"href":"https:\/\/www.europesays.com\/es\/wp-json\/wp\/v2\/posts"}],"about":[{"href":"https:\/\/www.europesays.com\/es\/wp-json\/wp\/v2\/types\/post"}],"author":[{"embeddable":true,"href":"https:\/\/www.europesays.com\/es\/wp-json\/wp\/v2\/users\/2"}],"replies":[{"embeddable":true,"href":"https:\/\/www.europesays.com\/es\/wp-json\/wp\/v2\/comments?post=12266"}],"version-history":[{"count":0,"href":"https:\/\/www.europesays.com\/es\/wp-json\/wp\/v2\/posts\/12266\/revisions"}],"wp:featuredmedia":[{"embeddable":true,"href":"https:\/\/www.europesays.com\/es\/wp-json\/wp\/v2\/media\/12267"}],"wp:attachment":[{"href":"https:\/\/www.europesays.com\/es\/wp-json\/wp\/v2\/media?parent=12266"}],"wp:term":[{"taxonomy":"category","embeddable":true,"href":"https:\/\/www.europesays.com\/es\/wp-json\/wp\/v2\/categories?post=12266"},{"taxonomy":"post_tag","embeddable":true,"href":"https:\/\/www.europesays.com\/es\/wp-json\/wp\/v2\/tags?post=12266"}],"curies":[{"name":"wp","href":"https:\/\/api.w.org\/{rel}","templated":true}]}}