{"id":122661,"date":"2025-09-18T09:01:10","date_gmt":"2025-09-18T09:01:10","guid":{"rendered":"https:\/\/www.europesays.com\/es\/122661\/"},"modified":"2025-09-18T09:01:10","modified_gmt":"2025-09-18T09:01:10","slug":"ivan-romeo-en-busca-de-su-sueno-en-la-crono-del-mundial","status":"publish","type":"post","link":"https:\/\/www.europesays.com\/es\/122661\/","title":{"rendered":"Iv\u00e1n Romeo, en busca de su sue\u00f1o en la crono del Mundial"},"content":{"rendered":"<p class=\"paragraph\">Los sue\u00f1os se persiguen y a veces se cumplen. Eso es lo que quiere hacer Iv\u00e1n cumplir el suyo de ganar el oro en la contrarreloj con Espa\u00f1a. Una tarea dif\u00edcil por la entidad de sus rivales, pero cuando tienes la cabeza, las cualidades y has demostrado que eres capaz de todo, el destino puede deparar cualquier cosa. Para Javier M\u00ednguez, vallisoletano y exseleccionador nacional de ciclismo (como lo es ahora Alejandro Valverde) el \u00aborgullo\u00bb de que haya un vallisoletano en un Mundial es inmenso, pero el pucelano es consciente de que con Iv\u00e1n al mando de la bicicleta todo puede pasar \u00abSer\u00eda maravilloso, es un sue\u00f1o, es un sue\u00f1o que \u00e9l tiene en la cabeza\u00bb.<\/p>\n<p>            <a href=\"#\" title=\"\"><\/p>\n<p>                    <img loading=\"lazy\" decoding=\"async\" data-index=\"\" width=\"140\" height=\"140\" alt=\"Iv\u00e1n Romeo en su primera victoria en el campo profesional.\" data-full=\"[object Object]\" data-original=\"[object Object]\" src=\"https:\/\/imagenes.diariodevalladolid.es\/files\/related_image\/uploads\/2025\/02\/07\/67a644303b0c0.jpeg\" data-full-src=\"https:\/\/www.europesays.com\/es\/wp-content\/uploads\/2025\/09\/67a644303b0c0.jpeg\"\/><\/p>\n<p>            <\/a><\/p>\n<p class=\"paragraph\">Javier M\u00ednguez, \u00faltimo seleccionador en ganar un Mundial ve prematura una posible victoria, pero no se cierra a ella debido al nivel que pueda dar Romeo  \u00abEn principio creo que para Valladolid es un orgullo tener una representaci\u00f3n en el mundial de ciclismo y sobre todo pues en una especialidad tan dif\u00edcil como es la contrarreloj individual. Tenemos la suerte de que Iv\u00e1n Romeo es buen especialista en crono, ya el a\u00f1o pasado nos dio una inmensa alegr\u00eda en ese mundial sub-23 y quiz\u00e1s en este momento es dif\u00edcil, pero la esperanza, la ilusi\u00f3n hay que tenerla presente. Es un orgullo que vaya all\u00ed a representar a Espa\u00f1a, es un orgullo que sea de los mejores contrarrelojistas de Espa\u00f1a y ya nos dio la alegr\u00eda y esperemos que la vuelva a dar en este campo profesional. No digo este a\u00f1o, quiz\u00e1s es muy pronto, porque hay gente con una madurez tremenda que son capaces de ganarle, pero hay que ver su nivel\u00bb.<\/p>\n<p class=\"paragraph\">M\u00ednguez analiza el estado por el que pasa el joven ciclista pucelano y las opciones que tiene de coronar en Kigali con el combinado espa\u00f1ol \u00abTampoco es que su momento de forma sea el mejor, est\u00e1 bien, pero habr\u00e1 corredores que a lo mejor no han corrido el Tour y tienen un momento de forma m\u00e1s espl\u00e9ndido que \u00e9l. Hay que tener fe, hay que tener esperanza, el recorrido, el clima, 40 kil\u00f3metros son muchos kil\u00f3metros, ser\u00e1n unos 45 o 50 minutos algunos y es un esfuerzo tremendo y dif\u00edcil. Hay que felicitar a Iv\u00e1n Romeo por la trayectoria que lleva desde cadete, juvenil, amateur y profesional. Est\u00e1 creciendo, eso es un motivo de esperanza. Verle crecer nos da la esperanza de que el d\u00eda de ma\u00f1ana podemos tener algo m\u00e1s. Luego la suerte en el deporte influye, pero creo que est\u00e1 dotado de buenas cualidades\u00bb.<\/p>\n<p class=\"paragraph\">Las cualidades y la cabeza son importantes en el ciclismo de \u00e9lite, y Romeo, en palabras del ya excomandante de equipo, tiene ambas cosas \u00abEs muy importante que est\u00e1 dotado tambi\u00e9n de buena cabeza, con ganas de \u00e9xito, con ganas de trabajar y de seguir mejorando. Ser\u00eda maravilloso, es un sue\u00f1o, es un sue\u00f1o que \u00e9l tiene en la cabeza. Quiz\u00e1s a lo mejor cumplirlo es dif\u00edcil, porque hay muchos ni\u00f1os de muchos pa\u00edses que tambi\u00e9n quieren hacerlo. No es f\u00e1cil, pero \u00e9l tiene algo para intentar conseguirlo. Hay que ver que d\u00eda tiene \u00e9l, su momento de forma, quiz\u00e1s a lo mejor el clima influye mucho porque si hace mucho calor hay corredores que les beneficia y otros les perjudica, pero en cualquier momento, el d\u00eda de la verdad, tienes que adaptarte a lo que haya. Ese esp\u00edritu de lucha, de superaci\u00f3n y de concentraci\u00f3n lo tiene. Tenemos que tener la ilusi\u00f3n y la esperanza de que en un buen d\u00eda nos d\u00e9 una nueva alegr\u00eda a m\u00e1s alto nivel\u00bb.<\/p>\n","protected":false},"excerpt":{"rendered":"Los sue\u00f1os se persiguen y a veces se cumplen. Eso es lo que quiere hacer Iv\u00e1n cumplir el&hellip;\n","protected":false},"author":2,"featured_media":122662,"comment_status":"","ping_status":"","sticky":false,"template":"","format":"standard","meta":{"footnotes":""},"categories":[273],"tags":[313,312,168,25,24,7461,25063,23,167,3466],"class_list":{"0":"post-122661","1":"post","2":"type-post","3":"status-publish","4":"format-standard","5":"has-post-thumbnail","7":"category-ciclismo","8":"tag-ciclismo","9":"tag-cycling","10":"tag-deportes","11":"tag-es","12":"tag-espana","13":"tag-ivan-romeo","14":"tag-ruanda","15":"tag-spain","16":"tag-sports","17":"tag-sueno"},"share_on_mastodon":{"url":"","error":""},"_links":{"self":[{"href":"https:\/\/www.europesays.com\/es\/wp-json\/wp\/v2\/posts\/122661","targetHints":{"allow":["GET"]}}],"collection":[{"href":"https:\/\/www.europesays.com\/es\/wp-json\/wp\/v2\/posts"}],"about":[{"href":"https:\/\/www.europesays.com\/es\/wp-json\/wp\/v2\/types\/post"}],"author":[{"embeddable":true,"href":"https:\/\/www.europesays.com\/es\/wp-json\/wp\/v2\/users\/2"}],"replies":[{"embeddable":true,"href":"https:\/\/www.europesays.com\/es\/wp-json\/wp\/v2\/comments?post=122661"}],"version-history":[{"count":0,"href":"https:\/\/www.europesays.com\/es\/wp-json\/wp\/v2\/posts\/122661\/revisions"}],"wp:featuredmedia":[{"embeddable":true,"href":"https:\/\/www.europesays.com\/es\/wp-json\/wp\/v2\/media\/122662"}],"wp:attachment":[{"href":"https:\/\/www.europesays.com\/es\/wp-json\/wp\/v2\/media?parent=122661"}],"wp:term":[{"taxonomy":"category","embeddable":true,"href":"https:\/\/www.europesays.com\/es\/wp-json\/wp\/v2\/categories?post=122661"},{"taxonomy":"post_tag","embeddable":true,"href":"https:\/\/www.europesays.com\/es\/wp-json\/wp\/v2\/tags?post=122661"}],"curies":[{"name":"wp","href":"https:\/\/api.w.org\/{rel}","templated":true}]}}