{"id":122694,"date":"2025-09-18T09:23:10","date_gmt":"2025-09-18T09:23:10","guid":{"rendered":"https:\/\/www.europesays.com\/es\/122694\/"},"modified":"2025-09-18T09:23:10","modified_gmt":"2025-09-18T09:23:10","slug":"medvedev-pone-el-contador-a-cero-es-un-nuevo-proyecto-interesante-en-mi-carrera","status":"publish","type":"post","link":"https:\/\/www.europesays.com\/es\/122694\/","title":{"rendered":"Medvedev pone el contador a cero: \u00abEs un nuevo proyecto interesante en mi carrera\u00bb"},"content":{"rendered":"<p class=\"quota-display text-align-center\">\n        <a href=\"https:\/\/www.puntodebreak.com\/MDBA-B3-PDB-QUOTA-25\" rel=\"sponsored nofollow noopener\" title=\"Apuesta en bet365\" target=\"_blank\"><\/p>\n<p>            <img decoding=\"async\" alt=\"Bet365\" class=\"bet-logo lazyload\" loading=\"lazy\" src=\"https:\/\/www.europesays.com\/es\/wp-content\/uploads\/2025\/09\/1757996960_569_b365.jpg\"\/>Streaming ITF M25 Nevers en directo<\/p>\n<p> \ud83c\udfbe Daniil Glinka vs Ferdinand L Novkirichka<\/p>\n<ol class=\"stream-card__steps\">\n<li>Entra aqu\u00ed y reg\u00edstrate en Bet365<\/li>\n<li>Haz tu primer dep\u00f3sito de m\u00ednimo 5\u00a0\u20ac<\/li>\n<li>Entra en la secci\u00f3n \u00abDirecto\u00bb y ve todos los partidos<\/li>\n<\/ol>\n<p>\n                                Ver partido en Bet365\n                            <\/p>\n<p>        <\/a>\n      <\/p>\n<p class=\"text-align-justify\"><a href=\"https:\/\/www.puntodebreak.com\/tenis\/daniil-medvedev\" rel=\"nofollow noopener\" target=\"_blank\"><strong>Daniil Medvedev<\/strong><\/a> vuelve a las pistas tres semanas despu\u00e9s de su \u00faltimo partido. Un duelo que ha sido un punto de inflexi\u00f3n en su carrera. El ruso cay\u00f3 en la primera ronda del <a href=\"https:\/\/www.puntodebreak.com\/tenis\/us-open-2025\" rel=\"nofollow noopener\" target=\"_blank\"><strong>US Open<\/strong><\/a> ante<strong> <a href=\"https:\/\/www.atptour.com\/es\/players\/benjamin-bonzi\/bm95\/overview\" rel=\"nofollow noopener\" target=\"_blank\">Benjamin Bonzi<\/a><\/strong> en un encuentro en el que pas\u00f3 de todo. El de Mosc\u00fa iba dos sets abajo y bola de partido en contra y la entrada de un fot\u00f3grafo antes de tiempo abri\u00f3 la caja de pandora.\u00a0<\/p>\n<p class=\"text-align-justify\">Medvedev vio que era su \u00fanica oportunidad de entrar en el partido y se enzarz\u00f3 con el \u00e1rbitro parando cinco minutos el encuentro, se meti\u00f3 a la grada en el bolsillo, deseosa de m\u00e1s tenis, levant\u00f3 la bola de partido e igualaba la contienda 2-2. Pero en el quinto set, sucumbi\u00f3 ante un Bonzi que hizo un m\u00e1ster de resistencia. Sin embargo, el show del ruso no termin\u00f3 ah\u00ed, revent\u00f3 su raqueta varias veces y lo peor de todo, su imagen estaba por los suelos, al igual que su juego, incapaz de pasar de la segunda ronda en ninguno de los cuatro Grand Slams de la temporada. Las cr\u00edticas no tardaron en llegar y las consecuencias de ese show fueron una multa de <strong>42.500 d\u00f3lares<\/strong> y el fin de su relaci\u00f3n profesional con <a href=\"https:\/\/www.puntodebreak.com\/2025\/08\/31\/medvedev-cervara-separan-caminos-ocho-anos-juntos\" rel=\"nofollow noopener\" target=\"_blank\"><strong>Gilles Cervara<\/strong><\/a> despu\u00e9s de ocho a\u00f1os.<\/p>\n<p class=\"text-align-justify\"><img decoding=\"async\" alt=\".\" data-entity-type=\"file\" data-entity-uuid=\"7f4223a5-b837-49ec-9e4c-2f855f7a0007\" width=\"612\" height=\"408\" loading=\"lazy\" class=\"lazyload\" src=\"https:\/\/www.europesays.com\/es\/wp-content\/uploads\/2025\/09\/Medvedev-gira-asiatica.jpg\"\/><\/p>\n<p class=\"text-align-justify\">Medvedev deb\u00eda comenzar desde cero para intentar salvarse as\u00ed mismo despu\u00e9s de un 2025 preocupante, donde se le est\u00e1 viendo muy desquiciado y sin hambre competitiva. Por ello, se ha encomendado no a uno sino a dos entrenadores: <strong>Thomas Johansson y Rohan <\/strong><strong>Goetzk<\/strong>e. El primero, el que fuera campe\u00f3n del <strong>Open de Australia<\/strong> en el a\u00f1o 2002 y entrenador, entre otros, de Wozniacki y Goffin. Mientras que Goetzke fue entrenador de <strong>Richard Krajicek<\/strong>, con quien gan\u00f3 <strong>Wimbledon<\/strong> en 1996, y director de tenis de la academia de la academia IMG durante siete a\u00f1os.<\/p>\n<p class=\"text-align-justify\"><strong>\u00abNo ha sido una decisi\u00f3n f\u00e1cil\u00bb<\/strong><\/p>\n<p class=\"text-align-justify\">A su llegada al <strong>ATP de Hangzhou<\/strong>, donde comenzar\u00e1 su gira asi\u00e1tica, el actual n\u00famero 18 del mundo habl\u00f3 sobre esta nueva andadura: \u00abNo ha sido una decisi\u00f3n f\u00e1cil, pero estoy contento de probar con ellos durante el resto de la temporada y luego, para la pr\u00f3xima temporada, voy a ver c\u00f3mo va. Me encanta c\u00f3mo trabajan. Me encanta lo que dicen, y es un nuevo proyecto interesante en mi carrera\u00bb,\u00a0asegur\u00f3 en unas declaraciones recogidas por la <a href=\"https:\/\/www.atptour.com\/en\/news\/medvedev-hangzhou-2025-preview\" rel=\"nofollow noopener\" target=\"_blank\"><strong>ATP<\/strong><\/a>.<\/p>\n<p class=\"text-align-justify\">Adem\u00e1s, asegur\u00f3 que este par\u00f3n le ha venido bien y que en sus \u00faltimos entrenamientos parece haber encontrado el tenis que hab\u00eda desaparecido: \u00abNo jugu\u00e9 al tenis durante unas dos semanas despu\u00e9s del US Open porque sab\u00eda que el pr\u00f3ximo torneo a\u00fan tardar\u00eda en llegar. La semana pasada tuve una semana de entrenamiento muy buena. Jugu\u00e9 algunos de mis mejores entrenamientos de este a\u00f1o, quiz\u00e1 los mejores. El objetivo ser\u00eda intentar recrear esto en la pista, porque si soy capaz de hacerlo, podr\u00e9 ganar torneos o jugar un buen tenis, y eso es lo m\u00e1s importante para m\u00ed\u00bb, sentenci\u00f3 un Medvedev que busca maquillar una mala temporada en estos \u00faltimos meses de competici\u00f3n y coger impulso para un 2026 que se presenta clave en el devenir de su carrera.<br \/>\u00a0<\/p>\n","protected":false},"excerpt":{"rendered":"Streaming ITF M25 Nevers en directo \ud83c\udfbe Daniil Glinka vs Ferdinand L Novkirichka Entra aqu\u00ed y reg\u00edstrate en&hellip;\n","protected":false},"author":2,"featured_media":122695,"comment_status":"","ping_status":"","sticky":false,"template":"","format":"standard","meta":{"footnotes":""},"categories":[274],"tags":[168,25,24,23,167,327,326],"class_list":{"0":"post-122694","1":"post","2":"type-post","3":"status-publish","4":"format-standard","5":"has-post-thumbnail","7":"category-tenis","8":"tag-deportes","9":"tag-es","10":"tag-espana","11":"tag-spain","12":"tag-sports","13":"tag-tenis","14":"tag-tennis"},"share_on_mastodon":{"url":"","error":""},"_links":{"self":[{"href":"https:\/\/www.europesays.com\/es\/wp-json\/wp\/v2\/posts\/122694","targetHints":{"allow":["GET"]}}],"collection":[{"href":"https:\/\/www.europesays.com\/es\/wp-json\/wp\/v2\/posts"}],"about":[{"href":"https:\/\/www.europesays.com\/es\/wp-json\/wp\/v2\/types\/post"}],"author":[{"embeddable":true,"href":"https:\/\/www.europesays.com\/es\/wp-json\/wp\/v2\/users\/2"}],"replies":[{"embeddable":true,"href":"https:\/\/www.europesays.com\/es\/wp-json\/wp\/v2\/comments?post=122694"}],"version-history":[{"count":0,"href":"https:\/\/www.europesays.com\/es\/wp-json\/wp\/v2\/posts\/122694\/revisions"}],"wp:featuredmedia":[{"embeddable":true,"href":"https:\/\/www.europesays.com\/es\/wp-json\/wp\/v2\/media\/122695"}],"wp:attachment":[{"href":"https:\/\/www.europesays.com\/es\/wp-json\/wp\/v2\/media?parent=122694"}],"wp:term":[{"taxonomy":"category","embeddable":true,"href":"https:\/\/www.europesays.com\/es\/wp-json\/wp\/v2\/categories?post=122694"},{"taxonomy":"post_tag","embeddable":true,"href":"https:\/\/www.europesays.com\/es\/wp-json\/wp\/v2\/tags?post=122694"}],"curies":[{"name":"wp","href":"https:\/\/api.w.org\/{rel}","templated":true}]}}