{"id":122699,"date":"2025-09-18T09:26:14","date_gmt":"2025-09-18T09:26:14","guid":{"rendered":"https:\/\/www.europesays.com\/es\/122699\/"},"modified":"2025-09-18T09:26:14","modified_gmt":"2025-09-18T09:26:14","slug":"los-veteranos-de-valladolid-se-mediran-a-las-leyendas-del-real-madrid-en-medina-del-campo","status":"publish","type":"post","link":"https:\/\/www.europesays.com\/es\/122699\/","title":{"rendered":"Los Veteranos de Valladolid se medir\u00e1n a las Leyendas del Real Madrid en Medina del Campo"},"content":{"rendered":"<p><a class=\"v-mdl-ath__fig-a\" href=\"https:\/\/www.elnortedecastilla.es\/autor\/luis-miguel-de-pablos-682.html\" title=\"Luis Miguel de Pablos\" rel=\"nofollow noopener\" target=\"_blank\"><br \/>\n<img decoding=\"async\" class=\"v-mdl-ath__img\" src=\"https:\/\/www.europesays.com\/es\/wp-content\/uploads\/2025\/09\/autor-682-foto-1.jpeg\" alt=\"Luis Miguel de Pablos\"\/><br \/>\n<\/a><\/p>\n<p class=\"v-mdl-ath__p v-mdl-ath__p--6\">\nMi\u00e9rcoles, 17 de septiembre 2025, 18:57<\/p>\n<p>| Actualizado 19:11h.<\/p>\n<p class=\"v-p\">Cuatro meses despu\u00e9s de su \u00faltimo encuentro, el equipo de Veteranos de baloncesto en Valladolid <a href=\"https:\/\/www.elnortedecastilla.es\/deportes\/baloncesto\/real-valladolid-baloncesto\/real-valladolid-baloncesto-apadrinara-nueva-seccion-veteranos-20240417203010-nt.html\" data-voc-vtm-id=\"in-text-traffic\" title=\"vuelve a reunirse \" data-mrf-link=\"www.elnortedecastilla.es\" rel=\"nofollow noopener\" target=\"_blank\">vuelve a reunirse <\/a>para enfrentarse de nuevo a las Leyedas del Real Madrid, en un partido ben\u00e9fico que se disputar\u00e1 el domingo en el pabell\u00f3n Pablo C\u00e1ceres de Medina del Campo (12:00 horas). El encuentro reunir\u00e1 a un buen n\u00famero de exjugadores, algunos reci\u00e9n incorporados como Rudy Fern\u00e1ndez o &#8216;Chacho&#8217; Rodr\u00edguez, con el af\u00e1n de recaudar fondos en favor de la Asociaci\u00f3n de Familiares de Enfermos de Alzheimer de Medina del Campo (AFAMEC), que este a\u00f1o cumple su 25\u00ba aniversario. <\/p>\n<p class=\"v-p\">Este nuevo encuentro, cuarto intento por revitalizar estas citas de veteranos, tiene como transfondo la intenci\u00f3n de crear una asociaci\u00f3n con sus estatutos para regular una serie de actividades estables durante el a\u00f1o que no solo tengan que ver con la disputa de partidos amistosos. Am\u00e9n de firmar un convenio con el CB Ciudad de Valladolid, que ya se est\u00e1 redactando, se trata de \u00abaprovechar din\u00e1micas\u00bb, crear una \u00abred de ayuda mutua\u00bb entre los propios jugadores, fomentar la pr\u00e1ctica del baloncesto en la provincia, \u00abque ya est\u00e1 desapareciendo en algunos pueblos\u00bb, y activar la parte social para colaborar con otros colectivos, seg\u00fan explica Fernando Ovelleiro, uno de los veteranos que integran el equipo y uno de los m\u00e1s activos en la puesta en marcha de esta iniciativa.<\/p>\n<p><a href=\"http:\/\/www.elnortedecastilla.es\/deportes\/baloncesto\/real-valladolid-baloncesto\/real-valladolid-baloncesto-apadrinara-nueva-seccion-veteranos-20240417203010-nt.html#vtm_modulosEngag=mod-rel:deportes:noticia:1:cmp:1-not\" class=\"v-a-link\" aria-label=\"Imagen\" rel=\"nofollow noopener\" target=\"_blank\"><\/p>\n<p><img decoding=\"async\" loading=\"lazy\" src=\"https:\/\/www.europesays.com\/es\/wp-content\/uploads\/2025\/09\/veteranos-kWoG--366x256@El Norte.jpeg\" class=\"v-a-img\" width=\"258\" height=\"180\" alt=\"\" data-voc-vtm-id=\"in-text-traffic\"\/><\/p>\n<p><\/a><\/p>\n<p class=\"v-p\">Para este partido en Medina del Campo, el equipo de Veteranos de Valladolid, que lleva entrenando todo el mes de septiembre, estar\u00e1 dirigido por Paco Tomillo -ayudado en el banquillo por Fe\u00f1e, Miguel \u00c1ngel Reyes, Julio Torres y Paco Gonz\u00e1lez-, con un plantel formado por Mike Hansen, Juanma C\u00e1rdaba, Pedro Rodr\u00edguez, \u00c1lvaro Garcia -hijo de Lalo Garc\u00eda-, Juan Carlos Mart\u00edn, Jota, \u00d3scar Becares, el &#8216;Chopo&#8217;, &#8216;Ignacito&#8217;, Molinero, Charly y el propio Fernando Ovelleiro.<\/p>\n<p><img decoding=\"async\" loading=\"lazy\" src=\"https:\/\/www.europesays.com\/es\/wp-content\/uploads\/2025\/09\/veter-keCH-U2302962727923kAF-624x385@El Norte.jpeg\" class=\"v-a-img\" width=\"624\" height=\"385\" alt=\"\" data-voc-vtm-id=\"in-text-traffic\"\/><\/p>\n<p><img loading=\"lazy\" decoding=\"async\" src=\"https:\/\/www.europesays.com\/es\/wp-content\/uploads\/2025\/09\/veter-keCH-U2302962727923kAF-624x385@El Norte.jpeg\" class=\"v-mdl__img-z\" width=\"624\" height=\"385\" alt=\"\"\/><\/p>\n<p class=\"v-p\">El encuentro ha sido presentado en la ma\u00f1ana de este mi\u00e9rcoles, con la presencia de Samuel Puente y \u00c1lex Bento, adem\u00e1s del concejal de Deportes del ayuntamiento de Medina, Ricardo Coca, y la presidenta de AFAMEC, Flor Gonz\u00e1lez, que ha agradecido la iniciativa a los participantes. \u00abCada d\u00eda la enfermedad avanza m\u00e1s r\u00e1pido. Todo lo que recibimos es poco para seguir apoyando a las familias\u00bb, ha comentado.<\/p>\n<p>Comenta<\/p>\n<p>Reporta un error<\/p>\n","protected":false},"excerpt":{"rendered":"Mi\u00e9rcoles, 17 de septiembre 2025, 18:57 | Actualizado 19:11h. Cuatro meses despu\u00e9s de su \u00faltimo encuentro, el equipo&hellip;\n","protected":false},"author":2,"featured_media":122700,"comment_status":"","ping_status":"","sticky":false,"template":"","format":"standard","meta":{"footnotes":""},"categories":[269],"tags":[299,298,5716,168,25,24,8449,205,769,16576,798,23,167,1607,22505],"class_list":{"0":"post-122699","1":"post","2":"type-post","3":"status-publish","4":"format-standard","5":"has-post-thumbnail","7":"category-baloncesto","8":"tag-baloncesto","9":"tag-basketball","10":"tag-campo","11":"tag-deportes","12":"tag-es","13":"tag-espana","14":"tag-leyendas","15":"tag-madrid","16":"tag-medina","17":"tag-mediran","18":"tag-real","19":"tag-spain","20":"tag-sports","21":"tag-valladolid","22":"tag-veteranos"},"share_on_mastodon":{"url":"","error":""},"_links":{"self":[{"href":"https:\/\/www.europesays.com\/es\/wp-json\/wp\/v2\/posts\/122699","targetHints":{"allow":["GET"]}}],"collection":[{"href":"https:\/\/www.europesays.com\/es\/wp-json\/wp\/v2\/posts"}],"about":[{"href":"https:\/\/www.europesays.com\/es\/wp-json\/wp\/v2\/types\/post"}],"author":[{"embeddable":true,"href":"https:\/\/www.europesays.com\/es\/wp-json\/wp\/v2\/users\/2"}],"replies":[{"embeddable":true,"href":"https:\/\/www.europesays.com\/es\/wp-json\/wp\/v2\/comments?post=122699"}],"version-history":[{"count":0,"href":"https:\/\/www.europesays.com\/es\/wp-json\/wp\/v2\/posts\/122699\/revisions"}],"wp:featuredmedia":[{"embeddable":true,"href":"https:\/\/www.europesays.com\/es\/wp-json\/wp\/v2\/media\/122700"}],"wp:attachment":[{"href":"https:\/\/www.europesays.com\/es\/wp-json\/wp\/v2\/media?parent=122699"}],"wp:term":[{"taxonomy":"category","embeddable":true,"href":"https:\/\/www.europesays.com\/es\/wp-json\/wp\/v2\/categories?post=122699"},{"taxonomy":"post_tag","embeddable":true,"href":"https:\/\/www.europesays.com\/es\/wp-json\/wp\/v2\/tags?post=122699"}],"curies":[{"name":"wp","href":"https:\/\/api.w.org\/{rel}","templated":true}]}}