{"id":122705,"date":"2025-09-18T09:29:09","date_gmt":"2025-09-18T09:29:09","guid":{"rendered":"https:\/\/www.europesays.com\/es\/122705\/"},"modified":"2025-09-18T09:29:09","modified_gmt":"2025-09-18T09:29:09","slug":"los-arquitectos-distinguen-dos-joyas-del-modernismo-en-bermeo-y-markina","status":"publish","type":"post","link":"https:\/\/www.europesays.com\/es\/122705\/","title":{"rendered":"Los arquitectos distinguen dos joyas del modernismo en Bermeo y Markina"},"content":{"rendered":"<p class=\"v-mdl-ath__p v-mdl-ath__p--6\">\nMi\u00e9rcoles, 17 de septiembre 2025, 17:50<\/p>\n<p class=\"v-p\">La arquitectura moderna se desarroll\u00f3 durante las d\u00e9cadas centrales del siglo XX con el dise\u00f1o y la eficacia como pilares y apostando por el uso de materiales como el hormig\u00f3n, acero y vidrio, seg\u00fan expertos en la materia.<\/p>\n<p class=\"v-p\">Para no olvidar el valor de esas construcciones, defenderlas de posibles derribos y ponerlas en valor, la delegaci\u00f3n vizca\u00edna del Colegio Oficial de Arquitectos Vasco-Navarro, colocar\u00e1 este a\u00f1o la placa Docomomo a dos inmuebles significativos de la costa; el batzoki de Bermeo y el edificio Esperanza y C\u00eda, de Markina.<\/p>\n<p class=\"v-p\">\u00abConstituye una llamada de atenci\u00f3n sobre el patrimonio del siglo XX, cuya fragilidad requiere especial atenci\u00f3n\u00bb, se\u00f1alaron desde la Fundaci\u00f3n internacional del mismo nombre que este a\u00f1o instalar\u00e1 30 placas y que fue creada en 1990 con el objetivo de inventariar, divulgar y proteger los edificios paradigm\u00e1ticos de la arquitectura moderna.<\/p>\n<p class=\"v-p\">El primer reconocimiento tendr\u00e1 lugar la jornada del martes d\u00eda 7 en Markina (17.30h) con un acto en el que se visibilizar\u00e1 el valor de un destacado ejemplo del racionalismo y art d\u00e9co en la arquitectura industrial vasca, dise\u00f1ada por Castor Uriarte. El edificio que acogi\u00f3 la antigua f\u00e1brica de armas Esperanza y C\u00eda, est\u00e1 considerada como una de las primeras obras del racionalismo en Bizkaia.<\/p>\n<p class=\"v-p\">\u00abAleros de peque\u00f1\u00edsimo canto, cubiertas planas, grandes superficies acristaladas, adem\u00e1s de mirador y balc\u00f3n semicircular con barandilla de simple dise\u00f1o lineal que remarca la horizontalidad son elementos que contribuyen a su imagen equilibrada y proporciona\u00bb, se\u00f1alan.<\/p>\n<p>Innovador<\/p>\n<p class=\"v-p\">En Bermeo el reconocimiento se celebrar\u00e1 la jornada del 13 y tambi\u00e9n contar\u00e1 con la presencia de un experto (17.30h) que detallar\u00e1 el valor del batzoki, del arquitecto Pedro Ispizua, uno de los referentes en el movimiento racionalista y modernista vasco y europeo natural de la villa marinera.<\/p>\n<p class=\"v-p\">\u00abEl aspecto formal del edificio era tan innovador que la obra la paraliz\u00f3 el gobernador socialista Amilibia. Diferentes parlamentarios vascos como Agirre, Leizaola o Egileor tuvieron que intervenir ante Indalecio Prieto, ministro de Obras P\u00fablicas, para levantar el veto\u00bb, a\u00f1aden.<\/p>\n<p class=\"v-p\">El inmueble, detallan, destaca por la fuerza pl\u00e1stica de los vol\u00famenes y su articulaci\u00f3n equilibrada a lo largo de la fachada. \u00abEl resultado es un conjunto claramente expresionista, pero en el que la modernidad se hace evidente en la composici\u00f3n de huecos rasgados, la disoluci\u00f3n de las esquinas y las referencias n\u00e1uticas de las barandillas y el remate a modo de puente de mando\u00bb.<\/p>\n<p>Comenta<\/p>\n<p>Reporta un error<\/p>\n","protected":false},"excerpt":{"rendered":"Mi\u00e9rcoles, 17 de septiembre 2025, 17:50 La arquitectura moderna se desarroll\u00f3 durante las d\u00e9cadas centrales del siglo XX&hellip;\n","protected":false},"author":2,"featured_media":122706,"comment_status":"","ping_status":"","sticky":false,"template":"","format":"standard","meta":{"footnotes":""},"categories":[173],"tags":[3739,229,233,231,230,39524,232,234,40302,1563,146,147,25,24,4016,40304,40303,23],"class_list":{"0":"post-122705","1":"post","2":"type-post","3":"status-publish","4":"format-standard","5":"has-post-thumbnail","7":"category-arte-y-diseno","8":"tag-arquitectos","9":"tag-arte","10":"tag-arte-y-diseno","11":"tag-arts","12":"tag-arts-and-design","13":"tag-bermeo","14":"tag-design","15":"tag-diseno","16":"tag-distinguen","17":"tag-dos","18":"tag-entertainment","19":"tag-entretenimiento","20":"tag-es","21":"tag-espana","22":"tag-joyas","23":"tag-markina","24":"tag-modernismo","25":"tag-spain"},"share_on_mastodon":{"url":"","error":""},"_links":{"self":[{"href":"https:\/\/www.europesays.com\/es\/wp-json\/wp\/v2\/posts\/122705","targetHints":{"allow":["GET"]}}],"collection":[{"href":"https:\/\/www.europesays.com\/es\/wp-json\/wp\/v2\/posts"}],"about":[{"href":"https:\/\/www.europesays.com\/es\/wp-json\/wp\/v2\/types\/post"}],"author":[{"embeddable":true,"href":"https:\/\/www.europesays.com\/es\/wp-json\/wp\/v2\/users\/2"}],"replies":[{"embeddable":true,"href":"https:\/\/www.europesays.com\/es\/wp-json\/wp\/v2\/comments?post=122705"}],"version-history":[{"count":0,"href":"https:\/\/www.europesays.com\/es\/wp-json\/wp\/v2\/posts\/122705\/revisions"}],"wp:featuredmedia":[{"embeddable":true,"href":"https:\/\/www.europesays.com\/es\/wp-json\/wp\/v2\/media\/122706"}],"wp:attachment":[{"href":"https:\/\/www.europesays.com\/es\/wp-json\/wp\/v2\/media?parent=122705"}],"wp:term":[{"taxonomy":"category","embeddable":true,"href":"https:\/\/www.europesays.com\/es\/wp-json\/wp\/v2\/categories?post=122705"},{"taxonomy":"post_tag","embeddable":true,"href":"https:\/\/www.europesays.com\/es\/wp-json\/wp\/v2\/tags?post=122705"}],"curies":[{"name":"wp","href":"https:\/\/api.w.org\/{rel}","templated":true}]}}