{"id":122707,"date":"2025-09-18T09:30:20","date_gmt":"2025-09-18T09:30:20","guid":{"rendered":"https:\/\/www.europesays.com\/es\/122707\/"},"modified":"2025-09-18T09:30:20","modified_gmt":"2025-09-18T09:30:20","slug":"que-libro-sobre-ia-recomienda-bill-gates","status":"publish","type":"post","link":"https:\/\/www.europesays.com\/es\/122707\/","title":{"rendered":"Qu\u00e9 libro sobre IA recomienda Bill Gates"},"content":{"rendered":"<p><img alt=\"Bill Gates, cofundador de Microsoft\" class=\"global-image\" decoding=\"async\" fetchpriority=\"high\" height=\"3090\" loading=\"eager\" src=\"https:\/\/www.europesays.com\/es\/wp-content\/uploads\/2025\/09\/F4OJAVIGWBGGTFHJ3WWWM3CRBE.jpg\" width=\"4635\"\/>Bill Gates, cofundador de Microsoft y fil\u00e1ntropo, ha sugerido un libro que considera fundamental para entender la inteligencia artificial. REUTERS\/Ajeng Dinar Ulfiana\/File Photo<\/p>\n<p class=\"paragraph\"><a href=\"https:\/\/www.infobae.com\/tag\/bill-gates\/\" target=\"_blank\" rel=\"noreferrer nofollow noopener\" title=\"https:\/\/www.infobae.com\/tag\/bill-gates\/\"><b>Bill Gates<\/b><\/a><b>, cofundador de Microsoft y reconocido fil\u00e1ntropo, ha recomendado un libro que, en su opini\u00f3n, resulta clave para comprender la <\/b><a href=\"https:\/\/www.infobae.com\/tag\/inteligencia-artificial\/\" target=\"_blank\" rel=\"noreferrer nofollow noopener\" title=\"https:\/\/www.infobae.com\/tag\/inteligencia-artificial\/\"><b>inteligencia artificial<\/b><\/a><b>. <\/b>Se trata de \u2018The Coming Wave\u2019 (\u2019La ola por venir\u2018), escrito por Mustafa Suleyman, el cual analiza el auge de esta tecnolog\u00eda y su impacto en distintos niveles de la sociedad actual.<\/p>\n<p class=\"paragraph\">Si bien el libro se centra en la inteligencia artificial, Suleyman no la plantea como un fen\u00f3meno aislado. <\/p>\n<p class=\"paragraph\">De acuerdo con Gates, la obra resalta una \u201cconvergencia sin precedentes\u201d de avances cient\u00edficos, que abarcan desde la edici\u00f3n gen\u00e9tica hasta la s\u00edntesis de ADN y otros desarrollos en biotecnolog\u00eda.<\/p>\n<p><img alt=\"Este libro sobre IA fue\" class=\"global-image\" decoding=\"async\" fetchpriority=\"low\" height=\"875\" loading=\"lazy\" src=\"https:\/\/www.europesays.com\/es\/wp-content\/uploads\/2025\/09\/AJOP4Q3SBVHHDGRT3BKLVCQ7IY.jpeg\" width=\"1400\"\/>Este libro sobre IA fue escrito por Mustafa Suleyman, cofundador de DeepMind. (Blog &#8211; Bill Gates)<\/p>\n<p class=\"paragraph\">En la rese\u00f1a de su libro, Gates se\u00f1ala tres riesgos principales vinculados con la inteligencia artificial y las tecnolog\u00edas afines, los mismos que \u2019The Coming Wave\u2019 desarrolla con mayor profundidad:<\/p>\n<ul data-icon=\"\u2b24\" class=\"list\">\n<li data-icon=\"\u2b24\"><b>Impacto econ\u00f3mico:<\/b> la IA podr\u00eda transformar de manera radical el mundo laboral, afectando puestos en casi todos los sectores, incluso aquellos que antes se consideraban menos vulnerables a la automatizaci\u00f3n.<\/li>\n<li data-icon=\"\u2b24\"><b>El desaf\u00edo del control:<\/b> conforme los sistemas se vuelven m\u00e1s sofisticados, garantizar que se mantengan alineados con los valores y objetivos humanos representa un reto crucial.<\/li>\n<li data-icon=\"\u2b24\"><b>Uso indebido por actores maliciosos:<\/b> la facilidad de acceso a estas tecnolog\u00edas abre la puerta a ciberataques, creaci\u00f3n de armas biol\u00f3gicas o amenazas a la seguridad nacional.<\/li>\n<\/ul>\n<p><img alt=\"En su an\u00e1lisis del libro,\" class=\"global-image\" decoding=\"async\" fetchpriority=\"low\" height=\"2298\" loading=\"lazy\" src=\"https:\/\/www.europesays.com\/es\/wp-content\/uploads\/2025\/09\/XJM2YAK2JNDXXFSMSHVIEP5PKU.JPG\" width=\"3371\"\/>En su an\u00e1lisis del libro, Gates destaca tres riesgos fundamentales relacionados con la inteligencia artificial y las tecnolog\u00edas asociadas.  REUTERS\/Brian Snyder<\/p>\n<p class=\"paragraph\">Este \u00faltimo riesgo conecta con el concepto central del libro: la <b>\u201ccontenci\u00f3n\u201d<\/b>. Suleyman plantea la pregunta esencial: \u201c\u00bfC\u00f3mo contener los peligros de estas tecnolog\u00edas sin eliminar sus beneficios?\u201d. <\/p>\n<p class=\"paragraph\"><b>Gates destaca que este dilema es clave<\/b>, ya que sin un marco de contenci\u00f3n, los riesgos derivados de la IA y la biotecnolog\u00eda podr\u00edan volverse incontrolables.<\/p>\n<p class=\"paragraph\">Suleyman no solo se\u00f1ala los riesgos, tambi\u00e9n propone soluciones concretas. Entre las medidas t\u00e9cnicas, resalta la creaci\u00f3n de un \u201cbot\u00f3n de emergencia\u201d capaz de desactivar los sistemas de IA en caso de p\u00e9rdida de control. <\/p>\n<p class=\"paragraph\">Asimismo, plantea la necesidad de transformaciones institucionales profundas, como la firma de tratados internacionales, el desarrollo de marcos regulatorios actualizados y una colaboraci\u00f3n sin precedentes entre gobiernos, empresas y la comunidad cient\u00edfica.<\/p>\n<p><img alt=\"Gates enfatiza que este dilema\" class=\"global-image\" decoding=\"async\" fetchpriority=\"low\" height=\"1080\" loading=\"lazy\" src=\"https:\/\/www.europesays.com\/es\/wp-content\/uploads\/2025\/09\/FDDMGYY5KRBKLEHPERIXYBZYGI.png\" width=\"1920\"\/>Gates enfatiza que este dilema es crucial, pues sin un marco de contenci\u00f3n los riesgos de la IA y la biotecnolog\u00eda podr\u00edan escapar a todo control. (Foto: Imagen ilustrativa)<\/p>\n<p class=\"paragraph\">No obstante, <b>Gates reconoce que estas medidas ser\u00e1n dif\u00edciles de aplicar.<\/b> A diferencia de tecnolog\u00edas disruptivas como las armas nucleares, cuya expansi\u00f3n pudo restringirse mediante controles f\u00edsicos, la IA y la biotecnolog\u00eda resultan mucho m\u00e1s accesibles y dif\u00edciles de supervisar. <\/p>\n<p class=\"paragraph\">Adem\u00e1s, su naturaleza de \u201cuso dual\u201d, con aplicaciones tanto positivas como potencialmente da\u00f1inas, vuelve poco realista cualquier intento de prohibici\u00f3n total.<\/p>\n<p class=\"paragraph\">Pese a estas dificultades, Gates conserva una visi\u00f3n optimista respecto al futuro. Para \u00e9l, la clave est\u00e1 en actuar con conocimiento y cooperaci\u00f3n, aprovechando que a\u00fan existe margen para influir en el rumbo de estas tecnolog\u00edas. <\/p>\n<ul data-icon=\"\u2b24\" class=\"list\">\n<li data-icon=\"\u2b24\">&#8216;<b>Historia Personal<\/b>&#8216;<b>\u00a0de Katharine Graham.<\/b><\/li>\n<\/ul>\n<p class=\"paragraph\">Entre los libros recomendados por Bill Gates figura \u2018Historia personal\u2019, las memorias de Katharine Graham, la editora que lider\u00f3 The Washington Post durante el esc\u00e1ndalo Watergate.<\/p>\n<p><img alt=\"Gates se\u00f1ala que un art\u00edculo\" class=\"global-image\" decoding=\"async\" fetchpriority=\"low\" height=\"1855\" loading=\"lazy\" src=\"https:\/\/www.europesays.com\/es\/wp-content\/uploads\/2025\/09\/PRBWVOXJYRCZ3I6ESTGOTHQXC4.jpg\" width=\"2849\"\/>Gates se\u00f1ala que un art\u00edculo de Kristof publicado en 1997 sobre la mortalidad infantil por diarrea tuvo un fuerte impacto en su visi\u00f3n filantr\u00f3pica. REUTERS\/Mike Segar<\/p>\n<p class=\"paragraph\"><b>La obra, galardonada con el Pulitzer en 1998<\/b>, relata su vida privada, sus relaciones familiares, sus v\u00ednculos con presidentes estadounidenses y los desaf\u00edos de dirigir un medio en tiempos turbulentos.<\/p>\n<p class=\"paragraph\">Gates, quien conoci\u00f3 a Graham en 1991, la describi\u00f3 como una l\u00edder inesperada pero ejemplar, destacando su valent\u00eda al defender la cobertura de los Papeles del Pent\u00e1gono y Watergate, as\u00ed como su papel clave en transformar el peri\u00f3dico.<\/p>\n<ul data-icon=\"\u2b24\" class=\"list\">\n<li data-icon=\"\u2b24\">&#8216;<b>En busca de la esperanza<\/b>&#8216;<b>\u00a0de Nicholas Kristof.<\/b><\/li>\n<\/ul>\n<p class=\"paragraph\"><b>\u2018En busca de la esperanza\u2019, las memorias del periodista Nicholas Kristof, recorre m\u00e1s de cuatro d\u00e9cadas de trabajo en zonas de conflicto<\/b>, pobreza extrema y crisis humanitarias.<\/p>\n<p class=\"paragraph\">Gates destaca que un art\u00edculo de Kristof en 1997, sobre la mortalidad infantil por diarrea, influy\u00f3 profundamente en su enfoque filantr\u00f3pico. Desde entonces, ha seguido su trayectoria, marcada por reportajes desde m\u00e1s de 150 pa\u00edses.<\/p>\n","protected":false},"excerpt":{"rendered":"Bill Gates, cofundador de Microsoft y fil\u00e1ntropo, ha sugerido un libro que considera fundamental para entender la inteligencia&hellip;\n","protected":false},"author":2,"featured_media":122708,"comment_status":"","ping_status":"","sticky":false,"template":"","format":"standard","meta":{"footnotes":""},"categories":[172],"tags":[4820,224,146,147,25,24,8406,225,23],"class_list":{"0":"post-122707","1":"post","2":"type-post","3":"status-publish","4":"format-standard","5":"has-post-thumbnail","7":"category-libros","8":"tag-asia-pacific","9":"tag-books","10":"tag-entertainment","11":"tag-entretenimiento","12":"tag-es","13":"tag-espana","14":"tag-jakarta","15":"tag-libros","16":"tag-spain"},"share_on_mastodon":{"url":"","error":""},"_links":{"self":[{"href":"https:\/\/www.europesays.com\/es\/wp-json\/wp\/v2\/posts\/122707","targetHints":{"allow":["GET"]}}],"collection":[{"href":"https:\/\/www.europesays.com\/es\/wp-json\/wp\/v2\/posts"}],"about":[{"href":"https:\/\/www.europesays.com\/es\/wp-json\/wp\/v2\/types\/post"}],"author":[{"embeddable":true,"href":"https:\/\/www.europesays.com\/es\/wp-json\/wp\/v2\/users\/2"}],"replies":[{"embeddable":true,"href":"https:\/\/www.europesays.com\/es\/wp-json\/wp\/v2\/comments?post=122707"}],"version-history":[{"count":0,"href":"https:\/\/www.europesays.com\/es\/wp-json\/wp\/v2\/posts\/122707\/revisions"}],"wp:featuredmedia":[{"embeddable":true,"href":"https:\/\/www.europesays.com\/es\/wp-json\/wp\/v2\/media\/122708"}],"wp:attachment":[{"href":"https:\/\/www.europesays.com\/es\/wp-json\/wp\/v2\/media?parent=122707"}],"wp:term":[{"taxonomy":"category","embeddable":true,"href":"https:\/\/www.europesays.com\/es\/wp-json\/wp\/v2\/categories?post=122707"},{"taxonomy":"post_tag","embeddable":true,"href":"https:\/\/www.europesays.com\/es\/wp-json\/wp\/v2\/tags?post=122707"}],"curies":[{"name":"wp","href":"https:\/\/api.w.org\/{rel}","templated":true}]}}