{"id":122709,"date":"2025-09-18T09:31:07","date_gmt":"2025-09-18T09:31:07","guid":{"rendered":"https:\/\/www.europesays.com\/es\/122709\/"},"modified":"2025-09-18T09:31:07","modified_gmt":"2025-09-18T09:31:07","slug":"asi-se-reparten-sus-ganancias-y-solo-uno-toma-decisiones","status":"publish","type":"post","link":"https:\/\/www.europesays.com\/es\/122709\/","title":{"rendered":"as\u00ed se reparten sus ganancias y solo uno toma decisiones"},"content":{"rendered":"<p class=\"c-paragraph\">Las declaraciones de Lucas, en las que se mostraba muy duro con Andy, ha provocado una especie de guerra fr\u00eda dentro del d\u00fao que deja m\u00e1s que nunca su futuro profesional en el aire.<\/p>\n<p class=\"c-paragraph\">Lucas, la mitad del d\u00fao, hizo unas duras manifestaciones en el programa\u00a0de Mediaset Infinity\u00a0Me quedo conmigo, presentado por la psic\u00f3loga Alicia Gonz\u00e1lez, en el que\u00a0<a href=\"https:\/\/www.20minutos.es\/gente\/lucas-duro-destapa-verdadera-personalidad-andy-quiero-tirarle-suelos-disciplina-vale_6243321_0.html\" rel=\"nofollow noopener\" target=\"_blank\">su compa\u00f1ero no quedaba bien parado<\/a>.<\/p>\n<p class=\"c-paragraph\">\u00abNo quiero tirarle por los suelos, pero no tiene disciplina. [&#8230;] No vale para hacer eso. Es como si yo intento ser c\u00e1mara, pues no valgo. No quiero dejarlo por los suelos, pero es que no\u00bb, son sus duras palabras.<\/p>\n<p class=\"c-paragraph\">Desde que salieron a la luz dichas declaraciones, Andy no ha parado de compartir en sus redes sociales\u00a0<b><b><b><b>llamativos mensajes<\/b><\/b><\/b><\/b>\u00a0que sus seguidores interpretan como\u00a0<a href=\"https:\/\/www.20minutos.es\/gente\/andy-comparte-nuevas-indirectas-tras-las-palabras-lucas-hacia-que-falla-encuentra-una-forma-hacerse-victima_6326238_0.html\" rel=\"nofollow noopener\" target=\"_blank\">claras indirectas hacia Lucas<\/a>.<\/p>\n<p class=\"c-paragraph\">\u00ab<b><b><b><b>Gana en silencio, deja que piensen que est\u00e1s perdiendo\u00bb<\/b><\/b><\/b><\/b>, fue\u00a0<a href=\"https:\/\/www.20minutos.es\/gente\/llamativa-publicacion-andy-tras-las-polemicas-declaraciones-lucas-gana-silencio-que-piensen-que-estas-perdiendo_6325363_0.html\" title=\"La llamativa publicaci\u00f3n de Andy tras las pol\u00e9micas declaraciones de Lucas: \" rel=\"nofollow noopener\" target=\"_blank\">la primera de las frases<\/a>\u00a0que el cantante ha compartido a trav\u00e9s de una historia de Instagram. Tras ella, le han seguido varias citas m\u00e1s que alientan los rumores de una mala relaci\u00f3n entre ellos.<\/p>\n<p class=\"c-paragraph\">\u00abToda deuda se paga. Toda verdad se releva. Ley de vida\u00bb, \u00abNo gastes energ\u00eda probando nada,<b><b><b><b>\u00a0el tiempo siempre pone la verdad donde todos puedas verla.<\/b><\/b><\/b><\/b>\u00a0Paciencia\u00bb o \u00abNo subestimes al que no habla mucho. Mientras t\u00fa te muestras, \u00e9l te estudia\u00bb, son alguans de ellas.<\/p>\n<p class=\"c-paragraph\">Sin embargo, la que m\u00e1s ha llamado la atenci\u00f3n es la siguiente: \u00abEs curioso c\u00f3mo el que falla,<b><b><b><b>\u00a0siempre encuentra una forma de hacerse la v\u00edctima<\/b><\/b><\/b><\/b>\u00ab. Todas estas frases no llevan ninguna aclaraci\u00f3n m\u00e1s all\u00e1 de lo que dicen, pero todo apunta a que ser\u00eda la manera que est\u00e1 empleando Andy de responder a las duras palabras de Lucas hacia \u00e9l.<\/p>\n<p>Decisiones empresariales<\/p>\n<p class=\"c-paragraph\">Sobre <b>c\u00f3mo funcionan, y la forma en la que se reparten los beneficios y qui\u00e9n toma las decisiones empresariales<\/b>, Lucas tambi\u00e9n ha dado detalles. \u00abNo quiero tirarle por los suelos, pero no tiene disciplina\u00bb, hac\u00eda hincapi\u00e9.\u00a0<b><b>\u00abNo vale para hacer eso.<\/b><\/b>\u00a0Es como si yo intento ser c\u00e1mara, pues no valgo. No quiero dejarlo por los suelos, pero es que no\u00bb.<\/p>\n<p class=\"c-paragraph\">Se refierea sus roles dentro del grupo: \u00abLe dije que iba a ser yo el empresario del grupo, porque era el m\u00e1s solvente.\u00a0<b><b>Yo puse el dinero<\/b><\/b>\u00a0y desde entonces lo llevo todo. Yo soy el que pago a los m\u00fasicos, yo soy el que pago por sonido, yo soy el que pago al propio Andy, el que lleva el\u00a0merchandising, el que habla con nuestro representante&#8230;\u00bb.<\/p>\n<p class=\"c-paragraph\">\u00abSon horas, horas y horas y horas al tel\u00e9fono, son horas que no he estado con mi familia, son enfados, mosqueos&#8230;Y durante tantos a\u00f1os los primeros s\u00edntomas de la cardiopat\u00eda han venido de ah\u00ed. <b>T<b>engo la sensaci\u00f3n de que muchas veces llevo la vida de 34 familias<\/b><\/b>\u00ab, sostiene.\u00a0<\/p>\n<p class=\"c-paragraph\">Por su parte,\u00a0<b><b>Andy, se\u00f1ala, \u00abquiere estar tranquilo en su casa\u00bb:<\/b><\/b>\u00a0\u00abEs una persona que\u00a0<b><b>no coge apenas el m\u00f3vil<\/b><\/b>. Y lo respeto, porque tambi\u00e9n si los dos estuvi\u00e9ramos dedicados al mundo empresarial seguramente Andy y Lucas hace tiempo que no estar\u00eda, porque\u00a0<b><b>somos de distinta manera<\/b><\/b>. Yo soy m\u00e1s el\u00e9ctrico, y a lo mejor estar\u00edamos todo el d\u00eda discutiendo\u00bb.<\/p>\n<p class=\"c-paragraph\">Tambi\u00e9n deja claro que <b>ganan \u00ablo mismo\u00bb<\/b>: \u00abEs verdad que yo he compuesto muchas de las canciones y cobro m\u00e1s por los derechos de autor, pero el resto es igual. Siempre he pensado que somos uno\u00bb.<\/p>\n<p class=\"c-paragraph\">Lucas tambi\u00e9n aborda la separaci\u00f3n o no del d\u00fao y de su futuro musical. Fue en una entrevista para\u00a0El Hormiguero\u00a0cuando hace un a\u00f1o y medio cuando los cantantes anunciaron que iban a\u00a0<b><b><b><b>poner fin a su relaci\u00f3n art\u00edstica<\/b><\/b><\/b><\/b>. Para ello, el d\u00fao se est\u00e1 despidiendo de sus fans con la gira\u00a0Nuestros \u00daltimos Acordes,\u00a0que finaliza el pr\u00f3ximo 10 de octubre en el Palacio de Vistalegre (Madrid).<\/p>\n<p class=\"c-paragraph\">\u00ab<b><b>Despu\u00e9s de la gira vendr\u00e1 el momento de estar tranquilo, de recapacitar, de ver c\u00f3mo est\u00e1 el mundo de la m\u00fasica, de si tenemos que renovar, si a lo mejor tenemos que cambiar<\/b><\/b>\u00a0look&#8230;\u00a0Pero yo recomiendo a todo artista que tiene que hacer un par\u00e9ntesis en su carrera, un descanso, porque estar siempre en la palestra te quema\u00bb, sostiene el artista en Mediaset.<\/p>\n<p class=\"c-paragraph\">En este sentido, dice:\u00a0\u00ab<b><b><a href=\"https:\/\/www.20minutos.es\/gente\/lucas-sorprende-sobre-separacion-andy-su-futuro-musical-se-que-no-quiero_6327207_0.html\" rel=\"nofollow noopener\" target=\"_blank\">S\u00e9 lo que no quiero ni deseo<\/a>, y es cantar en un futuro en solitario<\/b><\/b>. No me veo de verdad, de hecho me siento raro aqu\u00ed hablando contigo sin Andy. Siempre hemos estado los dos, entonces ahora mismo no me veo cantando solo. \u00c9l es mi media naranja, mi amigo, mi familia y y no s\u00e9, tengo uso de raz\u00f3n, miro para un lado y siempre ha estado \u00e9l\u00bb.<\/p>\n","protected":false},"excerpt":{"rendered":"Las declaraciones de Lucas, en las que se mostraba muy duro con Andy, ha provocado una especie de&hellip;\n","protected":false},"author":2,"featured_media":122710,"comment_status":"","ping_status":"","sticky":false,"template":"","format":"standard","meta":{"footnotes":""},"categories":[171],"tags":[8722,146,147,25,24,9200,12724,7745,23,20899,214],"class_list":{"0":"post-122709","1":"post","2":"type-post","3":"status-publish","4":"format-standard","5":"has-post-thumbnail","7":"category-tv","8":"tag-asi","9":"tag-entertainment","10":"tag-entretenimiento","11":"tag-es","12":"tag-espana","13":"tag-ganancias","14":"tag-reparten","15":"tag-se","16":"tag-spain","17":"tag-sus","18":"tag-tv"},"share_on_mastodon":{"url":"","error":""},"_links":{"self":[{"href":"https:\/\/www.europesays.com\/es\/wp-json\/wp\/v2\/posts\/122709","targetHints":{"allow":["GET"]}}],"collection":[{"href":"https:\/\/www.europesays.com\/es\/wp-json\/wp\/v2\/posts"}],"about":[{"href":"https:\/\/www.europesays.com\/es\/wp-json\/wp\/v2\/types\/post"}],"author":[{"embeddable":true,"href":"https:\/\/www.europesays.com\/es\/wp-json\/wp\/v2\/users\/2"}],"replies":[{"embeddable":true,"href":"https:\/\/www.europesays.com\/es\/wp-json\/wp\/v2\/comments?post=122709"}],"version-history":[{"count":0,"href":"https:\/\/www.europesays.com\/es\/wp-json\/wp\/v2\/posts\/122709\/revisions"}],"wp:featuredmedia":[{"embeddable":true,"href":"https:\/\/www.europesays.com\/es\/wp-json\/wp\/v2\/media\/122710"}],"wp:attachment":[{"href":"https:\/\/www.europesays.com\/es\/wp-json\/wp\/v2\/media?parent=122709"}],"wp:term":[{"taxonomy":"category","embeddable":true,"href":"https:\/\/www.europesays.com\/es\/wp-json\/wp\/v2\/categories?post=122709"},{"taxonomy":"post_tag","embeddable":true,"href":"https:\/\/www.europesays.com\/es\/wp-json\/wp\/v2\/tags?post=122709"}],"curies":[{"name":"wp","href":"https:\/\/api.w.org\/{rel}","templated":true}]}}