{"id":122713,"date":"2025-09-18T09:33:08","date_gmt":"2025-09-18T09:33:08","guid":{"rendered":"https:\/\/www.europesays.com\/es\/122713\/"},"modified":"2025-09-18T09:33:08","modified_gmt":"2025-09-18T09:33:08","slug":"la-primera-escuela-la-pelicula-que-es-un-canto-a-la-labor-social-menos-reconocida-de-la-historia","status":"publish","type":"post","link":"https:\/\/www.europesays.com\/es\/122713\/","title":{"rendered":"&#8216;La primera escuela&#8217;, la pel\u00edcula que es un canto a la labor social menos reconocida de la historia"},"content":{"rendered":"<p class=\"paragraph\">El<b> <\/b>director franc\u00e9s<b> \u00c9ric Besnard<\/b> lleva una racha estupenda. Tras una larga e irregular filmograf\u00eda parece que ha encontrado definitivamente su mejor tono, curiosamente coincidiendo con sus trabajos con el actor Gr\u00e9gory Gadebois. En Delicioso (2021) nos cont\u00f3 una historia gastron\u00f3mica llena de humanidad; en Las cosas sencillas (2023) volv\u00eda a reivindicar formas m\u00e1s humanas de vivir; ahora, con <b>La primera escuela<\/b> nos brinda un <b>hermoso homenaje al duro ejercicio de la profesi\u00f3n de maestro rural en el siglo XIX<\/b>.<\/p>\n<p class=\"paragraph\">A finales del siglo XIX, Louise Violet (Alexandra Lamy), una mujer implicada en la Comuna de Par\u00eds de 1871, es destinada como maestra a un peque\u00f1o pueblo de campesinos en la hermosa campi\u00f1a francesa. All\u00ed nadie la espera ni la quiere, pero el alcalde y terrateniente Joseph (Gr\u00e9gory Gadebois), que adem\u00e1s es el carpintero del pueblo, se ve obligado por ley a acogerla y darle un techo. No tiene casa, ni escuela, ni ni\u00f1os as\u00ed que Violet se ver\u00e1 obligada a partir de cero y reinventarse a s\u00ed misma para conseguir cumplir su misi\u00f3n. Los habitantes del pueblo est\u00e1n convencidos de que sus hijos deben echarles una mano en casa y en el campo y que la educaci\u00f3n es para los ricos.<\/p>\n<p class=\"paragraph\">La <b>pel\u00edcula de Besnard <\/b>ofrece, como Delicioso, diversos niveles de lectura que van del pasado al presente. Por un lado ofrece una revisi\u00f3n hist\u00f3rica feminista, al denunciar una \u00e9poca en la que a la mujer no se le presum\u00edan capacidades profesionales ni intelectuales como para estudiar una carrera como Magisterio. Violet encarna, por el contrario, a una mujer implicada en la pol\u00edtica, fot\u00f3grafa pseudoprofesional, licenciada, soltera y autosuficiente econ\u00f3micamente, que tiene que enfrentarse a un mundo hostil y lleno de prejuicios.<\/p>\n<p class=\"paragraph\">Otro nivel es el elogio a los ideales ilustrados de la escuela republicana francesa, laica, gratuita y obligatoria. Afortunadamente no lo hace contraponi\u00e9ndola a la Iglesia cat\u00f3lica, ya que el p\u00e1rroco del lugar aparece bastante bien tratado en el filme. De hecho, la protagonista parece tener m\u00e1s prejuicios contra el sacerdote que al rev\u00e9s. Pero ambos saben lo dif\u00edcil que es luchar contra la ignorancia y contra la fuerza de la rutina y de lo ya sabido. Tambi\u00e9n a Besnard hay que reconocerle la habilidad de recrear cre\u00edblemente la Francia moderna rural; lo hizo con la Francia revolucionaria en Delicioso y con la III Rep\u00fablica en la actual.<\/p>\n<p class=\"paragraph\"><b>T\u00e9cnicamente la pel\u00edcula cuenta con mucho oficio<\/b> en su haber: <b>magn\u00edficos int\u00e9rpretes y un guion lleno de giros bien pensados<\/b>. La magn\u00edfica fotograf\u00eda de Laurent Dailland nos ofrece unos hermosos paisajes buc\u00f3licos de la vida del campo en la Francia rural del siglo XIX, vestidos con una estupenda partitura de Christophe Julien. El resultado es una pel\u00edcula grata de ver, interesante, no especialmente ideol\u00f3gica y que adem\u00e1s reivindica el reconocimiento a una de las profesiones m\u00e1s importantes y peor tratadas de nuestra sociedad.<\/p>\n","protected":false},"excerpt":{"rendered":"El director franc\u00e9s \u00c9ric Besnard lleva una racha estupenda. Tras una larga e irregular filmograf\u00eda parece que ha&hellip;\n","protected":false},"author":2,"featured_media":122714,"comment_status":"","ping_status":"","sticky":false,"template":"","format":"standard","meta":{"footnotes":""},"categories":[169],"tags":[177,146,147,25,24,176,175,23],"class_list":{"0":"post-122713","1":"post","2":"type-post","3":"status-publish","4":"format-standard","5":"has-post-thumbnail","7":"category-cine","8":"tag-cine","9":"tag-entertainment","10":"tag-entretenimiento","11":"tag-es","12":"tag-espana","13":"tag-film","14":"tag-movies","15":"tag-spain"},"share_on_mastodon":{"url":"","error":""},"_links":{"self":[{"href":"https:\/\/www.europesays.com\/es\/wp-json\/wp\/v2\/posts\/122713","targetHints":{"allow":["GET"]}}],"collection":[{"href":"https:\/\/www.europesays.com\/es\/wp-json\/wp\/v2\/posts"}],"about":[{"href":"https:\/\/www.europesays.com\/es\/wp-json\/wp\/v2\/types\/post"}],"author":[{"embeddable":true,"href":"https:\/\/www.europesays.com\/es\/wp-json\/wp\/v2\/users\/2"}],"replies":[{"embeddable":true,"href":"https:\/\/www.europesays.com\/es\/wp-json\/wp\/v2\/comments?post=122713"}],"version-history":[{"count":0,"href":"https:\/\/www.europesays.com\/es\/wp-json\/wp\/v2\/posts\/122713\/revisions"}],"wp:featuredmedia":[{"embeddable":true,"href":"https:\/\/www.europesays.com\/es\/wp-json\/wp\/v2\/media\/122714"}],"wp:attachment":[{"href":"https:\/\/www.europesays.com\/es\/wp-json\/wp\/v2\/media?parent=122713"}],"wp:term":[{"taxonomy":"category","embeddable":true,"href":"https:\/\/www.europesays.com\/es\/wp-json\/wp\/v2\/categories?post=122713"},{"taxonomy":"post_tag","embeddable":true,"href":"https:\/\/www.europesays.com\/es\/wp-json\/wp\/v2\/tags?post=122713"}],"curies":[{"name":"wp","href":"https:\/\/api.w.org\/{rel}","templated":true}]}}