{"id":122717,"date":"2025-09-18T09:35:08","date_gmt":"2025-09-18T09:35:08","guid":{"rendered":"https:\/\/www.europesays.com\/es\/122717\/"},"modified":"2025-09-18T09:35:08","modified_gmt":"2025-09-18T09:35:08","slug":"crean-una-pildora-con-huella-catalana-que-podria-ser-una-alternativa-al-ozempic","status":"publish","type":"post","link":"https:\/\/www.europesays.com\/es\/122717\/","title":{"rendered":"Crean una p\u00edldora con huella catalana que podr\u00eda ser una alternativa al Ozempic"},"content":{"rendered":"<p>BarcelonaCada vez m\u00e1s alternativas a los f\u00e1rmacos contra la obesidad como Ozempic y Wegovy se est\u00e1n abriendo camino y una de las que podr\u00edan llegar pronto al mercado tiene impronta catalana. Un ensayo cl\u00ednico internacional de fase 3, en el que ha participado el Vall d&#8217;Hebron, ha demostrado la eficacia de un nuevo f\u00e1rmaco para el tratamiento de personas con obesidad. El orforgliprono es un f\u00e1rmaco que, al igual que otros medicamentos contra la obesidad, act\u00faa sobre el receptor GLP-1, que se encuentra en diferentes c\u00e9lulas implicadas en la regulaci\u00f3n del apetito y del metabolismo en el cerebro y el tubo digestivo. Ahora bien, la diferencia entre este f\u00e1rmaco y el ya archiconocido Ozempic es que el orforgliprono se puede tomar por v\u00eda oral, en forma de c\u00e1psula o p\u00edldora, evitando as\u00ed las complicaciones o limitaciones del tratamiento inyectable.<\/p>\n<p>La investigaci\u00f3n se ha publicado en la revista The New England Journal of Medicine (NEJM) y se ha presentado en el congreso de la Asociaci\u00f3n Europea para el Estudio de la Diabetes (EASD), en Viena. Los autores prev\u00e9n que en los pr\u00f3ximos meses comience el proceso para aprobar el f\u00e1rmaco, lo que permitir\u00eda ampliar las opciones terap\u00e9uticas para estos pacientes.<\/p>\n<p>Para comprobar la eficacia del f\u00e1rmaco los investigadores siguieron durante a\u00f1o y medio la evoluci\u00f3n de 3.100 personas con obesidad pero sin diabetes de nueve pa\u00edses diferentes. En todos los casos eran adultos con un \u00edndice de masa corporal superior a 30 kg\/m2 o de entre 27 y 30 kg\/m2 con alguna complicaci\u00f3n asociada a la obesidad, como hipertensi\u00f3n, enfermedades cardiovasculares o apnea del sue\u00f1o.<\/p>\n<p>Los participantes recibieron de forma aleatoria distintas dosis del f\u00e1rmaco o dosis placebo, siempre en forma de una c\u00e1psula diaria. Adem\u00e1s esta pauta se combin\u00f3 con consejos de dieta saludable y actividad f\u00edsica. Los resultados mostraron que el tratamiento con la dosis m\u00e1s alta de orforgliprono logr\u00f3 una disminuci\u00f3n en los pacientes del 11,2% de media del peso corporal. M\u00e1s de la mitad perdieron al menos un 10% de su peso y aproximadamente uno de cada cinco lleg\u00f3 a reducirlo en m\u00e1s del 20%.<\/p>\n<p>La investigaci\u00f3n tambi\u00e9n ha registrado mejoras significativas en otros aspectos de la salud de los pacientes como la presi\u00f3n arterial, el per\u00edmetro de la cintura y los niveles de triglic\u00e9ridos y colesterol, todos ellos factores de riesgo para enfermedades cardiovasculares. Los efectos adversos m\u00e1s frecuentes fueron digestivos, generalmente leves o moderados y autolimitados, similares a otros f\u00e1rmacos para la obesidad.<\/p>\n<p>[Estamos trabajando para ampliar esta informaci\u00f3n]<\/p>\n","protected":false},"excerpt":{"rendered":"BarcelonaCada vez m\u00e1s alternativas a los f\u00e1rmacos contra la obesidad como Ozempic y Wegovy se est\u00e1n abriendo camino&hellip;\n","protected":false},"author":2,"featured_media":122718,"comment_status":"","ping_status":"","sticky":false,"template":"","format":"standard","meta":{"footnotes":""},"categories":[92],"tags":[14388,31792,8859,25,24,3380,165,2836,36163,8799,166,23],"class_list":{"0":"post-122717","1":"post","2":"type-post","3":"status-publish","4":"format-standard","5":"has-post-thumbnail","7":"category-salud","8":"tag-alternativa","9":"tag-catalana","10":"tag-crean","11":"tag-es","12":"tag-espana","13":"tag-farmaco","14":"tag-health","15":"tag-huella","16":"tag-oral","17":"tag-ozempic","18":"tag-salud","19":"tag-spain"},"share_on_mastodon":{"url":"","error":""},"_links":{"self":[{"href":"https:\/\/www.europesays.com\/es\/wp-json\/wp\/v2\/posts\/122717","targetHints":{"allow":["GET"]}}],"collection":[{"href":"https:\/\/www.europesays.com\/es\/wp-json\/wp\/v2\/posts"}],"about":[{"href":"https:\/\/www.europesays.com\/es\/wp-json\/wp\/v2\/types\/post"}],"author":[{"embeddable":true,"href":"https:\/\/www.europesays.com\/es\/wp-json\/wp\/v2\/users\/2"}],"replies":[{"embeddable":true,"href":"https:\/\/www.europesays.com\/es\/wp-json\/wp\/v2\/comments?post=122717"}],"version-history":[{"count":0,"href":"https:\/\/www.europesays.com\/es\/wp-json\/wp\/v2\/posts\/122717\/revisions"}],"wp:featuredmedia":[{"embeddable":true,"href":"https:\/\/www.europesays.com\/es\/wp-json\/wp\/v2\/media\/122718"}],"wp:attachment":[{"href":"https:\/\/www.europesays.com\/es\/wp-json\/wp\/v2\/media?parent=122717"}],"wp:term":[{"taxonomy":"category","embeddable":true,"href":"https:\/\/www.europesays.com\/es\/wp-json\/wp\/v2\/categories?post=122717"},{"taxonomy":"post_tag","embeddable":true,"href":"https:\/\/www.europesays.com\/es\/wp-json\/wp\/v2\/tags?post=122717"}],"curies":[{"name":"wp","href":"https:\/\/api.w.org\/{rel}","templated":true}]}}