{"id":122723,"date":"2025-09-18T09:38:08","date_gmt":"2025-09-18T09:38:08","guid":{"rendered":"https:\/\/www.europesays.com\/es\/122723\/"},"modified":"2025-09-18T09:38:08","modified_gmt":"2025-09-18T09:38:08","slug":"la-fed-cumple-y-baja-los-tipos-de-interes-en-la-reunion-de-septiembre","status":"publish","type":"post","link":"https:\/\/www.europesays.com\/es\/122723\/","title":{"rendered":"La FED cumple y baja los tipos de inter\u00e9s en la reuni\u00f3n de septiembre"},"content":{"rendered":"<p>Una FED dovish cumple previsiones y, tras una larga pausa, baja tipos 25 pbs hasta el 4,25%. Actualiza sus proyecciones dot plot, que arrojan 2 recortes m\u00e1s para el 2025, uno por reuni\u00f3n. Decisi\u00f3n no un\u00e1nime (11-1), Powell califica como \u201cgesti\u00f3n del riesgo\u201d ante las crecientes se\u00f1ales de debilidad del mercado laboral. Impl\u00edcitos arrojan un terminal rate en el 3%.<\/p>\n<p><img fetchpriority=\"high\" decoding=\"async\" width=\"877\" height=\"450\" src=\"https:\/\/www.europesays.com\/es\/wp-content\/uploads\/2025\/09\/image-9.png\" alt=\"\" class=\"wp-image-42026\" style=\"width:481px;height:auto\"  \/><\/p>\n<p>Las curvas que ya descontaron este escenario durante el verano, llevado el UST del 4,6% a finales de mayo, y temores sobre la posibilidad de alcanzar el 5%, a situarse en el 4% actual.<\/p>\n<p><img loading=\"lazy\" decoding=\"async\" width=\"896\" height=\"496\" src=\"https:\/\/www.europesays.com\/es\/wp-content\/uploads\/2025\/09\/1758188288_653_image-10.png\" alt=\"\" class=\"wp-image-42027\" style=\"width:486px;height:auto\"  \/><\/p>\n","protected":false},"excerpt":{"rendered":"Una FED dovish cumple previsiones y, tras una larga pausa, baja tipos 25 pbs hasta el 4,25%. Actualiza&hellip;\n","protected":false},"author":2,"featured_media":122724,"comment_status":"","ping_status":"","sticky":false,"template":"","format":"standard","meta":{"footnotes":""},"categories":[80],"tags":[82,95,94,25,24,939,921,114,34078,23194,23],"class_list":{"0":"post-122723","1":"post","2":"type-post","3":"status-publish","4":"format-standard","5":"has-post-thumbnail","7":"category-economia","8":"tag-business","9":"tag-economia","10":"tag-economy","11":"tag-es","12":"tag-espana","13":"tag-fed","14":"tag-inversion","15":"tag-mercados","16":"tag-renta-fija","17":"tag-renta-variable","18":"tag-spain"},"share_on_mastodon":{"url":"","error":""},"_links":{"self":[{"href":"https:\/\/www.europesays.com\/es\/wp-json\/wp\/v2\/posts\/122723","targetHints":{"allow":["GET"]}}],"collection":[{"href":"https:\/\/www.europesays.com\/es\/wp-json\/wp\/v2\/posts"}],"about":[{"href":"https:\/\/www.europesays.com\/es\/wp-json\/wp\/v2\/types\/post"}],"author":[{"embeddable":true,"href":"https:\/\/www.europesays.com\/es\/wp-json\/wp\/v2\/users\/2"}],"replies":[{"embeddable":true,"href":"https:\/\/www.europesays.com\/es\/wp-json\/wp\/v2\/comments?post=122723"}],"version-history":[{"count":0,"href":"https:\/\/www.europesays.com\/es\/wp-json\/wp\/v2\/posts\/122723\/revisions"}],"wp:featuredmedia":[{"embeddable":true,"href":"https:\/\/www.europesays.com\/es\/wp-json\/wp\/v2\/media\/122724"}],"wp:attachment":[{"href":"https:\/\/www.europesays.com\/es\/wp-json\/wp\/v2\/media?parent=122723"}],"wp:term":[{"taxonomy":"category","embeddable":true,"href":"https:\/\/www.europesays.com\/es\/wp-json\/wp\/v2\/categories?post=122723"},{"taxonomy":"post_tag","embeddable":true,"href":"https:\/\/www.europesays.com\/es\/wp-json\/wp\/v2\/tags?post=122723"}],"curies":[{"name":"wp","href":"https:\/\/api.w.org\/{rel}","templated":true}]}}