{"id":122728,"date":"2025-09-18T09:42:05","date_gmt":"2025-09-18T09:42:05","guid":{"rendered":"https:\/\/www.europesays.com\/es\/122728\/"},"modified":"2025-09-18T09:42:05","modified_gmt":"2025-09-18T09:42:05","slug":"estreno-crucial-en-casa-del-sanicentro-guadalajara-frente-al-eon-alicante-nuevaalcarria","status":"publish","type":"post","link":"https:\/\/www.europesays.com\/es\/122728\/","title":{"rendered":"Estreno crucial en casa del Sanicentro Guadalajara frente al E\u00d3N Alicante | NuevaAlcarria"},"content":{"rendered":"<p>Tanto el entrenador, Juan Carlos Requena, como el nuevo jugador Diego Vera, han subrayado la importancia de este choque, calific\u00e1ndolo como un duelo directo ante un rival de su liga.<\/p>\n<p>Requena destac\u00f3 que, a pesar de ser un equipo reci\u00e9n ascendido, el E\u00d3N Alicante ha realizado una inversi\u00f3n significativa. \u201cSe ha reforzado bastante. Es un equipo que ha hecho 11 o 12 fichajes esta temporada, manteniendo un bloque de jugadores bastante importante\u201d, afirm\u00f3. El t\u00e9cnico alcarre\u00f1o tambi\u00e9n analiz\u00f3 el estilo de juego del rival, se\u00f1alando la versatilidad de su entrenador, Fernando Latorre, que \u201chace que sus equipos jueguen a muchas cosas\u201d, planteando diferentes sistemas de ataque y defensa que obligan a un minucioso trabajo de scouting.<\/p>\n<p>Tras la derrota en la primera jornada ante el Logro\u00f1o, Requena valor\u00f3 las buenas sensaciones del equipo, que compiti\u00f3 hasta el final. \u201cSi nosotros hacemos un partido parecido al del otro d\u00eda, el equipo tiene muy buenas sensaciones\u201d, mencion\u00f3. El entrenador insiste en la necesidad de que los jugadores sean s\u00f3lidos en los duelos individuales, tanto en ataque como en defensa, para poder superar al Alicante, algo que no lograron frente al Logro\u00f1o.<\/p>\n<p><strong>Diego Vera<\/strong><br \/>&#13;<br \/>\nPor su parte, el pivote Diego Vera se mostr\u00f3 optimista a pesar del resultado. \u201cNos vino muy bien de cara a todos los siguientes partidos, de ver que el equipo en el primer partido, y m\u00e1s contra un rival fuera de casa como es Logro\u00f1o, compiti\u00f3 hasta el final\u201d, coment\u00f3. Vera resalt\u00f3 que la principal ganancia del encuentro fue que el equipo se compenetr\u00f3 y se mostr\u00f3 como una unidad.<\/p>\n<p>Tanto Requena como Vera coinciden en que los puntos de la permanencia pasan por el David Santamar\u00eda. \u201cLos partidos de casa son fundamentales. Primero porque hacemos que nuestro p\u00fablico se sume a la batalla, que el equipo encuentre sensaciones positivas\u201d, explic\u00f3 el entrenador, quien conf\u00eda en que el apoyo de la afici\u00f3n, sumado al ambiente de las fiestas locales, sea un factor determinante.<\/p>\n<p>Vera reafirm\u00f3 esta idea, reconociendo que el partido es m\u00e1s que dos puntos. \u201cEs un rival que a priori es de nuestra liga, es un rival que aqu\u00ed en casa, como bien ha dicho Juan Carlos, tenemos que sacar el m\u00e1ximo de puntos posible aqu\u00ed\u201d, sostuvo.<\/p>\n<p>En cuanto a la situaci\u00f3n de la plantilla, Requena inform\u00f3 que, a pesar de algunas molestias en jugadores como Diego Vera, Gorostidi y Fekete, conf\u00eda en que todos estar\u00e1n disponibles para el partido del domingo. El t\u00e9cnico hizo hincapi\u00e9 en que, si bien el equipo mostr\u00f3 brotes verdes en la primera jornada, a\u00fan falta pulir la comunicaci\u00f3n entre los nuevos fichajes y el resto del grupo para ganar regularidad. \u201cNecesitamos no ser un equipo tan de tirones, tan irregular\u201d, indic\u00f3.<\/p>\n<p>Diego Vera, por su parte, reconoci\u00f3 que su proceso de adaptaci\u00f3n es gradual y que a\u00fan le quedan aspectos por mejorar, tanto a nivel f\u00edsico como t\u00e1ctico. \u201cVa poco a poco, esto no es de hoy a ma\u00f1ana. Llevamos un mes y medio trabajando m\u00e1s o menos. No me queda ya mucho, pero algo todav\u00eda hay que pulir, siempre se sigue mejorando\u201d, concluy\u00f3.<\/p>\n<p>El partido se disputar\u00e1 en el David Santamar\u00eda el pr\u00f3ximo domingo, en un ambiente que se espera festivo \u00a0en el \u00faltimo d\u00eda de las Ferias y Fiestas de la capital alcarre\u00f1a, por lo que se espera un apoyo total al equipo morado en su b\u00fasqueda de los primeros puntos de la temporada.<\/p>\n","protected":false},"excerpt":{"rendered":"Tanto el entrenador, Juan Carlos Requena, como el nuevo jugador Diego Vera, han subrayado la importancia de este&hellip;\n","protected":false},"author":2,"featured_media":122729,"comment_status":"","ping_status":"","sticky":false,"template":"","format":"standard","meta":{"footnotes":""},"categories":[278],"tags":[442,2206,2906,376,383,168,7013,25,24,439,375,441,443,440,34274,15367,23,167],"class_list":{"0":"post-122728","1":"post","2":"type-post","3":"status-publish","4":"format-standard","5":"has-post-thumbnail","7":"category-balonmano","8":"tag-actualidad-guadalajara","9":"tag-alicante","10":"tag-asobal","11":"tag-balonmano","12":"tag-bm","13":"tag-deportes","14":"tag-eon","15":"tag-es","16":"tag-espana","17":"tag-guadalajara","18":"tag-handball","19":"tag-informacion-guadalajara","20":"tag-noticias-guadalajara","21":"tag-nueva-alcarria","22":"tag-sanicentro","23":"tag-santamaria","24":"tag-spain","25":"tag-sports"},"share_on_mastodon":{"url":"","error":""},"_links":{"self":[{"href":"https:\/\/www.europesays.com\/es\/wp-json\/wp\/v2\/posts\/122728","targetHints":{"allow":["GET"]}}],"collection":[{"href":"https:\/\/www.europesays.com\/es\/wp-json\/wp\/v2\/posts"}],"about":[{"href":"https:\/\/www.europesays.com\/es\/wp-json\/wp\/v2\/types\/post"}],"author":[{"embeddable":true,"href":"https:\/\/www.europesays.com\/es\/wp-json\/wp\/v2\/users\/2"}],"replies":[{"embeddable":true,"href":"https:\/\/www.europesays.com\/es\/wp-json\/wp\/v2\/comments?post=122728"}],"version-history":[{"count":0,"href":"https:\/\/www.europesays.com\/es\/wp-json\/wp\/v2\/posts\/122728\/revisions"}],"wp:featuredmedia":[{"embeddable":true,"href":"https:\/\/www.europesays.com\/es\/wp-json\/wp\/v2\/media\/122729"}],"wp:attachment":[{"href":"https:\/\/www.europesays.com\/es\/wp-json\/wp\/v2\/media?parent=122728"}],"wp:term":[{"taxonomy":"category","embeddable":true,"href":"https:\/\/www.europesays.com\/es\/wp-json\/wp\/v2\/categories?post=122728"},{"taxonomy":"post_tag","embeddable":true,"href":"https:\/\/www.europesays.com\/es\/wp-json\/wp\/v2\/tags?post=122728"}],"curies":[{"name":"wp","href":"https:\/\/api.w.org\/{rel}","templated":true}]}}