{"id":122730,"date":"2025-09-18T09:43:05","date_gmt":"2025-09-18T09:43:05","guid":{"rendered":"https:\/\/www.europesays.com\/es\/122730\/"},"modified":"2025-09-18T09:43:05","modified_gmt":"2025-09-18T09:43:05","slug":"presentado-ante-los-aficionados-el-encierro-que-protagonizara-tomas-angulo","status":"publish","type":"post","link":"https:\/\/www.europesays.com\/es\/122730\/","title":{"rendered":"Presentado ante los aficionados el encierro que protagonizar\u00e1 Tom\u00e1s Angulo"},"content":{"rendered":"<p>En la tarde de este mi\u00e9rcoles se ha presentado en el coso de la Piedad el encierro que llevar\u00e1 a Tom\u00e1s Angulo a la celebraci\u00f3n del d\u00e9cimo aniversario de su alternativa en Almendralejo. En un evento con la presencia de aficionados a la tauromaquia, el diestro fue entrevistado por el presentador del programa Tendido Cero (TVE), Manuel Valera, que hizo un repaso por su trayectoria y puso en valor su dedicaci\u00f3n al mundo del toro. El propio torero manifest\u00f3 que le gustar\u00eda \u201ctorear un poco m\u00e1s\u201d, afirmando que tiene \u201cla esperanza de que alg\u00fan d\u00eda cambie mi situaci\u00f3n\u201d.<\/p>\n<p>Angulo lidiar\u00e1 en solitario seis toros de diferentes ganader\u00edas al pr\u00f3ximo 18 de octubre en la plaza de toros de Almendralejo, en un festejo que dar\u00e1 comienzo a las 18.00 horas. Sobre el mismo, indic\u00f3 que su deseo pasa por \u201chacer feliz a la gente y emocionarles\u201d. La presentaci\u00f3n cont\u00f3 con la presencia de la gerente del Patronato de Tauromaquia de la Diputaci\u00f3n de Badajoz, Inmaculada Galache, que felicit\u00f3 al diestro por el aniversario. Adem\u00e1s de representantes de la corporaci\u00f3n municipal, el alcalde de la ciudad, Jos\u00e9 Mar\u00eda Ram\u00edrez, destac\u00f3 su preparaci\u00f3n, as\u00ed como el trabajo de Francisco Ruiz, apoderado de Angulo.<\/p>\n<ul class=\"wp-block-gallery columns-2 is-cropped\">\n<li class=\"blocks-gallery-item\"><img decoding=\"async\" src=\"https:\/\/www.europesays.com\/es\/wp-content\/uploads\/2025\/09\/14421.jpg\" alt=\"Presentado ante los aficionados el encierro que protagonizar\u00e1 Tom\u00e1s Angulo\"\/><\/li>\n<li class=\"blocks-gallery-item\"><img decoding=\"async\" src=\"https:\/\/www.europesays.com\/es\/wp-content\/uploads\/2025\/09\/14422.jpg\" alt=\"Presentado ante los aficionados el encierro que protagonizar\u00e1 Tom\u00e1s Angulo\"\/><\/li>\n<\/ul>\n","protected":false},"excerpt":{"rendered":"En la tarde de este mi\u00e9rcoles se ha presentado en el coso de la Piedad el encierro que&hellip;\n","protected":false},"author":2,"featured_media":122731,"comment_status":"","ping_status":"","sticky":false,"template":"","format":"standard","meta":{"footnotes":""},"categories":[277],"tags":[373,168,25,24,23,167,374],"class_list":{"0":"post-122730","1":"post","2":"type-post","3":"status-publish","4":"format-standard","5":"has-post-thumbnail","7":"category-toreo","8":"tag-bullfighting","9":"tag-deportes","10":"tag-es","11":"tag-espana","12":"tag-spain","13":"tag-sports","14":"tag-toreo"},"share_on_mastodon":{"url":"","error":""},"_links":{"self":[{"href":"https:\/\/www.europesays.com\/es\/wp-json\/wp\/v2\/posts\/122730","targetHints":{"allow":["GET"]}}],"collection":[{"href":"https:\/\/www.europesays.com\/es\/wp-json\/wp\/v2\/posts"}],"about":[{"href":"https:\/\/www.europesays.com\/es\/wp-json\/wp\/v2\/types\/post"}],"author":[{"embeddable":true,"href":"https:\/\/www.europesays.com\/es\/wp-json\/wp\/v2\/users\/2"}],"replies":[{"embeddable":true,"href":"https:\/\/www.europesays.com\/es\/wp-json\/wp\/v2\/comments?post=122730"}],"version-history":[{"count":0,"href":"https:\/\/www.europesays.com\/es\/wp-json\/wp\/v2\/posts\/122730\/revisions"}],"wp:featuredmedia":[{"embeddable":true,"href":"https:\/\/www.europesays.com\/es\/wp-json\/wp\/v2\/media\/122731"}],"wp:attachment":[{"href":"https:\/\/www.europesays.com\/es\/wp-json\/wp\/v2\/media?parent=122730"}],"wp:term":[{"taxonomy":"category","embeddable":true,"href":"https:\/\/www.europesays.com\/es\/wp-json\/wp\/v2\/categories?post=122730"},{"taxonomy":"post_tag","embeddable":true,"href":"https:\/\/www.europesays.com\/es\/wp-json\/wp\/v2\/tags?post=122730"}],"curies":[{"name":"wp","href":"https:\/\/api.w.org\/{rel}","templated":true}]}}