{"id":122732,"date":"2025-09-18T09:46:15","date_gmt":"2025-09-18T09:46:15","guid":{"rendered":"https:\/\/www.europesays.com\/es\/122732\/"},"modified":"2025-09-18T09:46:15","modified_gmt":"2025-09-18T09:46:15","slug":"la-bien-amada-que-tiene-un-nombre-impronunciable-representa-a-dos-naciones-y-gano-su-primer-titulo","status":"publish","type":"post","link":"https:\/\/www.europesays.com\/es\/122732\/","title":{"rendered":"\u00abLa bien amada\u00bb que tiene un nombre impronunciable, representa a dos naciones y gan\u00f3 su primer t\u00edtulo"},"content":{"rendered":"<p>La francesa <strong>Sarah Rakotomanga<\/strong> conquist\u00f3 el \u00faltimo fin de semana el torneo de S\u00e3o Paulo,<strong> al vencer por 6-3 y 6-4 en apenas una hora y 26 minutos a Janice Tjen<\/strong>, en su primera final de un WTA 250.<\/p>\n<p>Relacionado<\/p>\n<ul>\n<li><a name=\"&amp;lpos=story:editorspicks:inline:1\" href=\"https:\/\/www.espn.com.ar\/tenis\/nota\/_\/id\/15680548\/una-ex-numero-uno-del-mundo-regreso-al-tenis-sin-ranking-y-debuto-con-victoria-en-un-torneo-menor-de-la-wta-pliskova\" class=\"img-link\" rel=\"nofollow noopener\" target=\"_blank\"><img loading=\"lazy\" decoding=\"async\" src=\"https:\/\/www.europesays.com\/es\/wp-content\/uploads\/2025\/09\/r1546148_1296x1296_1-1.jpg&#038;w=130&#038;h=130&#038;scale=crop&#038;location=center.jpeg\" width=\"65\" height=\"65\"\/><\/a><\/li>\n<li><a name=\"&amp;lpos=story:editorspicks:inline:2\" href=\"https:\/\/www.espn.com.ar\/tenis\/nota\/_\/id\/15670581\/me-decepciono-su-nivel-jannik-sinner-recibio-una-fuerte-critica-de-una-leyenda-del-tenis-declaraciones-boris-becker\" class=\"img-link\" rel=\"nofollow noopener\" target=\"_blank\"><img loading=\"lazy\" decoding=\"async\" src=\"https:\/\/www.europesays.com\/es\/wp-content\/uploads\/2025\/09\/r1544978_1296x1296_1-1.jpg&#038;w=130&#038;h=130&#038;scale=crop&#038;location=center.jpeg\" width=\"65\" height=\"65\"\/><\/a><\/li>\n<\/ul>\n<p>1 Relacionado<\/p>\n<p>Pero&#8230;<strong> \u00bfQui\u00e9n es Tiantosa Sarah Rakotomanga Rajaonah?<\/strong> Nacida hace 19 a\u00f1os en Madagascar, justo cuando uno de sus \u00eddolos <strong>Rafael Nadal lograba la gloria con la obtenci\u00f3n de su primer t\u00edtulo de Grand Slam (en Roland Garros ante Mariano Puerta), <\/strong>fue criada desde los 6 a\u00f1os en Montpellier, raqueta en mano.<\/p>\n<p>Hizo su debut a nivel profesional en el Rouen Open a principios de 2025 llegando con un wildcard a la clasificaci\u00f3n antes de vencer a Emily Appleton y a la primera cabeza de serie Jessika Ponchet para llegar al cuadro principal. En su primer partido la estrella adolescente sorprendi\u00f3 a la s\u00e9ptima cabeza de serie, Lucia Bronzetti, con una impresionante victoria antes de superar a Jaqueline Cristian por el mismo marcador para alcanzar los cuartos de final. Su campa\u00f1a termin\u00f3 vs. Suzan Lamens, aunque fue un paso adelante. O unos cuantos.<\/p>\n<p><strong>Ascendi\u00f3 mete\u00f3ricamente del puesto 214 del ranking WTA al 131 <\/strong>y se confirma como una de las m\u00e1ximas promesas a seguir porque sorprendi\u00f3 con su agilidad y destreza frente a tenistas mejor posicionadas, como<strong> Panna Udvardy y Renata Zaraz\u00faa <\/strong>para llegar a la final, antes de vencer a Tjen en el partido por el campeonato.<\/p>\n<p>Apareci\u00f3 por primera vez en el mapa de un Grand Slam \u00aben casa\u00bb donde cay\u00f3 en la primera ronda de Roland Garros ante la espa\u00f1ola Leyre Romero Gormaz. Con cuatro t\u00edtulos a nivel ITF hasta la fecha parece haber dado el salto necesario a las grandes ligas.<\/p>\n<p>En el WTA 100 de Biarritz en junio (derrota ante Mayar Sherif en la final) su nombre ya daba qu\u00e9 hablar y no por lo impronunciable. Es m\u00e1s sencillo decirle por el significado: \u00ab<strong>La bien amada\u201d<\/strong>.<\/p>\n","protected":false},"excerpt":{"rendered":"La francesa Sarah Rakotomanga conquist\u00f3 el \u00faltimo fin de semana el torneo de S\u00e3o Paulo, al vencer por&hellip;\n","protected":false},"author":2,"featured_media":122733,"comment_status":"","ping_status":"","sticky":false,"template":"","format":"standard","meta":{"footnotes":""},"categories":[274],"tags":[168,25,24,23,167,327,326],"class_list":{"0":"post-122732","1":"post","2":"type-post","3":"status-publish","4":"format-standard","5":"has-post-thumbnail","7":"category-tenis","8":"tag-deportes","9":"tag-es","10":"tag-espana","11":"tag-spain","12":"tag-sports","13":"tag-tenis","14":"tag-tennis"},"share_on_mastodon":{"url":"","error":""},"_links":{"self":[{"href":"https:\/\/www.europesays.com\/es\/wp-json\/wp\/v2\/posts\/122732","targetHints":{"allow":["GET"]}}],"collection":[{"href":"https:\/\/www.europesays.com\/es\/wp-json\/wp\/v2\/posts"}],"about":[{"href":"https:\/\/www.europesays.com\/es\/wp-json\/wp\/v2\/types\/post"}],"author":[{"embeddable":true,"href":"https:\/\/www.europesays.com\/es\/wp-json\/wp\/v2\/users\/2"}],"replies":[{"embeddable":true,"href":"https:\/\/www.europesays.com\/es\/wp-json\/wp\/v2\/comments?post=122732"}],"version-history":[{"count":0,"href":"https:\/\/www.europesays.com\/es\/wp-json\/wp\/v2\/posts\/122732\/revisions"}],"wp:featuredmedia":[{"embeddable":true,"href":"https:\/\/www.europesays.com\/es\/wp-json\/wp\/v2\/media\/122733"}],"wp:attachment":[{"href":"https:\/\/www.europesays.com\/es\/wp-json\/wp\/v2\/media?parent=122732"}],"wp:term":[{"taxonomy":"category","embeddable":true,"href":"https:\/\/www.europesays.com\/es\/wp-json\/wp\/v2\/categories?post=122732"},{"taxonomy":"post_tag","embeddable":true,"href":"https:\/\/www.europesays.com\/es\/wp-json\/wp\/v2\/tags?post=122732"}],"curies":[{"name":"wp","href":"https:\/\/api.w.org\/{rel}","templated":true}]}}