{"id":122734,"date":"2025-09-18T09:47:09","date_gmt":"2025-09-18T09:47:09","guid":{"rendered":"https:\/\/www.europesays.com\/es\/122734\/"},"modified":"2025-09-18T09:47:09","modified_gmt":"2025-09-18T09:47:09","slug":"si-me-sale-la-crono-que-tengo-en-mente-puedo-estar-muy-adelante","status":"publish","type":"post","link":"https:\/\/www.europesays.com\/es\/122734\/","title":{"rendered":"Si me sale la crono que tengo en mente, puedo estar muy adelante"},"content":{"rendered":"<p data-mrf-recirculation=\"Links P\u00e1rrafos\" class=\"ue-c-article__paragraph paragraph ue-c-article--first-letter-highlighted\">En Kigali, Iv\u00e1n Romeo ultima su preparaci\u00f3n para el Mundial contrarreloj. El vallisoletano, campe\u00f3n sub-23 en 2024, afronta ahora el reto de medirse a los mejores del mundo en una crono exigente y at\u00edpica. Con confianza, serenidad y trabajo espec\u00edfico, expone sus sensaciones y objetivos. <strong>El crack espa\u00f1ol analiza la previa con MARCA.<\/strong><\/p>\n<p data-mrf-recirculation=\"Links P\u00e1rrafos\" class=\"ue-c-article__paragraph paragraph\"><strong>\u00bfC\u00f3mo ha sido su llegada a Ruanda? El a\u00f1o pasado en Suiza viaj\u00f3 con varios d\u00edas de antelaci\u00f3n con su padre. \u00bfC\u00f3mo lo ha hecho en esta ocasi\u00f3n?<\/strong><\/p>\n<p data-mrf-recirculation=\"Links P\u00e1rrafos\" class=\"ue-c-article__paragraph paragraph\">Ha  sido parecido. Estoy aqu\u00ed tambi\u00e9n con mi padre, que siempre me acompa\u00f1a en citas importantes cuando tengo tiempo para prepararlas con calma. Me gusta llegar unos d\u00edas antes, adaptarme bien y tener claro lo que voy a hacer. En una contrarreloj es fundamental conocer el terreno y aqu\u00ed, adem\u00e1s, el ambiente es muy distinto, por lo que me viene bien esa adaptaci\u00f3n.<\/p>\n<p><img decoding=\"async\" width=\"715\" height=\"1024\" class=\"ue-c-article__image lazyload\" alt=\"Ivan Romeo, entrenando en Ruanda.\" loading=\"lazy\" src=\"https:\/\/www.europesays.com\/es\/wp-content\/uploads\/2025\/09\/68cae06130daa.jpeg\"\/><\/p>\n<p>Ivan Romeo, entrenando en Ruanda.<\/p>\n<p data-mrf-recirculation=\"Links P\u00e1rrafos\" class=\"ue-c-article__paragraph paragraph\"><strong>\u00bfC\u00f3mo ha vivido sus primeros d\u00edas en un pa\u00eds que ha estado en guerra hasta junio?<\/strong><\/p>\n<p data-mrf-recirculation=\"Links P\u00e1rrafos\" class=\"ue-c-article__paragraph paragraph\">Bien, con las precauciones necesarias. Nos hemos vacunado y cuidamos la alimentaci\u00f3n. El ambiente es diferente y creo que tanto en la crono como en la ruta habr\u00e1 sorpresas. El clima, la humedad y las carreteras no son a lo que estamos acostumbrados, pero me he adaptado bien.<\/p>\n<p data-mrf-recirculation=\"Links P\u00e1rrafos\" class=\"ue-c-article__paragraph paragraph\"><strong>\u00bfHa notado mucha seguridad?<\/strong><\/p>\n<p data-mrf-recirculation=\"Links P\u00e1rrafos\" class=\"ue-c-article__paragraph paragraph\">S\u00ed, hay bastante presencia de polic\u00edas y seguridad privada en los hoteles, pero la gente es muy agradable. No he tenido ning\u00fan problema.<\/p>\n<p data-mrf-recirculation=\"Links P\u00e1rrafos\" class=\"ue-c-article__paragraph paragraph\"><strong>\u00bfHa podido reconocer el recorrido de la crono?<\/strong><\/p>\n<p data-mrf-recirculation=\"Links P\u00e1rrafos\" class=\"ue-c-article__paragraph paragraph\">S\u00ed, aunque no se puede hacer entera de golpe porque hay zonas urbanas con mucho tr\u00e1fico. Pero este mi\u00e9rcoles, por ejemplo, he entrenado series en unos 15 o 20 kil\u00f3metros que s\u00ed se pueden hacer m\u00e1s r\u00e1pido. No se ve todo, pero lo suficiente para hacerse una idea.<\/p>\n<p data-mrf-recirculation=\"Links P\u00e1rrafos\" class=\"ue-c-article__paragraph paragraph\"><strong>\u00bfQu\u00e9 impresi\u00f3n le ha dado?<\/strong><\/p>\n<p data-mrf-recirculation=\"Links P\u00e1rrafos\" class=\"ue-c-article__paragraph paragraph\">Me gusta, creo que me viene bien. No es una crono dura en exceso, salvo por el muro de Kigali, pero en porcentajes normales me manejo bien. Hay bajadas pedaleables y no es una prueba para especialistas puros. Yo, que soy grande pero no tanto como ellos, puedo adaptarme bien. Hemos trabajado en la preparaci\u00f3n en esa direcci\u00f3n.<\/p>\n<p data-mrf-recirculation=\"Links P\u00e1rrafos\" class=\"ue-c-article__paragraph paragraph\"><strong>El paso de campe\u00f3n sub-23 a la \u00e9lite absoluta es grande. \u00bfSe ve preparado para competir con los mejores?<\/strong><\/p>\n<p data-mrf-recirculation=\"Links P\u00e1rrafos\" class=\"ue-c-article__paragraph paragraph\">S\u00ed. Evidentemente el salto es enorme, pero he dado un paso adelante y he hecho una gran preparaci\u00f3n. Conf\u00edo en que, si me sale la crono que tengo en mente, puedo estar bastante adelante. Es mi primer Mundial \u00e9lite y no me pongo l\u00edmites.<\/p>\n<p>Romeo, en el Mundial de Suiza.<\/p>\n<p data-mrf-recirculation=\"Links P\u00e1rrafos\" class=\"ue-c-article__paragraph paragraph\"><strong>\u00bfHa centrado todo el a\u00f1o en este objetivo?<\/strong><\/p>\n<p data-mrf-recirculation=\"Links P\u00e1rrafos\" class=\"ue-c-article__paragraph paragraph\">La primera parte de la temporada la enfoqu\u00e9 m\u00e1s en carreras de una semana y en el Tour fui a por etapas. Desde entonces, tanto el equipo como yo lo hemos tenido claro: prepararlo todo para esta crono. He tenido libertad en el calendario y llevo tres semanas entrenando cada d\u00eda con la cabra, afinando todos los detalles.<\/p>\n<p data-mrf-recirculation=\"Links P\u00e1rrafos\" class=\"ue-c-article__paragraph paragraph\"><strong>\u00bfLe motiva medirse a rivales como Pogacar tambi\u00e9n en este terreno?<\/strong><\/p>\n<p data-mrf-recirculation=\"Links P\u00e1rrafos\" class=\"ue-c-article__paragraph paragraph\">Al final es un rival m\u00e1s, aunque esta crono es muy particular. Es una oportunidad para corredores como \u00e9l de luchar por una medalla. Creo que se le adapta bien y estar\u00e1 muy adelante, quiz\u00e1 incluso peleando por el arco\u00edris. Cuantos m\u00e1s grandes rivales haya, mejor, de eso se trata.<\/p>\n<p data-mrf-recirculation=\"Links P\u00e1rrafos\" class=\"ue-c-article__paragraph paragraph\"><strong>\u00bfSe ve peleando por las medallas?<\/strong><\/p>\n<p data-mrf-recirculation=\"Links P\u00e1rrafos\" class=\"ue-c-article__paragraph paragraph\">No lo pienso demasiado. Mi objetivo es que salga la crono que tengo en la cabeza. Si ocurre, estar\u00e9 contento sea cual sea el puesto. Incluso aunque fuera el 15\u00ba, si es mi mejor nivel me ir\u00eda satisfecho. Esto es un proceso, y este es solo el primer paso en la \u00e9lite.<\/p>\n<p>El espa\u00f1ol se fue al suelo al tomar mal una curva cuando quedaban 20 km a meta<\/p>\n<p data-mrf-recirculation=\"Links P\u00e1rrafos\" class=\"ue-c-article__paragraph paragraph\"><strong>\u00bfQuiere enfocar su carrera 100% como contrarrelojista o combinar con otros objetivos?<\/strong><\/p>\n<p data-mrf-recirculation=\"Links P\u00e1rrafos\" class=\"ue-c-article__paragraph paragraph\">No pienso en ser solo contrarrelojista. La temporada es larga y hay espacio para todo: generales de una semana, etapas en grandes vueltas, campeonatos\u2026 Este a\u00f1o ha coincidido as\u00ed, con dos meses centrados en la crono, pero en otros a\u00f1os puede ser distinto. No quiero renunciar a nada.<\/p>\n<p data-mrf-recirculation=\"Links P\u00e1rrafos\" class=\"ue-c-article__paragraph paragraph\"><strong>En Espa\u00f1a solo se habla de lo ocurrido en LaVuelta y de las protestas. \u00bfQu\u00e9 le ha parecido desde la distancia?<\/strong><\/p>\n<p data-mrf-recirculation=\"Links P\u00e1rrafos\" class=\"ue-c-article__paragraph paragraph\">Ha sido una situaci\u00f3n dif\u00edcil para todos y una pena que haya afectado al ciclismo. Espero que se gestione mejor en el futuro y que no solo ocurra en este deporte, porque al final es gratuito y accesible para cualquiera. Pero siempre hay que hacerlo de forma correcta y con seguridad.<\/p>\n<p data-mrf-recirculation=\"Links P\u00e1rrafos\" class=\"ue-c-article__paragraph paragraph\"><strong>Mirando ya a la ruta, \u00bfc\u00f3mo ve al equipo espa\u00f1ol con Ayuso como l\u00edder?<\/strong><\/p>\n<p data-mrf-recirculation=\"Links P\u00e1rrafos\" class=\"ue-c-article__paragraph paragraph\">Lo veo fuerte. Ayuso ser\u00e1 la referencia y tenemos otros corredores que pueden estar adelante, como ya lo hizo Roger Adri\u00e0 el a\u00f1o pasado. Depender\u00e1 de c\u00f3mo se desarrolle la carrera, pero el grupo es s\u00f3lido.<\/p>\n<p>El de Movistar, que ya hab\u00eda ganado este a\u00f1o en Valencia y en Dauphin\u00e9, portar\u00e1 en el Tour de Francia el maillot de campe\u00f3n espa\u00f1ol.<\/p>\n<p>Una crono de lo m\u00e1s exigente<\/p>\n<p data-mrf-recirculation=\"Links P\u00e1rrafos\" class=\"ue-c-article__paragraph paragraph\">La contrarreloj \u00e9lite masculina del Mundial de Kigali 2025, que se disputa el domingo 21 de septiembre sobre 40,6 kil\u00f3metros, promete ser una de las m\u00e1s selectivas de los \u00faltimos tiempos. El recorrido, \u00edntegramente en la capital ruandesa, combina largas rectas que permiten rodar a gran velocidad con repechos que obligan a gestionar muy bien el esfuerzo, siempre a m\u00e1s de 1.400 metros de altitud, un factor que condicionar\u00e1 el rendimiento de muchos especialistas. No se trata de una crono completamente plana ni de puro escalador, sino de un trazado mixto y exigente donde la capacidad de adaptaci\u00f3n marcar\u00e1 diferencias. All\u00ed se medir\u00e1n el vigente campe\u00f3n Remco Evenepoel, que busca defender su trono, y Tadej Pogacar, que intentar\u00e1 a\u00f1adir el arco\u00edris contrarreloj al que ya conquist\u00f3 en ruta en 2024.<\/p>\n","protected":false},"excerpt":{"rendered":"En Kigali, Iv\u00e1n Romeo ultima su preparaci\u00f3n para el Mundial contrarreloj. El vallisoletano, campe\u00f3n sub-23 en 2024, afronta&hellip;\n","protected":false},"author":2,"featured_media":122735,"comment_status":"","ping_status":"","sticky":false,"template":"","format":"standard","meta":{"footnotes":""},"categories":[273],"tags":[313,312,168,25,24,23,167],"class_list":{"0":"post-122734","1":"post","2":"type-post","3":"status-publish","4":"format-standard","5":"has-post-thumbnail","7":"category-ciclismo","8":"tag-ciclismo","9":"tag-cycling","10":"tag-deportes","11":"tag-es","12":"tag-espana","13":"tag-spain","14":"tag-sports"},"share_on_mastodon":{"url":"","error":""},"_links":{"self":[{"href":"https:\/\/www.europesays.com\/es\/wp-json\/wp\/v2\/posts\/122734","targetHints":{"allow":["GET"]}}],"collection":[{"href":"https:\/\/www.europesays.com\/es\/wp-json\/wp\/v2\/posts"}],"about":[{"href":"https:\/\/www.europesays.com\/es\/wp-json\/wp\/v2\/types\/post"}],"author":[{"embeddable":true,"href":"https:\/\/www.europesays.com\/es\/wp-json\/wp\/v2\/users\/2"}],"replies":[{"embeddable":true,"href":"https:\/\/www.europesays.com\/es\/wp-json\/wp\/v2\/comments?post=122734"}],"version-history":[{"count":0,"href":"https:\/\/www.europesays.com\/es\/wp-json\/wp\/v2\/posts\/122734\/revisions"}],"wp:featuredmedia":[{"embeddable":true,"href":"https:\/\/www.europesays.com\/es\/wp-json\/wp\/v2\/media\/122735"}],"wp:attachment":[{"href":"https:\/\/www.europesays.com\/es\/wp-json\/wp\/v2\/media?parent=122734"}],"wp:term":[{"taxonomy":"category","embeddable":true,"href":"https:\/\/www.europesays.com\/es\/wp-json\/wp\/v2\/categories?post=122734"},{"taxonomy":"post_tag","embeddable":true,"href":"https:\/\/www.europesays.com\/es\/wp-json\/wp\/v2\/tags?post=122734"}],"curies":[{"name":"wp","href":"https:\/\/api.w.org\/{rel}","templated":true}]}}