{"id":122744,"date":"2025-09-18T09:53:07","date_gmt":"2025-09-18T09:53:07","guid":{"rendered":"https:\/\/www.europesays.com\/es\/122744\/"},"modified":"2025-09-18T09:53:07","modified_gmt":"2025-09-18T09:53:07","slug":"samurais-de-la-escalada-el-ultimo-libro-de-hippie-cuerpo-al-limite-mente-en-calma","status":"publish","type":"post","link":"https:\/\/www.europesays.com\/es\/122744\/","title":{"rendered":"\u00abSamur\u00e1is de la escalada\u00bb, el \u00faltimo libro de Hippie: cuerpo al l\u00edmite &#8211; mente en calma"},"content":{"rendered":"\n<p>\n\t\t\t\tNOVEDAD EDITORIAL DE DESNIVEL\t\t\t<\/p>\n<p>El nuevo libro de Hippie, el cierre simb\u00f3lico de sus dos anteriores trabajos \u2014Actitud, el arte de escalar\u00bb y \u00abM\u00e1xima Actitud\u00bb\u2014, propone una nueva forma de habitar la escalada y el deporte en general, no solo f\u00edsica, sino tambi\u00e9n de desarrollo personal y social.<\/p>\n<p>No violencia, y responsabilidad social\u00a0son algunas de las bases de este interesante trabajo que mezcla los beneficios de las tradiciones de las artes marciales con la pr\u00e1ctica de la escalada para desarrollar tanto el cuerpo como la mente.<\/p>\n<p><strong><a href=\"https:\/\/www.libreriadesnivel.com\/libros\/samurais-de-la-escalada\/9788498297157\/\" rel=\"nofollow noopener\" target=\"_blank\">Samur\u00e1is de la escalada<\/a> <\/strong>ofrece la oportunidad de aprender a refinar nuestras habilidades, revisarnos e indagar en \u00bfc\u00f3mo queremos estar en el mundo?, \u00bfqu\u00e9 queremos reflejar en cada d\u00eda de escalada o entreno?, \u00bfcu\u00e1les queremos que sean los valores y principios que nos impulsan?, \u00bfqu\u00e9 escalador o escaladora quiero ser?<\/p>\n<p><a href=\"https:\/\/www.libreriadesnivel.com\/libros\/samurais-de-la-escalada\/9788498297157\/\" rel=\"nofollow noopener\" target=\"_blank\"><img loading=\"lazy\" decoding=\"async\" width=\"961\" height=\"1280\" src=\"https:\/\/www.europesays.com\/es\/wp-content\/uploads\/2025\/09\/samurais-de-la-escalada.jpg\" alt=\"Manual de entrenamiento Samurais de la Escalada\" class=\"wp-image-164925 size-full\"\/><\/a><br \/>\nSamur\u00e1is de la escalada<\/p>\n<p>Cuerpo al l\u00edmite \/ Mente en calma<\/p>\n<blockquote class=\"wp-block-quote is-layout-flow wp-block-quote-is-layout-flow\">\n<p>\u00ab<a href=\"https:\/\/www.libreriadesnivel.com\/libros\/samurais-de-la-escalada\/9788498297157\/\" rel=\"nofollow noopener\" target=\"_blank\">Samur\u00e1is de la escalada<\/a> representa para m\u00ed el final de una etapa vital. Un proceso de deconstrucci\u00f3n que empez\u00f3 con la publicaci\u00f3n de mi primer libro y que, lejos de haber terminado, por fin parece haber tomado un camino con el que por fin me siento en paz y satisfecho. El Budo, me invita a revisarme constantemente con la premisa de aprender y mejorar dejando mi Ego a un lado. Una batalla para toda una vida\u00bb.<\/p>\n<p>Hippie <\/p><\/blockquote>\n<p>Tom\u00f3 como guion algunas de las preguntas m\u00e1s frecuentes que suelen formular sus lectoras, followers y colegas de escalada a cerca de \u00bfQu\u00e9 es un\/a \u00abSamur\u00e1i de la escalada\u00bb?<\/p>\n<blockquote class=\"wp-block-quote is-layout-flow wp-block-quote-is-layout-flow\">\n<p>\u00abPara m\u00ed es un gran reto y una enorme responsabilidad trasladar con cierta sabidur\u00eda y la suficiente sencillez algo tan complejo y profundo, que a menudo es malinterpretado y rebajado a la simplista idea de alguien en constante lucha. Samur\u00e1i es aquella persona que sirve a las dem\u00e1s a trav\u00e9s de s\u00ed misma. Con cada uno de nuestros pensamientos, palabras y actos podemos ser \u00fatiles, valiosas y creativas o destructivas\u00bb.<\/p>\n<\/blockquote>\n<p>El mundo de la escalada ha experimentado en los \u00faltimos a\u00f1os un desarrollo espectacular en cuestiones de instalaciones, accesibilidad, entrenamiento, etc. En estas p\u00e1ginas se abordan otro tipo de avances necesarios que tienen que ver con <strong>autoconocimiento, autocuidado, no violencia, y responsabilidad social. <\/strong>Como una evoluci\u00f3n natural de los anteriores libros del autor: <a href=\"https:\/\/www.libreriadesnivel.com\/libros\/actitud-el-arte-de-escalar-5a-ed-ampliada\/9788498296129\/\" rel=\"nofollow noopener\" target=\"_blank\">Actitud, el arte de escalar<\/a> y <a href=\"https:\/\/www.libreriadesnivel.com\/libros\/maxima-actitud\/9788498296822\/\" rel=\"nofollow noopener\" target=\"_blank\">M\u00e1xima Actitud<\/a>.<\/p>\n<p>Hippie, su autor, asume el gran reto de intentar responder esta compleja cuesti\u00f3n y traslada, con sabidur\u00eda y sencillez, los principios de las tradiciones marciales a la escalada, compartiendo los beneficios que desarrollan para el cuerpo, para la mente y para el mundo que queramos construir. <strong>Un libro necesario, ameno y hermoso, que ayuda a ofrecer modelos en los que inspirarse y herramientas a las que agarrarse.<\/strong><\/p>\n<blockquote class=\"wp-block-quote is-layout-flow wp-block-quote-is-layout-flow\">\n<p>\u00abMis dos libros anteriores se centran casi por completo en el desarrollo personal de una misma; con <a href=\"https:\/\/www.libreriadesnivel.com\/libros\/samurais-de-la-escalada\/9788498297157\/\" rel=\"nofollow noopener\" target=\"_blank\">Samur\u00e1is de la escalada<\/a> trato de exponer la importancia de esforzarse por ser una persona de Valor para la sociedad en general y la comunidad escaladora en particular. Espero que estas palabras sirvan para construir un futuro mejor. Porque juntas somos m\u00e1s fuertes. Juntas, llegamos m\u00e1s lejos, y mejor\u00bb.<\/p>\n<\/blockquote>\n<p><a href=\"https:\/\/www.libreriadesnivel.com\/libros\/samurais-de-la-escalada\/9788498297157\/\" rel=\"nofollow noopener\" target=\"_blank\"><img loading=\"lazy\" decoding=\"async\" width=\"961\" height=\"1280\" src=\"https:\/\/www.europesays.com\/es\/wp-content\/uploads\/2025\/09\/samurais-de-la-escalada.jpg\" alt=\"Manual de entrenamiento Samurais de la Escalada\" class=\"wp-image-164925 size-full\"\/><\/a><br \/>\nSamur\u00e1is de la escalada<\/p>\n<p>Cuerpo al l\u00edmite \/ Mente en calma<\/p>\n","protected":false},"excerpt":{"rendered":"NOVEDAD EDITORIAL DE DESNIVEL El nuevo libro de Hippie, el cierre simb\u00f3lico de sus dos anteriores trabajos \u2014Actitud,&hellip;\n","protected":false},"author":2,"featured_media":122745,"comment_status":"","ping_status":"","sticky":false,"template":"","format":"standard","meta":{"footnotes":""},"categories":[172],"tags":[224,146,147,25,24,225,23],"class_list":{"0":"post-122744","1":"post","2":"type-post","3":"status-publish","4":"format-standard","5":"has-post-thumbnail","7":"category-libros","8":"tag-books","9":"tag-entertainment","10":"tag-entretenimiento","11":"tag-es","12":"tag-espana","13":"tag-libros","14":"tag-spain"},"share_on_mastodon":{"url":"","error":""},"_links":{"self":[{"href":"https:\/\/www.europesays.com\/es\/wp-json\/wp\/v2\/posts\/122744","targetHints":{"allow":["GET"]}}],"collection":[{"href":"https:\/\/www.europesays.com\/es\/wp-json\/wp\/v2\/posts"}],"about":[{"href":"https:\/\/www.europesays.com\/es\/wp-json\/wp\/v2\/types\/post"}],"author":[{"embeddable":true,"href":"https:\/\/www.europesays.com\/es\/wp-json\/wp\/v2\/users\/2"}],"replies":[{"embeddable":true,"href":"https:\/\/www.europesays.com\/es\/wp-json\/wp\/v2\/comments?post=122744"}],"version-history":[{"count":0,"href":"https:\/\/www.europesays.com\/es\/wp-json\/wp\/v2\/posts\/122744\/revisions"}],"wp:featuredmedia":[{"embeddable":true,"href":"https:\/\/www.europesays.com\/es\/wp-json\/wp\/v2\/media\/122745"}],"wp:attachment":[{"href":"https:\/\/www.europesays.com\/es\/wp-json\/wp\/v2\/media?parent=122744"}],"wp:term":[{"taxonomy":"category","embeddable":true,"href":"https:\/\/www.europesays.com\/es\/wp-json\/wp\/v2\/categories?post=122744"},{"taxonomy":"post_tag","embeddable":true,"href":"https:\/\/www.europesays.com\/es\/wp-json\/wp\/v2\/tags?post=122744"}],"curies":[{"name":"wp","href":"https:\/\/api.w.org\/{rel}","templated":true}]}}