{"id":122750,"date":"2025-09-18T09:56:08","date_gmt":"2025-09-18T09:56:08","guid":{"rendered":"https:\/\/www.europesays.com\/es\/122750\/"},"modified":"2025-09-18T09:56:08","modified_gmt":"2025-09-18T09:56:08","slug":"fuego-y-ceniza-3d-en-tv-de-meta-quest","status":"publish","type":"post","link":"https:\/\/www.europesays.com\/es\/122750\/","title":{"rendered":"Fuego y Ceniza 3D en TV de Meta Quest"},"content":{"rendered":"<p>La tercera pel\u00edcula de la saga, <b>Avatar: Fuego y Ceniza<\/b>, llegar\u00e1 a las salas de cine estas Navidades, pero fruto del <a href=\"https:\/\/www.realovirtual.com\/noticias\/14893\/james-cameron-producira-contenido-3d-inmersivo-exclusivo-meta\" target=\"_blank\" rel=\"nofollow noopener\">acuerdo entre Meta y su director, James Cameron<\/a>, ya se puede ver en 3D su tr\u00e1iler y un adelanto exclusivo, de dos minutos y medio de duraci\u00f3n, a trav\u00e9s de la <a href=\"https:\/\/www.realovirtual.com\/noticias\/15877\/meta-tv-se-convierte-centro-contenidos-multimedia\" target=\"_blank\" rel=\"nofollow noopener\">aplicaci\u00f3n TV<\/a> de los visores Quest.<\/p>\n<p>\u00a0<\/p>\n<p>\u00a0<\/p>\n<p>Las voces, tanto el tr\u00e1iler como el clip, est\u00e1n en ingl\u00e9s. La escena exclusiva no desvela ninguna sorpresa, recogiendo los preparativos de la partida de la tribu acu\u00e1tica y la familia en grandes barcos voladores hacia un destino desconocido, quiz\u00e1 huyendo del regreso de los seres humanos a Pandora.<\/p>\n<p>\u00a0<\/p>\n<p><img decoding=\"async\" src=\"https:\/\/www.europesays.com\/es\/wp-content\/uploads\/2025\/09\/68cb71de92990.jpg\"\/><br \/>\nFotograma del adelanto exclusivo que solo se puede ver en TV (Meta)<\/p>\n<p>\u00a0<\/p>\n<p>El estreno en cine de <b>Avatar: Fuego y ceniza<\/b> est\u00e1 previsto para el 19 de diciembre, siendo la tercera de una saga de pel\u00edculas de la que ya se est\u00e1n preparando dos entregas m\u00e1s.<\/p>\n","protected":false},"excerpt":{"rendered":"La tercera pel\u00edcula de la saga, Avatar: Fuego y Ceniza, llegar\u00e1 a las salas de cine estas Navidades,&hellip;\n","protected":false},"author":2,"featured_media":122751,"comment_status":"","ping_status":"","sticky":false,"template":"","format":"standard","meta":{"footnotes":""},"categories":[169],"tags":[177,146,147,25,24,176,175,23],"class_list":{"0":"post-122750","1":"post","2":"type-post","3":"status-publish","4":"format-standard","5":"has-post-thumbnail","7":"category-cine","8":"tag-cine","9":"tag-entertainment","10":"tag-entretenimiento","11":"tag-es","12":"tag-espana","13":"tag-film","14":"tag-movies","15":"tag-spain"},"share_on_mastodon":{"url":"","error":""},"_links":{"self":[{"href":"https:\/\/www.europesays.com\/es\/wp-json\/wp\/v2\/posts\/122750","targetHints":{"allow":["GET"]}}],"collection":[{"href":"https:\/\/www.europesays.com\/es\/wp-json\/wp\/v2\/posts"}],"about":[{"href":"https:\/\/www.europesays.com\/es\/wp-json\/wp\/v2\/types\/post"}],"author":[{"embeddable":true,"href":"https:\/\/www.europesays.com\/es\/wp-json\/wp\/v2\/users\/2"}],"replies":[{"embeddable":true,"href":"https:\/\/www.europesays.com\/es\/wp-json\/wp\/v2\/comments?post=122750"}],"version-history":[{"count":0,"href":"https:\/\/www.europesays.com\/es\/wp-json\/wp\/v2\/posts\/122750\/revisions"}],"wp:featuredmedia":[{"embeddable":true,"href":"https:\/\/www.europesays.com\/es\/wp-json\/wp\/v2\/media\/122751"}],"wp:attachment":[{"href":"https:\/\/www.europesays.com\/es\/wp-json\/wp\/v2\/media?parent=122750"}],"wp:term":[{"taxonomy":"category","embeddable":true,"href":"https:\/\/www.europesays.com\/es\/wp-json\/wp\/v2\/categories?post=122750"},{"taxonomy":"post_tag","embeddable":true,"href":"https:\/\/www.europesays.com\/es\/wp-json\/wp\/v2\/tags?post=122750"}],"curies":[{"name":"wp","href":"https:\/\/api.w.org\/{rel}","templated":true}]}}