{"id":122754,"date":"2025-09-18T09:58:10","date_gmt":"2025-09-18T09:58:10","guid":{"rendered":"https:\/\/www.europesays.com\/es\/122754\/"},"modified":"2025-09-18T09:58:10","modified_gmt":"2025-09-18T09:58:10","slug":"nuevos-resultados-explican-por-que-una-mutacion-en-un-gen-implicado-en-cancer-produce-fibrosis-pulmonar","status":"publish","type":"post","link":"https:\/\/www.europesays.com\/es\/122754\/","title":{"rendered":"Nuevos resultados explican por qu\u00e9 una mutaci\u00f3n en un gen implicado en c\u00e1ncer produce fibrosis pulmonar"},"content":{"rendered":"<p class=\"imagen\"> <img width=\"752\" height=\"1003\" src=\"https:\/\/www.europesays.com\/es\/wp-content\/uploads\/2025\/09\/nuevos-resultados-explican-por-que-una-mutacion-en-un-gen-implicado-en-cancer-produce-fibrosis-pulmo.jpeg\" class=\"attachment-con-aside size-con-aside\" alt=\"Desde la izda: Paula Mart\u00ednez, Ra\u00fal S\u00e1nchez-V\u00e1zquez y Maria A. Blasco. \/ CNIO\" decoding=\"async\" fetchpriority=\"high\"\/> Desde la izda: Paula Mart\u00ednez, Ra\u00fal S\u00e1nchez-V\u00e1zquez y Maria A. Blasco. \/ CNIO<\/p>\n<p>Un grupo del Centro Nacional de Investigaciones Oncol\u00f3gicas (CNIO) descubre que una alteraci\u00f3n en el gen POT1 impide que el tejido pulmonar se regenere, lo que con el tiempo dificulta la respiraci\u00f3n.<\/p>\n<p>La mutaci\u00f3n evita que los tel\u00f3meros, las estructuras que protegen los cromosomas, puedan ser reparadas correctamente.<\/p>\n<p>Para los autores, entender el efecto de mutaciones como esta \u201ces fundamental para desarrollar terapias personalizadas\u201d contra los \u2018s\u00edndromes telom\u00e9ricos\u2019, enfermedades que incluyen la fibrosis pulmonar y diversos c\u00e1nceres.<\/p>\n<p>La fibrosis pulmonar idiop\u00e1tica es una enfermedad sin tratamiento y potencialmente letal en que el tejido del pulm\u00f3n desarrolla cicatrices y se vuelve r\u00edgido, lo que hace que respirar sea, con los a\u00f1os, cada vez m\u00e1s dif\u00edcil. El proceso a\u00fan no se entiende bien a escala molecular y est\u00e1 siendo investigado activamente.<\/p>\n<p>S\u00ed se sabe que la fibrosis pulmonar se manifiesta cuando hay fallos en los tel\u00f3meros, las estructuras que protegen los cromosomas; lo <a href=\"https:\/\/www.cnio.es\/noticias\/publicaciones\/los-telomeros-estan-en-el-origen-de-la-fibrosis-pulmonar-idiopatica\/\" rel=\"nofollow noopener\" target=\"_blank\">descubri\u00f3<\/a> hace unos a\u00f1os el <a href=\"https:\/\/www.cnio.es\/investigacion-e-innovacion\/programas-cientificos\/programa-de-oncologia-molecular\/grupo-de-telomeros-y-telomerasa\/\" target=\"_blank\" rel=\"noreferrer noopener nofollow\">Grupo de Tel\u00f3meros y Telomerasa -Fundaci\u00f3n Humanismo y Ciencia<\/a>\u00a0del Centro Nacional de Investigaciones Oncol\u00f3gicas (CNIO), que abri\u00f3 as\u00ed nuevas v\u00edas para desarrollar <a href=\"https:\/\/www.cnio.es\/noticias\/el-tratamiento-de-la-fibrosis-pulmonar-debe-centrarse-en-los-telomeros-de-las-celulas-que-regeneran-los-pulmones-indica-un-nuevo-trabajo-de-investigadores-del-cnio\/\" rel=\"nofollow noopener\" target=\"_blank\">terapias contra la enfermedad<\/a>.<\/p>\n<p>El mismo grupo, dirigido por <strong>Maria Blasco,<\/strong> da ahora un paso m\u00e1s, al desvelar el mecanismo por el que una determinada mutaci\u00f3n gen\u00e9tica da lugar a la fibrosis pulmonar.<\/p>\n<p>Seg\u00fan explican en la revista Genes and Development, entender en profundidad el efecto de mutaciones como la estudiada \u201ces fundamental para desarrollar terapias personalizadas\u201d contra los llamados s\u00edndromes telom\u00e9ricos, un grupo de patolog\u00edas que incluye una decena de otras enfermedades, entre ellas la fibrosis pulmonar y muchos tipos de c\u00e1ncer.<\/p>\n<p><strong>Una mutaci\u00f3n que impide reparar los tel\u00f3meros<\/strong><\/p>\n<p>El estudio actual se centra en una mutaci\u00f3n en el gen POT1, que produce una de las prote\u00ednas llamadas shelterinas que conforman el escudo protector de los tel\u00f3meros. El grupo del CNIO ha descubierto que cuando esta mutaci\u00f3n est\u00e1 presente los tel\u00f3meros no pueden ser reparados, porque la enzima que se ocupa de ello, la telomerasa, es incapaz de operar normalmente.<\/p>\n<p>\u201cDemostramos que esta mutaci\u00f3n hace que la telomerasa no funcione en el tel\u00f3mero\u201d, explica Blasco, autora principal del nuevo trabajo, en el que participan <strong>Paula Mart\u00ednez<\/strong> y <strong>Ra\u00fal S\u00e1nchez-V\u00e1zquez, <\/strong>del mismo grupo.<\/p>\n<p>\u201cEl estudio ayuda a explicar por qu\u00e9 personas con esta mutaci\u00f3n tienen tel\u00f3meros cortos y desarrollan fibrosis pulmonar, al igual que los mutantes en telomerasa. Estos resultados enfatizan la prevalencia de los tel\u00f3meros disfuncionales y cortos en el origen de la fibrosis pulmonar en humanos\u201d, a\u00f1ade Blasco.<\/p>\n<p><strong>\u2018Shelterinas\u2019 alteradas, tel\u00f3meros desprotegidos<\/strong><\/p>\n<p>Los tel\u00f3meros son estructuras moleculares que, a modo de capuchones, protegen la integridad de los cromosomas. De modo natural a lo largo de la vida los tel\u00f3meros se van acortando \u2013una consecuencia inevitable de la divisi\u00f3n de las c\u00e9lulas\u2013 y, si se vuelven demasiado cortos, las c\u00e9lulas dejan de dividirse. Esto se traduce en que el tejido no se regenera. En el tejido pulmonar, la no regeneraci\u00f3n por disfunci\u00f3n de los tel\u00f3meros causa fibrosis.<\/p>\n<p>Esto \u00faltimo fue demostrado en trabajos anteriores por el grupo de Blasco, que tambi\u00e9n descubri\u00f3 que <a href=\"https:\/\/www.cnio.es\/noticias\/publicaciones\/abierta-via-futura-terapia-genica-fibrosis-pulmonar-asociada-al-envejecimiento\/\" rel=\"nofollow noopener\" target=\"_blank\">es posible revertir la fibrosis<\/a> en animales activando la enzima telomerasa en los tejidos afectados.<\/p>\n<p>Sin embargo, en el estudio actual observan que cuando la prote\u00edna shelterina POT1 est\u00e1 mutada no es posible reparar los tel\u00f3meros \u2013ni siquiera cuando hay telomerasa\u2013. Aparece por tanto la fibrosis.<\/p>\n<p>\u201cVemos que esta mutaci\u00f3n en POT1 es id\u00e9ntica a la mutaci\u00f3n en telomerasa\u201d, explica Blasco. \u201cEs la primera vez que se encuentra un mutante en una prote\u00edna shelterina que tiene el mismo efecto que no tener telomerasa\u201d.<\/p>\n<p><strong>POT1 en c\u00e1ncer y envejecimiento<\/strong><\/p>\n<p>Hasta ahora todas las mutaciones de POT1 se hab\u00edan asociado a c\u00e1ncer, y de hecho el grupo de Blasco ha sido pionero en caracterizar el papel de las mutaciones de POT1 en c\u00e1ncer. La mutaci\u00f3n de POT1 estudiada en el trabajo actual es la primera que se asocia a una enfermedad degenerativa como es la fibrosis pulmonar.\u00a0<\/p>\n<p>\u201cEl que una misma prote\u00edna de los tel\u00f3meros, POT1, pueda dar lugar a c\u00e1ncer o envejecimiento, demuestra el papel esencial de los tel\u00f3meros en estas enfermedades\u201d, se\u00f1ala la jefa del Grupo de Tel\u00f3meros y Telomerasa \u2013 Fundaci\u00f3n Humanismo y Ciencia del CNIO.<\/p>\n<p><strong>Estrategias terap\u00e9uticas<\/strong><\/p>\n<p>La empresa spin off del CNIO Telomere Therapeutics, <a href=\"https:\/\/www.cnio.es\/noticias\/noticias-cnio\/spin-off-cnio-uab-terapia-genica-fibrosis-pulmonar\/\" rel=\"nofollow noopener\" target=\"_blank\">creada hace unos a\u00f1os<\/a>, desarrolla actualmente terapias basadas en la activaci\u00f3n de la enzima telomerasa en tejidos afectados. El estudio ahora publicado, no obstante, muestra la importancia de personalizar los tratamientos, dado que la activaci\u00f3n de la telomerasa no resolver\u00eda el problema en las fibrosis causadas por mutaciones en POT1.<\/p>\n<p><strong>Proyecto europeo SHELTERINS<\/strong><\/p>\n<p>El grupo de Blasco ha realizado este estudio con financiaci\u00f3n del proyecto <a href=\"https:\/\/www.cnio.es\/noticias\/noticias-cnio\/maria-blasco-y-marisol-soengas-reciben-dos-erc-advanced-grants\/\" rel=\"nofollow noopener\" target=\"_blank\">SHELTERINS<\/a>, del Consejo Europeo de Investigaci\u00f3n.<\/p>\n<p>El fin de este proyecto, liderado por Maria Blasco, es conocer mejor el papel de las prote\u00ednas shelterinas en c\u00e1ncer, para\u00a0buscar estrategias terap\u00e9uticas que anulen la capacidad que tienen los tumores para dividirse de manera infinita anulando la protecci\u00f3n de los tel\u00f3meros\u00a0y bloquear as\u00ed, por lo tanto, el potencial crecimiento descontrolado de los tumores.<\/p>\n<p>Dentro de este proyecto el grupo ha estudiado varias mutaciones en POT1, que est\u00e1 mutado en muchos tipos de tumores.<\/p>\n<p><strong>Sobre el Centro Nacional de Investigaciones Oncol\u00f3gicas (CNIO)<\/strong><\/p>\n<p>El Centro Nacional de Investigaciones Oncol\u00f3gicas (CNIO) es un centro p\u00fablico de investigaci\u00f3n dependiente del Ministerio de Ciencia, Innovaci\u00f3n y Universidades.\u00a0Es el mayor centro de investigaci\u00f3n en c\u00e1ncer en Espa\u00f1a y uno de los m\u00e1s importantes en Europa. Integra a medio millar de cient\u00edficos y cient\u00edficas, m\u00e1s el personal de apoyo, que trabajan para mejorar la prevenci\u00f3n, el diagn\u00f3stico y el tratamiento del c\u00e1ncer.<\/p>\n<p>Art\u00edculo de referencia<\/p>\n<p>Ra\u00fal S\u00e1nchez-V\u00e1zquez, Sonia Burgaz Garc\u00eda-Oteyza, Rosa Serrano, et al., Mice carrying the homologous human shelterin POT1-L259S mutation linked to pulmonary fibrosis show a telomerase deficiency-like phenotype with telomere shortening with increasing mouse generations, Genes Dev., published online September15, 2025<\/p>\n<p>Access the most recent version at doi: 10.1101\/gad.352855.125<\/p>\n<p class=\"volver\"> <a href=\"https:\/\/www.cnio.es\/noticias\/\" rel=\"nofollow noopener\" target=\"_blank\"> Volver a las noticias<\/a><\/p>\n","protected":false},"excerpt":{"rendered":"Desde la izda: Paula Mart\u00ednez, Ra\u00fal S\u00e1nchez-V\u00e1zquez y Maria A. Blasco. \/ CNIO Un grupo del Centro Nacional&hellip;\n","protected":false},"author":2,"featured_media":122755,"comment_status":"","ping_status":"","sticky":false,"template":"","format":"standard","meta":{"footnotes":""},"categories":[92],"tags":[25,24,165,166,23],"class_list":{"0":"post-122754","1":"post","2":"type-post","3":"status-publish","4":"format-standard","5":"has-post-thumbnail","7":"category-salud","8":"tag-es","9":"tag-espana","10":"tag-health","11":"tag-salud","12":"tag-spain"},"share_on_mastodon":{"url":"","error":""},"_links":{"self":[{"href":"https:\/\/www.europesays.com\/es\/wp-json\/wp\/v2\/posts\/122754","targetHints":{"allow":["GET"]}}],"collection":[{"href":"https:\/\/www.europesays.com\/es\/wp-json\/wp\/v2\/posts"}],"about":[{"href":"https:\/\/www.europesays.com\/es\/wp-json\/wp\/v2\/types\/post"}],"author":[{"embeddable":true,"href":"https:\/\/www.europesays.com\/es\/wp-json\/wp\/v2\/users\/2"}],"replies":[{"embeddable":true,"href":"https:\/\/www.europesays.com\/es\/wp-json\/wp\/v2\/comments?post=122754"}],"version-history":[{"count":0,"href":"https:\/\/www.europesays.com\/es\/wp-json\/wp\/v2\/posts\/122754\/revisions"}],"wp:featuredmedia":[{"embeddable":true,"href":"https:\/\/www.europesays.com\/es\/wp-json\/wp\/v2\/media\/122755"}],"wp:attachment":[{"href":"https:\/\/www.europesays.com\/es\/wp-json\/wp\/v2\/media?parent=122754"}],"wp:term":[{"taxonomy":"category","embeddable":true,"href":"https:\/\/www.europesays.com\/es\/wp-json\/wp\/v2\/categories?post=122754"},{"taxonomy":"post_tag","embeddable":true,"href":"https:\/\/www.europesays.com\/es\/wp-json\/wp\/v2\/tags?post=122754"}],"curies":[{"name":"wp","href":"https:\/\/api.w.org\/{rel}","templated":true}]}}