{"id":122756,"date":"2025-09-18T09:59:11","date_gmt":"2025-09-18T09:59:11","guid":{"rendered":"https:\/\/www.europesays.com\/es\/122756\/"},"modified":"2025-09-18T09:59:11","modified_gmt":"2025-09-18T09:59:11","slug":"la-reina-camila-se-ausenta-del-funeral-que-hace-historia-en-inglaterra","status":"publish","type":"post","link":"https:\/\/www.europesays.com\/es\/122756\/","title":{"rendered":"La Reina Camila se ausenta del funeral que hace historia en Inglaterra"},"content":{"rendered":"<p><img decoding=\"async\" class=\"voc-author__img\" src=\"https:\/\/www.europesays.com\/es\/wp-content\/uploads\/2025\/09\/autor-7150-foto-1.jpeg\" alt=\"Marina Ortiz Cort\u00e9s\"\/><\/p>\n<p>16\/09\/2025<br \/>\n<br \/><strong><br \/>\nActualizado 18\/09\/2025 a las 06:04h.<br \/>\n<\/strong><\/p>\n<p class=\"voc-p\" style=\"\">La <strong>Reina Camila<\/strong> se ha ausentado del funeral de la <a href=\"https:\/\/www.abc.es\/gente\/muere-duquesa-catalina-kent-anos-20250905131014-nt.html\" target=\"_self\" data-voc-vtm-id=\"in-text-traffic\" title=\"duquesa de Kent\" data-mrf-link=\"www.abc.es\" rel=\"nofollow noopener\">duquesa de Kent<\/a> \u00abcon profundo pesar\u00bb, seg\u00fan ha comunicado la &#8216;BBC&#8217;, debido a una sinusitis aguda. Una dolencia que le pilla en una semana especialmente significativa para la Familia Real brit\u00e1nica, puesto que despu\u00e9s de esta despedida, que es la primera cat\u00f3lica en la historia reciente de la monarqu\u00eda de Reino Unido, llegar\u00e1 la agenda por la visita oficial de <strong>Donald Trump y su esposa, Melania<\/strong>. <\/p>\n<p class=\"voc-p\" style=\"\">S\u00ed que ha estado el <a href=\"https:\/\/www.abc.es\/gente\/carlos-iii-harry-encuentran-finalmente-tras-dias-20250910185453-nt.html\" target=\"_self\" data-voc-vtm-id=\"in-text-traffic\" title=\"Rey Carlos III\" data-mrf-link=\"www.abc.es\" rel=\"nofollow noopener\">Rey Carlos III<\/a>, seguido de los Pr\u00edncipes de Gales, que se han llevado todo el protagonismo. Tambi\u00e9n la Princesa Ana, acompa\u00f1ada de su marido Sir Tim Laurence, y el <strong>viudo de la duquesa, el duque de Kent<\/strong>. Por supuesto, la extensa familia Windsor ha acudido a velar por la fallecida Catalina de Kent, que se convirti\u00f3 al catolicismo en la adultez, lo cual explica esta despedida conforme a los ritos de la Iglesia cat\u00f3lica.<\/p>\n<p class=\"voc-p\" style=\"\">Los nietos de la duquesa de Kent, Lady Amelia y su hermana, Lady Marina, han mostrado su tristeza durante el servicio religioso, que ha oficiado el cardenal Vincent Nichols. Este l\u00edder de la iglesia cat\u00f3lica en Reino Unido ha explicado que era el primer funeral &#8216;royal&#8217; que se celebraba con este rito \u00ab<strong>probablemente en 300 a\u00f1os<\/strong>\u00bb. Sin embargo, ha dejado claro que hay una \u00abfuerte afinidad\u00bb entre ambas instituciones.<\/p>\n<p><img decoding=\"async\" loading=\"lazy\" src=\"https:\/\/www.europesays.com\/es\/wp-content\/uploads\/2025\/09\/DL_u591005_155-U00500013307iHe-758x470@diario_abc.jpg\" class=\"voc-d-c-combo-3__img\" width=\"758\" height=\"470\" alt=\"Imagen principal - El Pr\u00edncipe Andr\u00e9s junto a su hermana, la Princesa Ana. Abajo, Sof\u00eda de Edimburgo y Sarah Ferguson y, en la tercera foto, el viudo, el Pr\u00edncipe Eduardo de Kent.\"\/><\/p>\n<p><img decoding=\"async\" loading=\"lazy\" src=\"https:\/\/www.europesays.com\/es\/wp-content\/uploads\/2025\/09\/DL_u591005_176-U52587406208xKN-464x329@diario_abc.jpg\" class=\"voc-d-c-combo-3__img\" width=\"464\" height=\"329\" alt=\"Imagen secundaria 1 - El Pr\u00edncipe Andr\u00e9s junto a su hermana, la Princesa Ana. Abajo, Sof\u00eda de Edimburgo y Sarah Ferguson y, en la tercera foto, el viudo, el Pr\u00edncipe Eduardo de Kent.\"\/><\/p>\n<p><img decoding=\"async\" loading=\"lazy\" src=\"https:\/\/www.europesays.com\/es\/wp-content\/uploads\/2025\/09\/DL_u591005_168-U01782655316wNt-278x329@diario_abc.jpg\" class=\"voc-d-c-combo-3__img\" width=\"278\" height=\"329\" alt=\"Imagen secundaria 2 - El Pr\u00edncipe Andr\u00e9s junto a su hermana, la Princesa Ana. Abajo, Sof\u00eda de Edimburgo y Sarah Ferguson y, en la tercera foto, el viudo, el Pr\u00edncipe Eduardo de Kent.\"\/><\/p>\n<p>El Pr\u00edncipe Andr\u00e9s junto a su hermana, la Princesa Ana. Abajo, Sof\u00eda de Edimburgo y Sarah Ferguson y, en la tercera foto, el viudo, el Pr\u00edncipe Eduardo de Kent.<br \/>\nGTRES<\/p>\n<p class=\"voc-p\" style=\"\">Y entre los presentes ha sorprendido la presencia del <strong>Pr\u00edncipe Andr\u00e9s<\/strong>, que incluso ha caminado junto al Pr\u00edncipe Guillermo a la salida de la catedral de Westminster. En medio de la pol\u00e9mica por su relaci\u00f3n con Epstein, que adem\u00e1s se ha visto reiniciada por la publicaci\u00f3n de cientos de correos electr\u00f3nicos que demuestran su conexi\u00f3n, y precisamente ante el viaje del Presidente de Estados Unidos, el duque de York sigue teniendo un lugar en la primera fila de la Familia Real brit\u00e1nica. Junto a \u00e9l ha estado tambi\u00e9n <strong>su exmujer, Sarah Ferguson<\/strong>, as\u00ed como la duquesa de Edimburgo, Sof\u00eda, que acudi\u00f3 en solitario y sin su marido, el Pr\u00edncipe Eduardo. <\/p>\n<p>\nUn collar con mensaje\n<\/p>\n<p class=\"voc-p\" style=\"\">Uno de los temas m\u00e1s comentado ha sido, m\u00e1s all\u00e1 de la ausencia de Camila y la presencia en primera plana del Pr\u00edncipe Andr\u00e9s, ha sido el estilismo escogido por la Princesa Kate. Tal y como se\u00f1alan los medios brit\u00e1nicos, la elecci\u00f3n de las joyas revela un <strong>homenaje no solo a la Princesa Diana, sino tambi\u00e9n a la Reina Isabel<\/strong>. Se ha puesto un collar de perlas conocido como el &#8216;choker japon\u00e9s&#8217;, que est\u00e1 formado por cuatro filas de perlas y un enganche central cubierto de diamantes. <\/p>\n<p class=\"voc-p\" style=\"\">Se dice que la monarca mand\u00f3 hacer esta pieza con perlas que le regal\u00f3 el Gobierno japon\u00e9s tras una visita de Estado en 1975, y no solo se le vio en varias ocasiones a Isabel II, sino que esta se lo prest\u00f3 tambi\u00e9n a la entonces Princesa de Gales. No es la primera vez que se lo pone Kate, puesto que ya lo luci\u00f3 en la cena de aniversario de la Reina y el Pr\u00edncipe Felipe en 2017.<\/p>\n<p>Reportar un error<\/p>\n","protected":false},"excerpt":{"rendered":"16\/09\/2025 Actualizado 18\/09\/2025 a las 06:04h. La Reina Camila se ha ausentado del funeral de la duquesa de&hellip;\n","protected":false},"author":2,"featured_media":122757,"comment_status":"","ping_status":"","sticky":false,"template":"","format":"standard","meta":{"footnotes":""},"categories":[91],"tags":[22282,40307,146,147,25,24,9589,448,332,10717,23],"class_list":{"0":"post-122756","1":"post","2":"type-post","3":"status-publish","4":"format-standard","5":"has-post-thumbnail","7":"category-entretenimiento","8":"tag-ausenta","9":"tag-camila","10":"tag-entertainment","11":"tag-entretenimiento","12":"tag-es","13":"tag-espana","14":"tag-funeral","15":"tag-historia","16":"tag-inglaterra","17":"tag-reina","18":"tag-spain"},"share_on_mastodon":{"url":"","error":""},"_links":{"self":[{"href":"https:\/\/www.europesays.com\/es\/wp-json\/wp\/v2\/posts\/122756","targetHints":{"allow":["GET"]}}],"collection":[{"href":"https:\/\/www.europesays.com\/es\/wp-json\/wp\/v2\/posts"}],"about":[{"href":"https:\/\/www.europesays.com\/es\/wp-json\/wp\/v2\/types\/post"}],"author":[{"embeddable":true,"href":"https:\/\/www.europesays.com\/es\/wp-json\/wp\/v2\/users\/2"}],"replies":[{"embeddable":true,"href":"https:\/\/www.europesays.com\/es\/wp-json\/wp\/v2\/comments?post=122756"}],"version-history":[{"count":0,"href":"https:\/\/www.europesays.com\/es\/wp-json\/wp\/v2\/posts\/122756\/revisions"}],"wp:featuredmedia":[{"embeddable":true,"href":"https:\/\/www.europesays.com\/es\/wp-json\/wp\/v2\/media\/122757"}],"wp:attachment":[{"href":"https:\/\/www.europesays.com\/es\/wp-json\/wp\/v2\/media?parent=122756"}],"wp:term":[{"taxonomy":"category","embeddable":true,"href":"https:\/\/www.europesays.com\/es\/wp-json\/wp\/v2\/categories?post=122756"},{"taxonomy":"post_tag","embeddable":true,"href":"https:\/\/www.europesays.com\/es\/wp-json\/wp\/v2\/tags?post=122756"}],"curies":[{"name":"wp","href":"https:\/\/api.w.org\/{rel}","templated":true}]}}