{"id":122760,"date":"2025-09-18T10:01:08","date_gmt":"2025-09-18T10:01:08","guid":{"rendered":"https:\/\/www.europesays.com\/es\/122760\/"},"modified":"2025-09-18T10:01:08","modified_gmt":"2025-09-18T10:01:08","slug":"la-multinacional-sevillana-inerco-reestructura-su-accionariado-con-el-reparto-de-otro-10-entre-miembros-del-equipo-directivo","status":"publish","type":"post","link":"https:\/\/www.europesays.com\/es\/122760\/","title":{"rendered":"La multinacional sevillana Inerco reestructura su accionariado con el reparto de otro 10% entre miembros del equipo directivo"},"content":{"rendered":"<p class=\"paragraph-atom&#10;        &#10;        B-510-400-550-N B-525-400-700-N--md&#10;        &#10;        \">\n    La multinacional sevillana Inerco, especializada en tecnolog\u00edas medioambientales, ha llevado a cabo una<strong> reestructuraci\u00f3n de su accionariado<\/strong> con la distribuci\u00f3n de otro 10% de los t\u00edtulos entre miembros del equipo directivo, cuya participaci\u00f3n alcanzar\u00e1 ahora el 16%, seg\u00fan ha podido confirmar este diario. En concreto, la operaci\u00f3n se ha realizado mediante el traspaso de ese porcentaje de las acciones por parte de su presidente, Pedro Mar\u00edn, que <strong>contaba hasta el momento con un 70% de la sociedad<\/strong>.\n    <\/p>\n<p class=\"paragraph-atom&#10;        &#10;        B-510-400-550-N B-525-400-700-N--md&#10;        &#10;        \">\n    La compa\u00f1\u00eda profundiza as\u00ed en el <strong>proceso de relevo de su c\u00fapula fundacional <\/strong>que materializ\u00f3 a mediados de 2024, coincidiendo con su 40 aniversario, mediante una operaci\u00f3n de adquisici\u00f3n del accionariado por parte del equipo directivo de la misma \u2013conocida en el argot empresarial como Management Buy Out (MBO)\u2013, que puso al frente como presidente, con el citado 70%, al propio Pedro Mar\u00edn, hasta entonces director general y con m\u00e1s de tres d\u00e9cadas de trayectoria en el grupo.\n    <\/p>\n<p class=\"paragraph-atom&#10;        &#10;        B-510-400-550-N B-525-400-700-N--md&#10;        &#10;        \">\n    En la misma reestructuraci\u00f3n, se incorpor\u00f3 a la firma como socio el presidente de la Asociaci\u00f3n de Empresarios del Sur de Espa\u00f1a (Cesur), Jos\u00e9 Manuel Gonz\u00e1lez, a trav\u00e9s de Chalten Inversiones <strong>con un porcentaje del 24%<\/strong>. El 6% restante qued\u00f3 entonces en manos de otros miembros de la directiva, quienes con la operaci\u00f3n cerrada en las \u00faltimas semanas <strong>pasar\u00e1n a ostentar ahora el 16% mencionado<\/strong>, quedando todav\u00eda en manos del presidente de Inerco la mayor\u00eda del 60% del capital.\n    <\/p>\n<p class=\"paragraph-atom&#10;        &#10;        B-510-400-550-N B-525-400-700-N--md&#10;        &#10;        \">\n    La empresa nacida en 1984 tiene marcado para este 2025 como objetivo<strong> elevar el negocio un 37% hasta la cifra r\u00e9cord de 100 millones de euros<\/strong> y aumentar la plantilla en un 25%, alcanzando los 1.000 empleados. La hoja de ruta, como avanz\u00f3 Pedro Mar\u00edn en una entrevista con este diario, se centra en desplegar todas las l\u00edneas de negocio en materia de sostenibilidad industrial en los pa\u00edses en los que ya opera y acelerar su expansi\u00f3n en el exterior.\n    <\/p>\n<p class=\"paragraph-atom&#10;        &#10;        B-510-400-550-N B-525-400-700-N--md&#10;        &#10;        \">\n    As\u00ed, tras la apertura de su \u00faltima oficina en Emiratos \u00c1rabes, pondr\u00e1 uno de los focos en este mercado, donde planea su desarrollo en el segmento de seguridad industrial y de la mano de un gran cliente, adem\u00e1s de que, a medio plazo, contempla <strong>aumentar su presencia en EEUU<\/strong>. En paralelo, la compa\u00f1\u00eda va a continuar con la estrategia inorg\u00e1nica que viene ejecutando en los \u00faltimos a\u00f1os para ampliar su cartera de servicios y su implantaci\u00f3n internacional.\n    <\/p>\n<p class=\"paragraph-atom&#10;        &#10;        B-510-400-550-N B-525-400-700-N--md&#10;        &#10;        \">\n    Fundada como la primera spin-off de la Escuela Superior de Ingenieros Industriales de Sevilla de la mano de <strong>los catedr\u00e1ticos Luis Salvador y Vicente Cort\u00e9s<\/strong>, y bajo la direcci\u00f3n de Jos\u00e9 Gonz\u00e1lez, la firma arranc\u00f3 enfocada en el desarrollo industrial sostenible con l\u00edneas de negocio de asesor\u00eda en seguridad, prevenci\u00f3n de riesgos laborales y medioambiente \u2013HSE por sus siglas en ingl\u00e9s (Health, Safety and Environment)\u2013, hasta llegar a su gama actual de servicios integrales en tecnolog\u00edas verdes.\n    <\/p>\n<p>        <strong>Cartera de proyectos<\/strong> <\/p>\n<p class=\"paragraph-atom&#10;        &#10;        B-510-400-550-N B-525-400-700-N--md&#10;        &#10;        \">\n    Con m\u00e1s de 800 empleados y diez delegaciones en el exterior, la empresa \u2013que cerr\u00f3 el ejercicio 2024 con una facturaci\u00f3n de 73 millones de euros\u2013 desarrolla su actividad a nivel global<strong> en 80 pa\u00edses<\/strong> ofreciendo consultor\u00eda en sostenibilidad y realizando proyectos especializados en todas las ramas medioambientales, como tratamiento de aguas, producci\u00f3n de biometano, hidr\u00f3geno verde, almacenamiento t\u00e9rmico y el\u00e9ctrico, captura de CO2, reducci\u00f3n ac\u00fastica o descontaminaci\u00f3n de suelos, entre otras.\n    <\/p>\n<p class=\"paragraph-atom&#10;        &#10;        B-510-400-550-N B-525-400-700-N--md&#10;        &#10;        \">\n    Como contratos recientes, figura el dise\u00f1o y la <strong>construcci\u00f3n del mayor sistema de almacenamiento t\u00e9rmico en Espa\u00f1a para Iberdrola y la farmac\u00e9utica Bayer<\/strong>; la insonorizaci\u00f3n de<strong> centros log\u00edsticos de Amazon<\/strong> en EEUU, Espa\u00f1a, Francia e Italia; ingenier\u00eda para las plantas de hidr\u00f3geno verde de Moeve y de captura de CO2 para la cementera Holcim; proyectos de reducci\u00f3n de \u00f3xidos de nitr\u00f3geno para Enel; el apantallamiento ac\u00fastico del Tren Maya en M\u00e9xico; o el tratamiento de suelos contaminados por hidrocarburos en selva para Petroper\u00fa.\n    <\/p>\n","protected":false},"excerpt":{"rendered":"La multinacional sevillana Inerco, especializada en tecnolog\u00edas medioambientales, ha llevado a cabo una reestructuraci\u00f3n de su accionariado con&hellip;\n","protected":false},"author":2,"featured_media":122761,"comment_status":"","ping_status":"","sticky":false,"template":"","format":"standard","meta":{"footnotes":""},"categories":[80],"tags":[5287,40314,82,40315,95,94,622,25,24,40312,36951,40313,23],"class_list":{"0":"post-122760","1":"post","2":"type-post","3":"status-publish","4":"format-standard","5":"has-post-thumbnail","7":"category-economia","8":"tag-5287","9":"tag-accionariado","10":"tag-business","11":"tag-directivo","12":"tag-economia","13":"tag-economy","14":"tag-equipo","15":"tag-es","16":"tag-espana","17":"tag-inerco","18":"tag-multinacional","19":"tag-reestructura","20":"tag-spain"},"share_on_mastodon":{"url":"","error":""},"_links":{"self":[{"href":"https:\/\/www.europesays.com\/es\/wp-json\/wp\/v2\/posts\/122760","targetHints":{"allow":["GET"]}}],"collection":[{"href":"https:\/\/www.europesays.com\/es\/wp-json\/wp\/v2\/posts"}],"about":[{"href":"https:\/\/www.europesays.com\/es\/wp-json\/wp\/v2\/types\/post"}],"author":[{"embeddable":true,"href":"https:\/\/www.europesays.com\/es\/wp-json\/wp\/v2\/users\/2"}],"replies":[{"embeddable":true,"href":"https:\/\/www.europesays.com\/es\/wp-json\/wp\/v2\/comments?post=122760"}],"version-history":[{"count":0,"href":"https:\/\/www.europesays.com\/es\/wp-json\/wp\/v2\/posts\/122760\/revisions"}],"wp:featuredmedia":[{"embeddable":true,"href":"https:\/\/www.europesays.com\/es\/wp-json\/wp\/v2\/media\/122761"}],"wp:attachment":[{"href":"https:\/\/www.europesays.com\/es\/wp-json\/wp\/v2\/media?parent=122760"}],"wp:term":[{"taxonomy":"category","embeddable":true,"href":"https:\/\/www.europesays.com\/es\/wp-json\/wp\/v2\/categories?post=122760"},{"taxonomy":"post_tag","embeddable":true,"href":"https:\/\/www.europesays.com\/es\/wp-json\/wp\/v2\/tags?post=122760"}],"curies":[{"name":"wp","href":"https:\/\/api.w.org\/{rel}","templated":true}]}}