{"id":122762,"date":"2025-09-18T10:02:11","date_gmt":"2025-09-18T10:02:11","guid":{"rendered":"https:\/\/www.europesays.com\/es\/122762\/"},"modified":"2025-09-18T10:02:11","modified_gmt":"2025-09-18T10:02:11","slug":"quiero-irme-pero-no-tenemos-como","status":"publish","type":"post","link":"https:\/\/www.europesays.com\/es\/122762\/","title":{"rendered":"Quiero irme pero no tenemos c\u00f3mo"},"content":{"rendered":"<p class=\"c-paragraph\">La <b>ofensiva a\u00e9rea y terrestre de Israel contra la Ciudad de Gaza<\/b> ha dejado este mi\u00e9rcoles medio centenar de muertos, ha destrozado varios edificios del centro y ha provocado la desconexi\u00f3n de la poblaci\u00f3n, con p\u00e9rdidas puntuales de internet y telefon\u00eda, que sufren m\u00e1s de\u00a0<b>500.000 gazat\u00edes que siguen en la ciudad asediada,<\/b> de la que en la \u00faltima semana han salido de 200.000 habitantes, seg\u00fan la ONU, a 400.000, seg\u00fan Israel.<\/p>\n<p class=\"c-paragraph\">A media ma\u00f1ana, en un momento en el que las l\u00edneas telef\u00f3nicas todav\u00eda funcionan, al otro lado del tel\u00e9fono responde Hamed, propietario del supermercado Al Sahaba en la ciudad de Gaza. En ingl\u00e9s, este gazat\u00ed explica a <b>20minutos<\/b> que ahora \u00e9l y su familia s\u00ed quieren marcharse, pero no saben c\u00f3mo salir de la ciudad. \u00ab<b>Estamos haciendo las maletas, pero el problema es que no hay transporte. <\/b>No tenemos coche, ni acceso a una furgoneta. Tengo una familia grande y quiero irme de aqu\u00ed pero no tenemos c\u00f3mo\u00bb.<\/p>\n<blockquote class=\"c-phrase__blockquote\"><p>Estamos haciendo las maletas, pero no hay transporte.\u00a0No tenemos coche, ni furgoneta. Tengo una familia grande y quiero irme de aqu\u00ed pero no tenemos c\u00f3mo<\/p><\/blockquote>\n<p class=\"c-paragraph\">Este mi\u00e9rcoles<b> <a href=\"https:\/\/www.20minutos.es\/internacional\/israel-abre-una-segunda-via-evacuacion-ciudad-gaza-afirma-haber-eliminado-150-objetivos-terroristas-hamas_6327284_0.html\" rel=\"nofollow noopener\" target=\"_blank\">Israel ha abierto la segunda v\u00eda de evacuaci\u00f3n por el sur para que la poblaci\u00f3n\u00a0 abandone Ciudad de Gaza<\/a>,<\/b> la capital, con el objetivo, seg\u00fan ha dicho, de reducir el n\u00famero de bajas civiles en esta operaci\u00f3n en marcha contra unos 3.000 milicianos de Ham\u00e1s.<\/p>\n<p>\u00abLa situaci\u00f3n es terrible\u00bb<\/p>\n<p class=\"c-paragraph\">La v\u00eda abierta es una hist\u00f3rica carretera gazat\u00ed, <a href=\"https:\/\/es.wikipedia.org\/wiki\/Carretera_de_Saladino\" rel=\"nofollow noreferrer noopener\" target=\"_blank\">la v\u00eda Saladino<\/a>, que en teor\u00eda, debe permanecer segura 48 horas (hasta mediod\u00eda del viernes 19 de septiembre). Sin embargo, son muchos los gazat\u00edes que como Hamed dicen que siguen sin poder desplazarse, sea por<b> falta de medios de transporte, por temor a bombardeos en el camino o ante la inc\u00f3gnita de d\u00f3nde se establecer\u00e1n<\/b> con sus familias, muchas de ellas numerosas, despu\u00e9s de dejar todas sus pertenencias atr\u00e1s.<\/p>\n<p class=\"c-paragraph\">Esperanza Santos es coordinadora de emergencias de M\u00e9dicos Sin Fronteras en Gaza y asegura que \u00abla\u00a0<b>situaci\u00f3n<\/b>\u00a0actual de Ciudad de Gaza es\u00a0<b>terrible\u00bb y que se ha deteriorado\u00a0<\/b>desde que el ej\u00e9rcito de Israel anunci\u00f3 que iba a lanzar la ofensiva definitiva contra la capital.\u00a0<\/p>\n<p class=\"c-paragraph\">\u00abDesde el mi\u00e9rcoles pasado hemos visto c\u00f3mo los\u00a0<b>bombardeos y los ataques<\/b>\u00a0\u2014que estaban concentrados en algunos barrios y avanzaban progresivamente\u2014\u00a0<b>se han extendido por toda la ciudad<\/b>. Ahora mismo hay\u00a0<b>ataques durante el d\u00eda y durante la noche<\/b>, y en todos los barrios de Ciudad de Gaza. A veces con bombardeos por el aire, pero tambi\u00e9n con tropas avanzando en algunas zonas. Realmente, la\u00a0<b>situaci\u00f3n es espeluznante<\/b>. La gente est\u00e1 muy confundida, con miedo, y ya no sabe d\u00f3nde ir, d\u00f3nde puede estar segura. Desde el fin de semana hemos visto c\u00f3mo la poblaci\u00f3n\u00a0<b>intenta salir de manera desesperada<\/b>\u00ab, agrega<b>.<\/b><\/p>\n<p class=\"c-paragraph\">Santos realiz\u00f3 el lunes el camino abierto para salir de Ciudad de Gaza hacia el sur. \u00abSon 12 kil\u00f3metros que separan la ciudad de la zona media, que se considera un poco m\u00e1s segura.\u00a0<b>12 kil\u00f3metros que tardamos m\u00e1s de 4 horas y media en recorrer<\/b>. Un camino lleno de gente, camiones, coches, carretillas, burros, gente intentando llevarse sus pertenencias, como pod\u00edan, la mayor parte caminando. Muchas mujeres, muchos ni\u00f1os: uno con una garrafa, otro con una manta, otro con un colch\u00f3n en la cabeza, con las mochilitas peque\u00f1as de colegio.\u00a0<b>La imagen es muy dura, porque ves c\u00f3mo la gente huye sin saber ad\u00f3nde va, pero debe escapar porque sabe que no es seguro quedarse<\/b>. Lo que m\u00e1s vi ayer fueron familias enteras\u00bb.\u00a0<\/p>\n<blockquote class=\"c-phrase__blockquote\"><p>La imagen es muy dura, porque ves c\u00f3mo la gente huye sin saber ad\u00f3nde va, pero debe escapar porque sabe que no es seguro quedarse<\/p><\/blockquote>\n<p class=\"c-paragraph\">Cuando Santos habla con su personal en la capital, le dicen que no tienen claro su futuro pero con su salida quieren intentar que sus hijos lo tengan. \u00abY est\u00e1 claro que <b>quedarse en Ciudad de Gaza no es seguro\u201d<\/b>. Por eso ve que la poblaci\u00f3n que se desplaza son familias con ni\u00f1os. Son los j\u00f3venes y las familias las que salen, mientras que\u00a0<b><b>los m\u00e1s mayores, los que han hecho toda su vida en la zona, optan por no abandonarla.<\/b><\/b><\/p>\n<p class=\"c-paragraph\">La situaci\u00f3n en la capital es desoladora, tal y como describe el tendero Hamed. Solo hay algo de comida y poca en los mercados locales, nada en los supermercados. \u00abEstamos cansados, muy cansados de esta situaci\u00f3n.\u00a0<b>Somos seres humanos y necesitamos una soluci\u00f3n. <\/b>Un alto el fuego\u00bb, explica a este medio. \u00abTienen que encontrar una soluci\u00f3n. Tiene que hacerlo la comunidad internacional. <b>Nos tienen que ayudar. La soluci\u00f3n no vendr\u00e1 de \u00e1rabes e israel\u00edes, sino de la comunidad internacional\u00bb<\/b>, se despide.<\/p>\n<blockquote class=\"c-phrase__blockquote\"><p>Estamos cansados, muy cansados de esta situaci\u00f3n.\u00a0Somos seres humanos y necesitamos una soluci\u00f3n.\u00a0Un alto el fuego<\/p><\/blockquote>\n<p class=\"c-paragraph\"><b>Refaat Alathamna, m\u00e9dico en Gaza, <\/b>en declaraciones a RTVE \u2014con serios problemas de comunicaci\u00f3n y el sonido del tel\u00e9fono entrecortado\u2014 ha explicado que est\u00e1 intentando salir de la Franja, pero que no tiene donde ir. \u00ab(Israel) est\u00e1 haciendo huir a un mill\u00f3n de personas a un lugar indefinido. Israel est\u00e1 ocupando 90% de Gaza. Aqu\u00ed no hay servicios b\u00e1sicos, no hay nada, <b>estamos viviendo en una situaci\u00f3n muy terrible<\/b>, luchando por sobrevivir\u00bb, ha explicado.\u00a0<\/p>\n<p class=\"c-paragraph\">\u00ab<b>La gente est\u00e1 siendo oprimida sin tener apoyo y con el silencio de todos los pa\u00edses desde hace m\u00e1s de dos a\u00f1os<\/b>\u00ab, denunci\u00f3.\u00a0Tras dar las gracias al pueblo de Espa\u00f1a por las manifestaciones convocadas para condenar el \u00abgenocidio\u00bb que seg\u00fan un Comit\u00e9 de la ONU est\u00e1 cometiendo Israel, ha lamentado la falta de iniciativa para parar la guerra del resto de Europa.\u00a0<\/p>\n<p class=\"c-paragraph\">Padre de cinco hijos a los que trata de salvar<b>,\u00a0han sido evacuados ya 10 veces<\/b>. Ahora, en el centro de Gaza, sobreviven \u00abintentando que nos saquen\u00bb. No lo consigue porque dice que Israel se ha apropiado de las fronteras \u00aby no deja salir ni a heridos, ni a enfermos ni a gente como yo de doble nacionalidad\u00bb. Gaza se ha convertido para ellos en una gran c\u00e1rcel.<\/p>\n","protected":false},"excerpt":{"rendered":"La ofensiva a\u00e9rea y terrestre de Israel contra la Ciudad de Gaza ha dejado este mi\u00e9rcoles medio centenar&hellip;\n","protected":false},"author":2,"featured_media":122763,"comment_status":"","ping_status":"","sticky":false,"template":"","format":"standard","meta":{"footnotes":""},"categories":[42],"tags":[17,18,3114,1998,13,14,36748,11,61,62,63,64,19,20,1827,9,10,15,16,585,12,21,22,65,66,67],"class_list":{"0":"post-122762","1":"post","2":"type-post","3":"status-publish","4":"format-standard","5":"has-post-thumbnail","7":"category-internacional","8":"tag-breaking-news","9":"tag-breakingnews","10":"tag-denuncian","11":"tag-falta","12":"tag-featured-news","13":"tag-featurednews","14":"tag-gazaties","15":"tag-headlines","16":"tag-internacional","17":"tag-international","18":"tag-international-news","19":"tag-internationalnews","20":"tag-latest-news","21":"tag-latestnews","22":"tag-medios","23":"tag-news","24":"tag-noticias","25":"tag-noticias-destacadas","26":"tag-noticiasdestacadas","27":"tag-seguridad","28":"tag-titulares","29":"tag-ultimas-noticias","30":"tag-ultimasnoticias","31":"tag-world","32":"tag-world-news","33":"tag-worldnews"},"share_on_mastodon":{"url":"","error":""},"_links":{"self":[{"href":"https:\/\/www.europesays.com\/es\/wp-json\/wp\/v2\/posts\/122762","targetHints":{"allow":["GET"]}}],"collection":[{"href":"https:\/\/www.europesays.com\/es\/wp-json\/wp\/v2\/posts"}],"about":[{"href":"https:\/\/www.europesays.com\/es\/wp-json\/wp\/v2\/types\/post"}],"author":[{"embeddable":true,"href":"https:\/\/www.europesays.com\/es\/wp-json\/wp\/v2\/users\/2"}],"replies":[{"embeddable":true,"href":"https:\/\/www.europesays.com\/es\/wp-json\/wp\/v2\/comments?post=122762"}],"version-history":[{"count":0,"href":"https:\/\/www.europesays.com\/es\/wp-json\/wp\/v2\/posts\/122762\/revisions"}],"wp:featuredmedia":[{"embeddable":true,"href":"https:\/\/www.europesays.com\/es\/wp-json\/wp\/v2\/media\/122763"}],"wp:attachment":[{"href":"https:\/\/www.europesays.com\/es\/wp-json\/wp\/v2\/media?parent=122762"}],"wp:term":[{"taxonomy":"category","embeddable":true,"href":"https:\/\/www.europesays.com\/es\/wp-json\/wp\/v2\/categories?post=122762"},{"taxonomy":"post_tag","embeddable":true,"href":"https:\/\/www.europesays.com\/es\/wp-json\/wp\/v2\/tags?post=122762"}],"curies":[{"name":"wp","href":"https:\/\/api.w.org\/{rel}","templated":true}]}}