{"id":122766,"date":"2025-09-18T10:04:09","date_gmt":"2025-09-18T10:04:09","guid":{"rendered":"https:\/\/www.europesays.com\/es\/122766\/"},"modified":"2025-09-18T10:04:09","modified_gmt":"2025-09-18T10:04:09","slug":"caceres-acogera-unas-jornadas-sobre-patrimonio-digital-en-octubre","status":"publish","type":"post","link":"https:\/\/www.europesays.com\/es\/122766\/","title":{"rendered":"C\u00e1ceres acoger\u00e1 unas jornadas sobre Patrimonio Digital en octubre"},"content":{"rendered":"<p><b>As\u00ed se ha aprobado en las comisiones informativas del Grupo de Ciudades Patrimonio de la Humanidad de Espa\u00f1a, celebradas en \u00dabeda y a las que han asistido los concejales de Cultura, Turismo y Patrimonio de nuestra ciudad<\/b><\/p>\n<p style=\"font-weight: 400\">C\u00e1ceres acoger\u00e1 una de las jornadas de formaci\u00f3n para t\u00e9cnicos en patrimonio hist\u00f3rico aprobadas durante la celebraci\u00f3n de las comisiones informativas de\u00a0<strong>Cultura, Deportes y Educaci\u00f3n<\/strong>;\u00a0<strong>Turismo<\/strong>; y\u00a0<strong>Patrimonio y Ciudad<\/strong>. del Grupo de Ciudades Patrimonio de la Humanidad de Espa\u00f1a (GCPHE) que han tenido lugar en \u00dabeda (Ja\u00e9n).<\/p>\n<p style=\"font-weight: 400\">En concreto, las jornadas llevar\u00e1n por t\u00edtulo \u2018Jornadas sobre Patrimonio Digital\u2019, y se celebrar\u00e1n los d\u00edas 2 y\u00a03 de octubre.<\/p>\n<p style=\"font-weight: 400\">Las comisiones informativas han reunido a representantes de las quince ciudades que integran el Grupo, con el objetivo de avanzar en las l\u00edneas de trabajo conjuntas y en la planificaci\u00f3n estrat\u00e9gica de cara al pr\u00f3ximo a\u00f1o.<\/p>\n<p style=\"font-weight: 400\">La\u00a0<strong>Comisi\u00f3n de Turismo<\/strong>\u00a0ha estado presidida por el alcalde de Segovia y presidente del Grupo,\u00a0<strong>Jos\u00e9 Mazar\u00edas<\/strong>; la\u00a0<strong>Comisi\u00f3n de Cultura, Deportes y Educaci\u00f3n<\/strong>, por el alcalde de Toledo,\u00a0<strong>Carlos Vel\u00e1zquez<\/strong>; y la\u00a0<strong>Comisi\u00f3n de Patrimonio y Ciudad<\/strong>, por el alcalde de Tarragona,\u00a0<strong>Rub\u00e9n\u00a0Vi\u00f1uales<\/strong>.<\/p>\n<p style=\"font-weight: 400\">Durante la jornada se han abordado cuestiones clave vinculadas a la\u00a0<strong>promoci\u00f3n tur\u00edstica<\/strong>, la\u00a0<strong>protecci\u00f3n del patrimonio hist\u00f3rico<\/strong>\u00a0y la\u00a0<strong>planificaci\u00f3n urbana<\/strong>, as\u00ed como la\u00a0<strong>dinamizaci\u00f3n cultural y educativa<\/strong>, definiendo las principales l\u00edneas de actuaci\u00f3n de cara a 2026.<\/p>\n<p style=\"font-weight: 400\">El presidente del GCPHE,\u00a0<strong>Jos\u00e9 Mazar\u00edas<\/strong>, ha subrayado la importancia de este encuentro puesto que se ha marcado la ruta de trabajo del Grupo. \u201cEn esta jornada de trabajo en \u00dabeda hemos sentado las bases para llevar a cabo diferentes acciones que ser\u00e1n desarrolladas en las comisiones t\u00e9cnicas que se celebrar\u00e1n en octubre en Madrid. Y en el mes de noviembre, en la asamblea que tendr\u00e1 lugar en Toledo podremos avanzar algunos planteamientos importantes de cara al pr\u00f3ximo a\u00f1o\u201d.<\/p>\n<p style=\"font-weight: 400\">Durante la\u00a0<strong>Comisi\u00f3n de Turismo<\/strong>, presidida por el alcalde de Segovia y presidente del Grupo, Jos\u00e9 Mazar\u00edas, se ha valorado el trabajo realizado en los \u00faltimos meses y se han trazado las l\u00edneas para la participaci\u00f3n del Grupo en FITUR 2026, cuya propuesta final se aprobar\u00e1 en la Asamblea de noviembre. Tambi\u00e9n se han tratado temas clave como el papel de las nuevas tecnolog\u00edas, la sostenibilidad y la calidad tur\u00edstica, destacando las acciones desarrolladas en las ciudades del Grupo para atraer viajeros con un perfil que aporte valor a\u00f1adido, seg\u00fan ha indicado Mazar\u00edas.<\/p>\n<p style=\"font-weight: 400\">En la\u00a0<strong>Comisi\u00f3n de Cultura, Deportes y Educaci\u00f3n<\/strong>, presidida por Carlos Vel\u00e1zquez, alcalde de Toledo, se ha realizado un balance positivo de la octava edici\u00f3n de la Noche del Patrimonio, considerada una de las iniciativas del Grupo m\u00e1s relevantes, potentes y con mayor alcance del p\u00fablico y se ha acordado continuar reforzando esta propuesta que une culturalmente a las 15 ciudades.<\/p>\n<p style=\"font-weight: 400\">Asimismo, se han abordado otros proyectos como el Circuito de Carreras Populares o el Torneo de Rugby, cuya tercera edici\u00f3n se celebrar\u00e1 en Toledo. Tambi\u00e9n se han debatido propuestas educativas para acercar el patrimonio a estudiantes de primaria y secundaria, destacando colaboraciones con universidades y programas Erasmus, que continuar\u00e1n incentivando el conocimiento y la difusi\u00f3n de nuestras ciudades en todo el pa\u00eds.<\/p>\n<p style=\"font-weight: 400\">En lo que respecta a la\u00a0<strong>Comisi\u00f3n de Patrimonio y Ciudad,<\/strong>\u00a0seg\u00fan ha se\u00f1alado el concejal de Patrimonio Mundial e Innovaci\u00f3n de \u00dabeda, Jos\u00e9 Miguel G\u00e1mez, se han marcado diversas l\u00edneas de trabajo para reforzar la conservaci\u00f3n, la difusi\u00f3n y la innovaci\u00f3n en la gesti\u00f3n del patrimonio, poniendo en valor el legado hist\u00f3rico y cultural de las ciudades que integran el Grupo. Se ha acordado seguir apostando por la formaci\u00f3n de t\u00e9cnicos, con la celebraci\u00f3n de talleres en C\u00e1ceres (2 y\u00a03 de octubre), Madrid (17 y\u00a018 de octubre) y C\u00f3rdoba (28 de noviembre). Tambi\u00e9n se contempla la creaci\u00f3n de una comisi\u00f3n de expertos homologados por el Ministerio y la proyecci\u00f3n internacional del GCPHE a trav\u00e9s de exposiciones fotogr\u00e1ficas en la Academia de Roma y en Bruselas.<\/p>\n<p style=\"font-weight: 400\">Asimismo, se ha decidido impulsar el\u00a0<strong>proceso de digitalizaci\u00f3n del patrimonio documental<\/strong><strong>,<\/strong>\u00a0facilitar el trabajo de los archiveros, organizar unas\u00a0<strong>jornadas sobre cultos cristianos<\/strong>\u00a0en Alcal\u00e1 de Henares y actualizar los\u00a0<strong>t\u00e9rminos y procedimientos arqueol\u00f3gicos<\/strong>\u00a0empleados en los \u00faltimos quince a\u00f1os.<\/p>\n","protected":false},"excerpt":{"rendered":"As\u00ed se ha aprobado en las comisiones informativas del Grupo de Ciudades Patrimonio de la Humanidad de Espa\u00f1a,&hellip;\n","protected":false},"author":2,"featured_media":122767,"comment_status":"","ping_status":"","sticky":false,"template":"","format":"standard","meta":{"footnotes":""},"categories":[5],"tags":[17,18,25,24,13,14,11,19,20,9,10,15,16,23,12,21,22],"class_list":{"0":"post-122766","1":"post","2":"type-post","3":"status-publish","4":"format-standard","5":"has-post-thumbnail","7":"category-titulares","8":"tag-breaking-news","9":"tag-breakingnews","10":"tag-es","11":"tag-espana","12":"tag-featured-news","13":"tag-featurednews","14":"tag-headlines","15":"tag-latest-news","16":"tag-latestnews","17":"tag-news","18":"tag-noticias","19":"tag-noticias-destacadas","20":"tag-noticiasdestacadas","21":"tag-spain","22":"tag-titulares","23":"tag-ultimas-noticias","24":"tag-ultimasnoticias"},"share_on_mastodon":{"url":"","error":""},"_links":{"self":[{"href":"https:\/\/www.europesays.com\/es\/wp-json\/wp\/v2\/posts\/122766","targetHints":{"allow":["GET"]}}],"collection":[{"href":"https:\/\/www.europesays.com\/es\/wp-json\/wp\/v2\/posts"}],"about":[{"href":"https:\/\/www.europesays.com\/es\/wp-json\/wp\/v2\/types\/post"}],"author":[{"embeddable":true,"href":"https:\/\/www.europesays.com\/es\/wp-json\/wp\/v2\/users\/2"}],"replies":[{"embeddable":true,"href":"https:\/\/www.europesays.com\/es\/wp-json\/wp\/v2\/comments?post=122766"}],"version-history":[{"count":0,"href":"https:\/\/www.europesays.com\/es\/wp-json\/wp\/v2\/posts\/122766\/revisions"}],"wp:featuredmedia":[{"embeddable":true,"href":"https:\/\/www.europesays.com\/es\/wp-json\/wp\/v2\/media\/122767"}],"wp:attachment":[{"href":"https:\/\/www.europesays.com\/es\/wp-json\/wp\/v2\/media?parent=122766"}],"wp:term":[{"taxonomy":"category","embeddable":true,"href":"https:\/\/www.europesays.com\/es\/wp-json\/wp\/v2\/categories?post=122766"},{"taxonomy":"post_tag","embeddable":true,"href":"https:\/\/www.europesays.com\/es\/wp-json\/wp\/v2\/tags?post=122766"}],"curies":[{"name":"wp","href":"https:\/\/api.w.org\/{rel}","templated":true}]}}