{"id":122768,"date":"2025-09-18T10:05:11","date_gmt":"2025-09-18T10:05:11","guid":{"rendered":"https:\/\/www.europesays.com\/es\/122768\/"},"modified":"2025-09-18T10:05:11","modified_gmt":"2025-09-18T10:05:11","slug":"siempre-es-complicado-ganar-en-puente-genil","status":"publish","type":"post","link":"https:\/\/www.europesays.com\/es\/122768\/","title":{"rendered":"Siempre es complicado ganar en Puente Genil"},"content":{"rendered":"<p><strong>El IRUDEK Bidasoa Irun visita este s\u00e1bado el Pabell\u00f3n Alcalde Miguel Salas, con el objetivo de llevarse los dos puntos.<\/strong><\/p>\n<p>\u00c1lex Mozas, destaca la dificultad de ganar en Puente Genil. \u201cEs un equipo que en casa crece mucho siempre, todos los a\u00f1os basan su clasificaci\u00f3n un poco en los partidos de casa; independientemente del momento, creo que va a ser un partido complicado, como siempre es all\u00ed\u201d, se\u00f1alaba Mozas.<\/p>\n<p>El t\u00e9cnico del IRUDEK Bidasoa Irun mencionaba lo que deber\u00eda hacer su equipo este s\u00e1bado para traer los dos puntos de vuelta a Irun. \u201cTenemos que intentar basar el partido en Puente Genil en que ellos no anoten f\u00e1cil, que la porter\u00eda siga funcionando as\u00ed y que la defensa les siga ayudando a que sigan as\u00ed\u201d.<\/p>\n<p>Adem\u00e1s alerta de los peligros de la plantilla del \u00c1ngel Xim\u00e9nez Puente Genil: \u201cEn la primera l\u00ednea tiene un pivote muy bueno, como Daniel Ramos y los extremos, los dos extremos titulares tambi\u00e9n son buenos jugadores, entonces tienen un buen equipo\u201d, finalizaba el preparados bidasotarra.<\/p>\n<p>Por su parte, Marko Jevtic destacaba la importancia del \u00e1mbito defensivo en el balonmano actual. \u201cEn balonmano 2025 es muy importante, muy importante, defender, pero ellos tienen mucho talento en ataque, muy buenos jugadores uno contra uno y si conseguimos defender bien, yo creo que vamos a ganar ah\u00ed\u201d se\u00f1alaba el pivote serbio.<\/p>\n<p>Por \u00faltimo, habla sobre su actual momento, tanto personal como en los tres a\u00f1os que lleva formando parte de la plantilla del conjunto irundarra. \u201cMe siento aqu\u00ed muy bien. Estamos trabajando muy bien con \u00c1lex, con Javi, con Nacho en el gimnasio y cada d\u00eda me siento mejor. Llevo ya tiempo jugando en Bidasoa, en Europa, en Asobal y como jugador creo que estoy mejorando cada d\u00eda\u201d.<\/p>\n<p>La cita ser\u00e1 este pr\u00f3ximo s\u00e1bado, a las 17:30 horas, en el Pabell\u00f3n Alcalde Miguel Salas de Puente Genil.<\/p>\n","protected":false},"excerpt":{"rendered":"El IRUDEK Bidasoa Irun visita este s\u00e1bado el Pabell\u00f3n Alcalde Miguel Salas, con el objetivo de llevarse los&hellip;\n","protected":false},"author":2,"featured_media":122769,"comment_status":"","ping_status":"","sticky":false,"template":"","format":"standard","meta":{"footnotes":""},"categories":[278],"tags":[376,168,25,24,375,23,167],"class_list":{"0":"post-122768","1":"post","2":"type-post","3":"status-publish","4":"format-standard","5":"has-post-thumbnail","7":"category-balonmano","8":"tag-balonmano","9":"tag-deportes","10":"tag-es","11":"tag-espana","12":"tag-handball","13":"tag-spain","14":"tag-sports"},"share_on_mastodon":{"url":"","error":""},"_links":{"self":[{"href":"https:\/\/www.europesays.com\/es\/wp-json\/wp\/v2\/posts\/122768","targetHints":{"allow":["GET"]}}],"collection":[{"href":"https:\/\/www.europesays.com\/es\/wp-json\/wp\/v2\/posts"}],"about":[{"href":"https:\/\/www.europesays.com\/es\/wp-json\/wp\/v2\/types\/post"}],"author":[{"embeddable":true,"href":"https:\/\/www.europesays.com\/es\/wp-json\/wp\/v2\/users\/2"}],"replies":[{"embeddable":true,"href":"https:\/\/www.europesays.com\/es\/wp-json\/wp\/v2\/comments?post=122768"}],"version-history":[{"count":0,"href":"https:\/\/www.europesays.com\/es\/wp-json\/wp\/v2\/posts\/122768\/revisions"}],"wp:featuredmedia":[{"embeddable":true,"href":"https:\/\/www.europesays.com\/es\/wp-json\/wp\/v2\/media\/122769"}],"wp:attachment":[{"href":"https:\/\/www.europesays.com\/es\/wp-json\/wp\/v2\/media?parent=122768"}],"wp:term":[{"taxonomy":"category","embeddable":true,"href":"https:\/\/www.europesays.com\/es\/wp-json\/wp\/v2\/categories?post=122768"},{"taxonomy":"post_tag","embeddable":true,"href":"https:\/\/www.europesays.com\/es\/wp-json\/wp\/v2\/tags?post=122768"}],"curies":[{"name":"wp","href":"https:\/\/api.w.org\/{rel}","templated":true}]}}