{"id":122770,"date":"2025-09-18T10:06:08","date_gmt":"2025-09-18T10:06:08","guid":{"rendered":"https:\/\/www.europesays.com\/es\/122770\/"},"modified":"2025-09-18T10:06:08","modified_gmt":"2025-09-18T10:06:08","slug":"roca-rey-tiene-la-llave-para-que-canal-sur-retransmita-san-miguel-desde-sevilla","status":"publish","type":"post","link":"https:\/\/www.europesays.com\/es\/122770\/","title":{"rendered":"Roca Rey tiene la llave para que Canal Sur retransmita San Miguel desde Sevilla"},"content":{"rendered":"<p><strong data-start=\"800\" data-end=\"954\">La televisi\u00f3n vuelve a asomarse a la Feria de San Miguel, pero el regreso de las c\u00e1maras a la Maestranza est\u00e1 condicionado al visto bueno de <a title=\"Roca Rey\" href=\"https:\/\/www.larazon.es\/tags\/roca-rey\/\" target=\"_blank\" rel=\"nofollow noopener\">Roca Rey<\/a>.<\/strong> As\u00ed lo ha reconocido Ram\u00f3n Valencia, empresario del coso sevillano, tras la presentaci\u00f3n del festival del 13 de octubre. <a title=\"Canal Sur\" href=\"https:\/\/www.larazon.es\/tags\/canal-sur\/\" target=\"_blank\" rel=\"nofollow noopener\">Canal Sur<\/a> ya ha mostrado su intenci\u00f3n de emitir los festejos, y las condiciones econ\u00f3micas est\u00e1n pr\u00e1cticamente resueltas.<\/p>\n<p>En palabras de Valencia, recogidas por la revista Aplausos, <strong data-start=\"1250\" data-end=\"1357\">\u201ces muy probable que <a title=\"Canal Sur\" href=\"https:\/\/www.larazon.es\/tags\/canal-sur\/\" target=\"_blank\" rel=\"nofollow noopener\">Canal Sur<\/a> televise San Miguel, solo falta el visto bueno de un torero del domingo\u201d<\/strong>. Aunque sin mencionarlo directamente, el \u00fanico que queda por dar su consentimiento es <a title=\"Roca Rey\" href=\"https:\/\/www.larazon.es\/tags\/roca-rey\/\" target=\"_blank\" rel=\"nofollow noopener\">Roca Rey<\/a>, ya que <strong data-start=\"1461\" data-end=\"1564\">Morante de la Puebla ha dicho s\u00ed, y Javier Zulueta, que tomar\u00e1 la alternativa, no plantea oposici\u00f3n<\/strong>.<\/p>\n<p>El cartel del 28 de septiembre en Sevilla re\u00fane a los tres nombres en una tarde de enorme expectaci\u00f3n. Pero si <a title=\"Canal Sur\" href=\"https:\/\/www.larazon.es\/tags\/canal-sur\/\" target=\"_blank\" rel=\"nofollow noopener\">Canal Sur<\/a> encender\u00e1 sus c\u00e1maras depender\u00e1 exclusivamente del torero peruano. <strong data-start=\"1755\" data-end=\"1869\">Su decisi\u00f3n marcar\u00e1 si los aficionados podr\u00e1n seguir desde casa una de las citas clave del calendario taurino. <\/strong>Valencia tambi\u00e9n explic\u00f3 que el acuerdo con la televisi\u00f3n p\u00fablica andaluza incluye el pago del m\u00ednimo estipulado, un punto que ya estar\u00eda \u201ccasi aprobado\u201d. <strong data-start=\"2026\" data-end=\"2077\">La televisi\u00f3n est\u00e1 lista. Solo falta una firma.<\/strong><\/p>\n<p>La informaci\u00f3n ha encendido el debate en un momento dulce para la tauromaquia en la peque\u00f1a pantalla porque, mientras Sevilla contiene la respiraci\u00f3n, <strong data-start=\"2758\" data-end=\"2853\">tambi\u00e9n se espera que <a title=\"Telemadrid\" href=\"https:\/\/www.larazon.es\/tags\/telemadrid\/\" target=\"_blank\" rel=\"nofollow noopener\">Telemadrid<\/a> anuncie si televisar\u00e1 o no <\/strong>(y en qu\u00e9 condiciones, <a title=\"aparte del D\u00eda de la Hispanidad\" href=\"https:\/\/www.larazon.es\/cultura\/toros\/morante-puebla-revienta-taquilla-ventas-tiempo-record_2025091868cbc7c7a2dd1a7e0d067512.html\" target=\"_blank\" rel=\"nofollow noopener\">aparte del D\u00eda de la Hispanidad<\/a>)<strong data-start=\"2758\" data-end=\"2853\"> la Feria de Oto\u00f1o en Las Ventas<\/strong>, completando un oto\u00f1o en el que las auton\u00f3micas podr\u00edan seguir cosechando \u00e9xitos. Porque este 2025 ha marcado un hito: <strong data-start=\"2973\" data-end=\"3099\">las cadenas regionales han roto r\u00e9cords de audiencia gracias a su decidida y acertada apuesta por la retransmisi\u00f3n de festejos taurinos<\/strong>.<\/p>\n","protected":false},"excerpt":{"rendered":"La televisi\u00f3n vuelve a asomarse a la Feria de San Miguel, pero el regreso de las c\u00e1maras a&hellip;\n","protected":false},"author":2,"featured_media":122771,"comment_status":"","ping_status":"","sticky":false,"template":"","format":"standard","meta":{"footnotes":""},"categories":[277],"tags":[373,168,25,24,23,167,374],"class_list":{"0":"post-122770","1":"post","2":"type-post","3":"status-publish","4":"format-standard","5":"has-post-thumbnail","7":"category-toreo","8":"tag-bullfighting","9":"tag-deportes","10":"tag-es","11":"tag-espana","12":"tag-spain","13":"tag-sports","14":"tag-toreo"},"share_on_mastodon":{"url":"","error":""},"_links":{"self":[{"href":"https:\/\/www.europesays.com\/es\/wp-json\/wp\/v2\/posts\/122770","targetHints":{"allow":["GET"]}}],"collection":[{"href":"https:\/\/www.europesays.com\/es\/wp-json\/wp\/v2\/posts"}],"about":[{"href":"https:\/\/www.europesays.com\/es\/wp-json\/wp\/v2\/types\/post"}],"author":[{"embeddable":true,"href":"https:\/\/www.europesays.com\/es\/wp-json\/wp\/v2\/users\/2"}],"replies":[{"embeddable":true,"href":"https:\/\/www.europesays.com\/es\/wp-json\/wp\/v2\/comments?post=122770"}],"version-history":[{"count":0,"href":"https:\/\/www.europesays.com\/es\/wp-json\/wp\/v2\/posts\/122770\/revisions"}],"wp:featuredmedia":[{"embeddable":true,"href":"https:\/\/www.europesays.com\/es\/wp-json\/wp\/v2\/media\/122771"}],"wp:attachment":[{"href":"https:\/\/www.europesays.com\/es\/wp-json\/wp\/v2\/media?parent=122770"}],"wp:term":[{"taxonomy":"category","embeddable":true,"href":"https:\/\/www.europesays.com\/es\/wp-json\/wp\/v2\/categories?post=122770"},{"taxonomy":"post_tag","embeddable":true,"href":"https:\/\/www.europesays.com\/es\/wp-json\/wp\/v2\/tags?post=122770"}],"curies":[{"name":"wp","href":"https:\/\/api.w.org\/{rel}","templated":true}]}}