{"id":122772,"date":"2025-09-18T10:09:09","date_gmt":"2025-09-18T10:09:09","guid":{"rendered":"https:\/\/www.europesays.com\/es\/122772\/"},"modified":"2025-09-18T10:09:09","modified_gmt":"2025-09-18T10:09:09","slug":"el-club-de-tenis-carlet-acoge-el-30o-circuito-rpt","status":"publish","type":"post","link":"https:\/\/www.europesays.com\/es\/122772\/","title":{"rendered":"El Club de Tenis Carlet acoge el 30\u00ba Circuito RPT"},"content":{"rendered":"<p data-mrf-recirculation=\"Links P\u00e1rrafos\" class=\"ue-c-article__paragraph paragraph ue-c-article--first-letter-highlighted\">Las magn\u00edficas instalaciones del <strong>Club de Tenis Carle<\/strong>t, en Valencia, acoger\u00e1n el <strong>Trofeo Ayuntamiento de Carle<\/strong>t, del 29 de septiembre al 4 de octubre con las categor\u00edas juveniles <strong>cadete Sub16 y junior Sub18<\/strong>, del Circuito Juvenil m\u00e1s longevo del Tenis Espa\u00f1ol, que este a\u00f1o celebra su <strong>trig\u00e9simo <\/strong>aniversario, organizado por el <strong>Registro Profesional de Tenis<\/strong> con el apoyo de la Real Federaci\u00f3n <strong>Espa\u00f1ola <\/strong>de Tenis y de la Federaci\u00f3n de Tenis de la <strong>Comunidad Valenciana<\/strong>.<\/p>\n<p data-mrf-recirculation=\"Links P\u00e1rrafos\" class=\"ue-c-article__paragraph paragraph\">La prueba del <strong>Club de Tenis Carlet &#8211; Trofeo Ayuntamiento de Carlet &#8211;<\/strong> estar\u00e1 dirigida por Jos\u00e9 Luis <strong>Sanz<\/strong>, actuando de juez \u00e1rbitro Oscar <strong>Garcia<\/strong>, que tendr\u00e1n que coordinar a los m\u00e1s de 150 participantes que se esperan de toda la geograf\u00eda espa\u00f1ola.<\/p>\n<p><img decoding=\"async\" width=\"1600\" height=\"1072\" class=\"ue-c-article__image lazyload\" alt=\".\" loading=\"lazy\" src=\"https:\/\/www.europesays.com\/es\/wp-content\/uploads\/2025\/09\/68cbbd65615a9.jpeg\"\/><\/p>\n<p>.<\/p>\n<p data-mrf-recirculation=\"Links P\u00e1rrafos\" class=\"ue-c-article__paragraph paragraph\">Las inscripciones para las categor\u00edas: <strong>Sub16 y Sub18<\/strong> estar\u00e1n abiertas hasta el Lunes 22 de Septiembre a las 21 horas, y se pueden realizar a trav\u00e9s de la web del Circuito: <a href=\"https:\/\/torneos.icisports.org\/\" target=\"_blank\" rel=\"nofollow noopener\">torneos.icisports.org<\/a><\/p>\n<p data-mrf-recirculation=\"Links P\u00e1rrafos\" class=\"ue-c-article__paragraph paragraph\">Adem\u00e1s, coincidiendo con las rondas finales del torneo, del 3 al 5 de Octubre, se han organizado unos <strong>cursos<\/strong> de formaci\u00f3n y certificaci\u00f3n profesional para <strong>entrenadores<\/strong> del <strong>Registro Profesional de Tenis y del Registro Profesional de Padel<\/strong>, que ser\u00e1n impartidos por Luis <strong>Mediero <\/strong>y Gabriel \u201cGato\u201d <strong>Zuccoli<\/strong>, respectivamente . Las titulaciones del RPT se encuentran avaladas y reconocidas por la Real <strong>Federaci\u00f3n <\/strong>Espa\u00f1ola de Tenis.<\/p>\n<p><img decoding=\"async\" width=\"1138\" height=\"1600\" class=\"ue-c-article__image lazyload\" alt=\"-\" loading=\"lazy\" src=\"https:\/\/www.europesays.com\/es\/wp-content\/uploads\/2025\/09\/68cbbd7478d6b.jpeg\"\/><\/p>\n<p>&#8211;<\/p>\n<p data-mrf-recirculation=\"Links P\u00e1rrafos\" class=\"ue-c-article__paragraph paragraph\">El <strong>Registro Profesional de Tenis &#8211; RPT<\/strong> es el m\u00e1s antiguo y mayor promotor del<strong> Tenis Juvenil<\/strong> en Espa\u00f1a, organizando desde <strong>1995 <\/strong>el <strong>Circuito Nacional RPT &#8211; MARCA by Wilson,<\/strong> que en su 30\u00b0 edici\u00f3n tendr\u00e1 <strong>32 semanas de competici\u00f3n <\/strong>con 83 pruebas por toda la geograf\u00eda espa\u00f1ola, con el apoyo de la<strong> Real Federaci\u00f3n Espa\u00f1ola de Tenis,<\/strong> y la colaboraci\u00f3n de <strong>Tennis-Point, NH hotels, NutriSport, HdI, ICI Sports University y APE deporte. <\/strong>Este a\u00f1o se estima que participen en el Circuito m\u00e1s de <strong>6.000 jugadores.<\/strong><\/p>\n<p><img decoding=\"async\" width=\"1600\" height=\"1397\" class=\"ue-c-article__image lazyload\" alt=\".\" loading=\"lazy\" src=\"https:\/\/www.europesays.com\/es\/wp-content\/uploads\/2025\/09\/68cbbd8910d8e.jpeg\"\/><\/p>\n<p>.<\/p>\n<p data-mrf-recirculation=\"Links P\u00e1rrafos\" class=\"ue-c-article__paragraph paragraph\">Consulta el calendario 2025 en la nueva web: <a href=\"https:\/\/torneos.icisports.org\/\" target=\"_blank\" rel=\"nofollow noopener\">torneos.icisports.org<\/a><\/p>\n","protected":false},"excerpt":{"rendered":"Las magn\u00edficas instalaciones del Club de Tenis Carlet, en Valencia, acoger\u00e1n el Trofeo Ayuntamiento de Carlet, del 29&hellip;\n","protected":false},"author":2,"featured_media":122773,"comment_status":"","ping_status":"","sticky":false,"template":"","format":"standard","meta":{"footnotes":""},"categories":[274],"tags":[168,25,24,23,167,327,326],"class_list":{"0":"post-122772","1":"post","2":"type-post","3":"status-publish","4":"format-standard","5":"has-post-thumbnail","7":"category-tenis","8":"tag-deportes","9":"tag-es","10":"tag-espana","11":"tag-spain","12":"tag-sports","13":"tag-tenis","14":"tag-tennis"},"share_on_mastodon":{"url":"","error":""},"_links":{"self":[{"href":"https:\/\/www.europesays.com\/es\/wp-json\/wp\/v2\/posts\/122772","targetHints":{"allow":["GET"]}}],"collection":[{"href":"https:\/\/www.europesays.com\/es\/wp-json\/wp\/v2\/posts"}],"about":[{"href":"https:\/\/www.europesays.com\/es\/wp-json\/wp\/v2\/types\/post"}],"author":[{"embeddable":true,"href":"https:\/\/www.europesays.com\/es\/wp-json\/wp\/v2\/users\/2"}],"replies":[{"embeddable":true,"href":"https:\/\/www.europesays.com\/es\/wp-json\/wp\/v2\/comments?post=122772"}],"version-history":[{"count":0,"href":"https:\/\/www.europesays.com\/es\/wp-json\/wp\/v2\/posts\/122772\/revisions"}],"wp:featuredmedia":[{"embeddable":true,"href":"https:\/\/www.europesays.com\/es\/wp-json\/wp\/v2\/media\/122773"}],"wp:attachment":[{"href":"https:\/\/www.europesays.com\/es\/wp-json\/wp\/v2\/media?parent=122772"}],"wp:term":[{"taxonomy":"category","embeddable":true,"href":"https:\/\/www.europesays.com\/es\/wp-json\/wp\/v2\/categories?post=122772"},{"taxonomy":"post_tag","embeddable":true,"href":"https:\/\/www.europesays.com\/es\/wp-json\/wp\/v2\/tags?post=122772"}],"curies":[{"name":"wp","href":"https:\/\/api.w.org\/{rel}","templated":true}]}}