{"id":122782,"date":"2025-09-18T10:14:10","date_gmt":"2025-09-18T10:14:10","guid":{"rendered":"https:\/\/www.europesays.com\/es\/122782\/"},"modified":"2025-09-18T10:14:10","modified_gmt":"2025-09-18T10:14:10","slug":"cancelan-el-programa-de-jimmy-kimmel-por-sus-comentarios-sobre-el-asesinato-de-charlie-kirk","status":"publish","type":"post","link":"https:\/\/www.europesays.com\/es\/122782\/","title":{"rendered":"Cancelan el programa de Jimmy Kimmel por sus comentarios sobre el asesinato de Charlie Kirk"},"content":{"rendered":"<p><img decoding=\"async\" class=\"voc-author__img\" src=\"https:\/\/www.europesays.com\/es\/wp-content\/uploads\/2025\/08\/autor-1588-foto-7.jpeg\" alt=\"Javier Ansorena\"\/><\/p>\n<p>18\/09\/2025<br \/>\n<br \/><strong><br \/>\nActualizado a las 08:51h.<br \/>\n<\/strong><\/p>\n<p class=\"voc-p\" style=\"\">El programa de <a href=\"https:\/\/www.abc.es\/gente\/jimmy-kimmel-obtiene-ciudadania-italiana-lanza-pulla-20250813180000-nt.html\" data-voc-vtm-id=\"in-text-traffic\" title=\"Jimmy Kimmel\" rel=\"nofollow noopener\" target=\"_blank\">Jimmy Kimmel<\/a>, una de las estrellas de los &#8216;late-night&#8217; de la televisi\u00f3n de EE.UU., ha sido cancelado por unos comentarios del presentador en relaci\u00f3n a <a href=\"https:\/\/www.abc.es\/internacional\/siento-planifico-ejecucion-publica-charlie-kirk-20250916230050-nt.html\" data-voc-vtm-id=\"in-text-traffic\" title=\"Charlie Kirk\" rel=\"nofollow noopener\" target=\"_blank\">Charlie Kirk<\/a>, el referente del &#8216;trumpismo&#8217; asesinado la semana pasada, que provocaron el enfado de algunos sectores conservadores.<\/p>\n<p class=\"voc-p\" style=\"\">La decisi\u00f3n fue tomada por la cadena que emit\u00eda el programa, ABC, y el propietario de esta \u00faltima, <a href=\"https:\/\/www.abc.es\/play\/television\/disney-integra-catalogo-contenido-atresplayer-20250908131511-nt.html\" data-voc-vtm-id=\"in-text-traffic\" title=\"Disney\" rel=\"nofollow noopener\" target=\"_blank\">Disney<\/a>, uno de los gigantes audiovisuales de EE.UU.<\/p>\n<p class=\"voc-p\" style=\"\">La decisi\u00f3n se conoci\u00f3 este mi\u00e9rcoles, en medio de presiones de los reguladores audiovisuales -colocados por Donald Trump- y en un momento de <a href=\"https:\/\/www.abc.es\/internacional\/trump-designa-antifascistas-grupo-terroristas-20250918041640-nt.html\" data-voc-vtm-id=\"in-text-traffic\" title=\"represalias por parte del presidente de EE.UU.\" rel=\"nofollow noopener\" target=\"_blank\">represalias por parte del presidente de EE.UU.<\/a> contra los medios cr\u00edticos y de cancelaciones por <a href=\"https:\/\/www.abc.es\/internacional\/oleada-despidos-eeuu-celebrar-muerte-charlie-kirk-20250912112159-nt.html\" data-voc-vtm-id=\"in-text-traffic\" title=\"comentarios cr\u00edticos\" rel=\"nofollow noopener\" target=\"_blank\">comentarios cr\u00edticos<\/a> contra Kirk.<\/p>\n<p class=\"voc-p\" style=\"\">Este mismo mi\u00e9rcoles, el programa de Kimmel ya no se grab\u00f3 ni emiti\u00f3, y la cadena solo dijo que quedaba <strong>fuera de la parrilla de forma \u00abindefinida\u00bb<\/strong>.<\/p>\n<p>\nComentarios de Kimmel sobre el asesino de Charlie Kirk\n<\/p>\n<p class=\"voc-p\" style=\"\">El &#8216;late-night&#8217; es un <a href=\"https:\/\/www.abc.es\/play\/television\/noticias\/vuelven-late-night-vuelve-vieja-television-20231008123721-nt.html\" data-voc-vtm-id=\"in-text-traffic\" title=\"formato televisivo cl\u00e1sico en EE.UU.\" data-mrf-link=\"www.abc.es\" rel=\"nofollow noopener\" target=\"_blank\">formato televisivo cl\u00e1sico en EE.UU.<\/a>: programas de entretenimiento, conducidos por un presentador, con mucho protagonismo del humor, en los que se suceden entrevistas a personajes populares y apariciones musicales. Los programas suelen arrancar con un mon\u00f3logo del presentador, muchas veces dominado por la s\u00e1tira pol\u00edtica. Desde su aterrizaje en pol\u00edtica en 2015, una v\u00edctima habitual de esos mon\u00f3logos ha sido Trump.<\/p>\n<p><img decoding=\"async\" loading=\"lazy\" src=\"https:\/\/www.europesays.com\/es\/wp-content\/uploads\/2025\/09\/1406096623-krJG--760x427@diario_abc.jpg\" class=\"voc-img\" width=\"760\" height=\"427\" alt=\"Kimmel, entrevistando al entonces candidato republicano a la presidencia Donald Trump en diciembre de 2015\" data-voc-vtm-id=\"in-text-traffic\"\/><\/p>\n<p>Kimmel, entrevistando al entonces candidato republicano a la presidencia Donald Trump en diciembre de 2015<\/p>\n<p class=\"voc-p\" style=\"\">El comentario que desencaden\u00f3 la cancelaci\u00f3n de Kimmel, una figura muy popular, que ha presentado en varias ocasiones la gala de los &#8216;Oscar&#8217;, se refer\u00eda al sospechoso del asesinato de Kirk, <a href=\"https:\/\/www.abc.es\/internacional\/tyler-robinson-sospechoso-asesinato-charlie-kirk-izquierdista-20250912180400-nt.html\" data-voc-vtm-id=\"in-text-traffic\" title=\"Tyler Robinson\" rel=\"nofollow noopener\" target=\"_blank\">Tyler Robinson<\/a>: \u00abLa banda MAGA (el movimiento &#8216;trumpista&#8217; de &#8216;Make America Great Again&#8217;, &#8216;Hacer a EE.UU. grande otra vez&#8217;) est\u00e1 tratando desesperadamente de retratar a este chico que asesin\u00f3 a Charlie Kirk como cualquier cosa que no sea uno de ellos y hacen todo lo que pueden para apuntarse puntos pol\u00edticos con ello\u00bb.<\/p>\n<p class=\"voc-p\" style=\"\">\u00abEntre medias de tanto apuntar con el dedo, ha habido luto\u00bb, a\u00f1adi\u00f3 Kimmel, que tambi\u00e9n <a href=\"https:\/\/www.abc.es\/internacional\/vigilia-charlie-kirk-ganaremos-palabra-solo-disparo-20250913212605-nt.html\" data-voc-vtm-id=\"in-text-traffic\" title=\"brome\u00f3 con el duelo de Trump por la muerte de Kirk\" rel=\"nofollow noopener\" target=\"_blank\">brome\u00f3 con el duelo de Trump por la muerte de Kirk<\/a>, una figura clave en su crecimiento entre el electorado joven. \u00abAs\u00ed es como un ni\u00f1o de cuatro a\u00f1os hace el luto por su pez\u00bb, dijo el presentador, mientras ense\u00f1aba v\u00eddeos de Trump hablando de una nueva sala de fiestas en la Casa Blanca poco despu\u00e9s del asesinato (pocas horas despu\u00e9s de conocerse la muerte de Kirk, Trump viaj\u00f3 a Nueva York a un partido de b\u00e9isbol de los Yankees contra los Mets y bail\u00f3 al son de &#8216;YMCA&#8217;).<\/p>\n<p class=\"voc-p\" style=\"\">Eso ocurri\u00f3 en el programa del lunes por la noche. Los comentarios, muy lejos de las <a href=\"https:\/\/www.abc.es\/opinion\/chapu-apaolaza-suis-charlie-kirk-20250915210145-nt.html\" data-voc-vtm-id=\"in-text-traffic\" title=\"barbaridades que se han dicho sobre Kirk\" rel=\"nofollow noopener\" target=\"_blank\">barbaridades que se han dicho sobre Kirk<\/a> en redes sociales, fueron criticados por sectores conservadores que aseguraban que Kimmel trataba de enga\u00f1ar a la opini\u00f3n p\u00fablica sobre la motivaci\u00f3n pol\u00edtica de Robinson. Las autoridades todav\u00eda no han llegado a conclusiones sobre los motivos del sospechoso, pero hay evidencias que apuntan a que en los \u00faltimos tiempos <a href=\"https:\/\/www.abc.es\/internacional\/siento-planifico-ejecucion-publica-charlie-kirk-20250916230050-nt.html\" data-voc-vtm-id=\"in-text-traffic\" title=\"se hab\u00edan politizado con ideolog\u00eda izquierdista\" rel=\"nofollow noopener\" target=\"_blank\">se hab\u00edan politizado con ideolog\u00eda izquierdista<\/a> y a que manten\u00eda una animadversi\u00f3n hacia Kirk, una figura central del conservadurismo.<\/p>\n<p>\nAmenazas de retirar la licencia\n<\/p>\n<p class=\"voc-p\" style=\"\">Este mi\u00e9rcoles por la ma\u00f1ana, el presidente de la Comisi\u00f3n Federal de Comunicaciones (FCC; en sus siglas en ingl\u00e9s), Brendan Carr, amenaz\u00f3 de forma clara en una intervenci\u00f3n en un p\u00f3dcast conservador con <strong>quitar licencias a las cadenas<\/strong> que llevaran el programa de Kimmel.<\/p>\n<p class=\"voc-p\" style=\"\">\u00abEsto se puede hacer de la forma f\u00e1cil o de la forma dif\u00edcil\u00bb, dijo el regulador, puesto por Trump en el cargo nada m\u00e1s regresar a la Casa Blanca y que ya ha <a href=\"https:\/\/www.abc.es\/internacional\/trump-aliados-preparan-persecucion-grupos-extrema-izquierda-20250916063307-nt.html\" data-voc-vtm-id=\"in-text-traffic\" title=\"amenazado con ir contra los cr\u00edticos\" rel=\"nofollow noopener\" target=\"_blank\">amenazado con ir contra los cr\u00edticos<\/a> con el presidente. \u00abEstas compa\u00f1\u00edas pueden encontrar la manera de cambiar de comportamiento y tomar acciones contra Kimmel, o habr\u00e1 m\u00e1s trabajo para la FCC a partir de ahora\u00bb, a\u00f1adi\u00f3 y avanz\u00f3 que era posible la \u00absuspensi\u00f3n\u00bb del presentador.<\/p>\n<p class=\"voc-p\" style=\"\">Ese mismo d\u00eda, la compa\u00f1\u00eda que controla el mayor n\u00famero de cadenas locales afiliadas a ABC, Nexstar, anunci\u00f3 que retirar\u00eda el programa de Kimmel. Defendi\u00f3 que sus comentarios fueron \u00abofensivos e insensibles en un <a href=\"https:\/\/www.abc.es\/internacional\/guerra-asesinato-charlie-kirk-ahonda-division-convierte-20250911042330-nt.html\" data-voc-vtm-id=\"in-text-traffic\" title=\"momento cr\u00edtico para nuestro debate pol\u00edtico nacional\" rel=\"nofollow noopener\" target=\"_blank\">momento cr\u00edtico para nuestro debate pol\u00edtico nacional<\/a> y pensamos que no refleja el rango de opiniones y valores de las comunidades locales en donde estamos\u00bb.<\/p>\n<p class=\"voc-p\" style=\"\">Sinclair tambi\u00e9n cancel\u00f3 su emisi\u00f3n en las suyas, adem\u00e1s de anunciar que emitir\u00e1 un programa especial en homenaje a Kirk el viernes durante el horario del programa de Kimmel.<\/p>\n<p class=\"voc-p\" style=\"\">Nexstar tiene razones para contentar a Trump y sus reguladores. La FCC est\u00e1 en proceso de revisi\u00f3n de una operaci\u00f3n de compra de una compa\u00f1\u00eda rival, Tegna, por <strong>6.200 millones de d\u00f3lares<\/strong>.<\/p>\n<p class=\"voc-p\" style=\"\">Las mismas razones -no contrariar al multimillonario neoyorquino- es lo que parece haber llevado a ABC y Disney a cancelar a su presentador. Seg\u00fan varios medios estadounidenses, la decisi\u00f3n fue tomada por el consejero delegado de Disney, <a href=\"https:\/\/www.abc.es\/play\/cine\/noticias\/disney-anunciara-sucesor-bob-iger-nuevo-ceo-20241022070323-nt.html\" data-voc-vtm-id=\"in-text-traffic\" title=\"Bob Iger\" rel=\"nofollow noopener\" target=\"_blank\">Bob Iger<\/a>, y la copresidenta de Disney Entertainment, Dana Walden.<\/p>\n<p class=\"voc-p\" style=\"\">El episodio recuerda a la <a href=\"https:\/\/www.abc.es\/internacional\/cbs-cancela-the-late-show-stephen-colbert-20250718130736-nt.html\" data-voc-vtm-id=\"in-text-traffic\" title=\"salida este verano de otra estrella de los &#039;late-night&#039;\" rel=\"nofollow noopener\" target=\"_blank\">salida este verano de otra estrella de los &#8216;late-night&#8217;<\/a> y cr\u00edtico frecuente con Trump, <strong>Stephen Colbert<\/strong>, a quien ha dejado sin programa para esta temporada. Seg\u00fan la cadena, era por motivos de coste. El adi\u00f3s a Colbert ocurri\u00f3 poco despu\u00e9s de que CBS llegara a <a href=\"https:\/\/www.abc.es\/internacional\/paramount-logra-acuerdo-trump-pagara-16000-millones-20250702092754-nt.html\" title=\"www.abc.es\" data-voc-vtm-id=\"in-text-traffic\" data-mrf-link=\"www.abc.es\" rel=\"nofollow noopener\" target=\"_blank\">un acuerdo para indemnizar con 16 millones de d\u00f3lares a Trump<\/a> por una entrevista que dio durante la campa\u00f1a electoral del a\u00f1o pasado a su rival, <strong>Kamala Harris<\/strong>. Colbert calific\u00f3 la indemnizaci\u00f3n de \u00abgran soborno\u00bb, ya que la compa\u00f1\u00eda madre de CBS, Paramount ten\u00eda una operaci\u00f3n de fusi\u00f3n con Skydance pendiente de la decisi\u00f3n de los reguladores federales.<\/p>\n<p><img decoding=\"async\" loading=\"lazy\" src=\"https:\/\/www.europesays.com\/es\/wp-content\/uploads\/2025\/09\/1500901576-krJG--760x427@diario_abc.jpg\" class=\"voc-img\" width=\"760\" height=\"427\" alt=\"Jimmy Kimmel, junto a Stephen Colbert, cuyo programa tambi\u00e9n fue cancelado en verano, en la ceremonia de los premios Emmy de 2019\" data-voc-vtm-id=\"in-text-traffic\"\/><\/p>\n<p>Jimmy Kimmel, junto a Stephen Colbert, cuyo programa tambi\u00e9n fue cancelado en verano, en la ceremonia de los premios Emmy de 2019<\/p>\n<p>AFP<\/p>\n<p class=\"voc-p\" style=\"\">Cuando la CBS anunci\u00f3 la salida de Colbert, Trump lo celebr\u00f3 con fuerza y asegur\u00f3 que Kimmel era \u00abel siguiente\u00bb. Ahora, desde Londres, el presidente de EE.UU. se ha felicitado de la cancelaci\u00f3n del presentador.: \u00ab<strong>Grandes noticias para EE.UU<\/strong>., el programa con baja audiencia &#8216;Jimmy Kimmel Show&#8217; ha sido cancelado. Enhorabuena a ABC por tener por fin el coraje de hacer lo que era necesario\u00bb, dijo en un mensaje en su red social, en la que ya apunt\u00f3 como pr\u00f3ximas v\u00edctimas a los dos presentadores de &#8216;late-night&#8217; de otra gran cadena, la NBC, <a href=\"https:\/\/www.abc.es\/cultura\/medio-siglo-milagro-comico-saturday-night-live-20250222043643-nt.html\" data-voc-vtm-id=\"in-text-traffic\" title=\"Jimmy Fallon\" rel=\"nofollow noopener\" target=\"_blank\">Jimmy Fallon<\/a> y Seth Myers.<\/p>\n<p>\nAtaques a los medios de comunicaci\u00f3n\n<\/p>\n<p class=\"voc-p\" style=\"\">A estas cancelaciones se suman otros ataques contra los medios, como la <a href=\"https:\/\/www.abc.es\/internacional\/trump-anuncia-demanda-difamacion-15000-millones-dolares-20250916074640-nt.html\" data-voc-vtm-id=\"in-text-traffic\" title=\"demanda por difamaci\u00f3n por 15.000 millones de d\u00f3lares\" rel=\"nofollow noopener\" target=\"_blank\">demanda por difamaci\u00f3n por 15.000 millones de d\u00f3lares<\/a> de Trump contra &#8216;The New York Times&#8217; o una anterior similar contra &#8216;The Wall Street Journal&#8217;, ambas por informaciones sobre el presidente y su relaci\u00f3n con Jeffrey Epstein.<\/p>\n<p class=\"voc-p\" style=\"\">\u00abEsto va <strong>m\u00e1s all\u00e1 del &#8216;maccarthismo&#8217;<\/strong>\u00bb, critic\u00f3 Christopher Anders, de la Uni\u00f3n Americana de Libertades Civiles, en referencia al periodo de represi\u00f3n del discurso pol\u00edtico en la d\u00e9cada de 1950 liderado por el senador Joseph McCarthy. \u00abLas autoridades de Trump est\u00e1n abusando de forma repetida su poder para parar ideas que no les gustan o decidir qui\u00e9n puede hablar, escribir o incluso hacer chistes. La libertad de expresi\u00f3n no ha estado en mayor peligro\u00bb.<\/p>\n<p class=\"voc-p\" style=\"\">Varios pol\u00edticos dem\u00f3cratas criticaron tambi\u00e9n la cancelaci\u00f3n y las presiones a las compa\u00f1\u00edas. \u00abEsto <strong>no es lo que hacen las democracias<\/strong>, es lo que hacen las autocracias\u00bb, dijo el senador Charles Schumer. \u00abUna sociedad libre y democr\u00e1tica no puede silenciar a c\u00f3micos porque al presidente no le gusta lo que dicen\u00bb, defendi\u00f3 el gobernador de Illinois, JB Pritzker.<\/p>\n<p>Reportar un error<\/p>\n","protected":false},"excerpt":{"rendered":"18\/09\/2025 Actualizado a las 08:51h. El programa de Jimmy Kimmel, una de las estrellas de los &#8216;late-night&#8217; de&hellip;\n","protected":false},"author":2,"featured_media":122783,"comment_status":"","ping_status":"","sticky":false,"template":"","format":"standard","meta":{"footnotes":""},"categories":[174],"tags":[10771,40317,255,36828,17354,146,147,25,24,256,20984,20985,36829,2145,57,23],"class_list":{"0":"post-122782","1":"post","2":"type-post","3":"status-publish","4":"format-standard","5":"has-post-thumbnail","7":"category-famosos","8":"tag-asesinato","9":"tag-cancelan","10":"tag-celebrities","11":"tag-charlie","12":"tag-comentarios","13":"tag-entertainment","14":"tag-entretenimiento","15":"tag-es","16":"tag-espana","17":"tag-famosos","18":"tag-jimmy","19":"tag-kimmel","20":"tag-kirk","21":"tag-programa","22":"tag-sobre","23":"tag-spain"},"share_on_mastodon":{"url":"","error":""},"_links":{"self":[{"href":"https:\/\/www.europesays.com\/es\/wp-json\/wp\/v2\/posts\/122782","targetHints":{"allow":["GET"]}}],"collection":[{"href":"https:\/\/www.europesays.com\/es\/wp-json\/wp\/v2\/posts"}],"about":[{"href":"https:\/\/www.europesays.com\/es\/wp-json\/wp\/v2\/types\/post"}],"author":[{"embeddable":true,"href":"https:\/\/www.europesays.com\/es\/wp-json\/wp\/v2\/users\/2"}],"replies":[{"embeddable":true,"href":"https:\/\/www.europesays.com\/es\/wp-json\/wp\/v2\/comments?post=122782"}],"version-history":[{"count":0,"href":"https:\/\/www.europesays.com\/es\/wp-json\/wp\/v2\/posts\/122782\/revisions"}],"wp:featuredmedia":[{"embeddable":true,"href":"https:\/\/www.europesays.com\/es\/wp-json\/wp\/v2\/media\/122783"}],"wp:attachment":[{"href":"https:\/\/www.europesays.com\/es\/wp-json\/wp\/v2\/media?parent=122782"}],"wp:term":[{"taxonomy":"category","embeddable":true,"href":"https:\/\/www.europesays.com\/es\/wp-json\/wp\/v2\/categories?post=122782"},{"taxonomy":"post_tag","embeddable":true,"href":"https:\/\/www.europesays.com\/es\/wp-json\/wp\/v2\/tags?post=122782"}],"curies":[{"name":"wp","href":"https:\/\/api.w.org\/{rel}","templated":true}]}}