{"id":122784,"date":"2025-09-18T10:15:25","date_gmt":"2025-09-18T10:15:25","guid":{"rendered":"https:\/\/www.europesays.com\/es\/122784\/"},"modified":"2025-09-18T10:15:25","modified_gmt":"2025-09-18T10:15:25","slug":"el-vitoriano-casto-solano-instala-dos-esculturas-en-canada","status":"publish","type":"post","link":"https:\/\/www.europesays.com\/es\/122784\/","title":{"rendered":"El vitoriano Casto Solano instala dos esculturas en Canad\u00e1"},"content":{"rendered":"<p>\n        El artista vitoriano <a href=\"https:\/\/escultura.es\/?fbclid=PAZXh0bgNhZW0CMTEAAacw80FUXNyBVTknhukvF55D45McvqHDDvBQHFIOShXV-5xuytJUM-zwC1pGCQ_aem_RcQTeAoGm8H8kG93wUW7oQ\" title=\"Casto Solano\" rel=\"nofollow noopener\" target=\"_blank\" class=\"link copy\">Casto Solano <\/a>ha instalado dos esculturas en Port Coquitlam (Canad\u00e1), e<strong>n homenaje al h\u00e9roe canadiense <\/strong><a href=\"https:\/\/es.wikipedia.org\/wiki\/Terry_Fox\" title=\"Terry Fox\" rel=\"nofollow noopener\" class=\"link copy\" target=\"_blank\"><strong>Terry Fox<\/strong><\/a><strong>. <\/strong>Solano es el <strong>creador de varias de las esculturas m\u00e1s populares de Vitoria<\/strong>, como el &#8216;Torero&#8217; de la calle Dato; el &#8216;Pensador Ni\u00f1o&#8217;, en la Plaza de los Celedones de Oro; el &#8216;Hombre con arco iris&#8217; de la Plaza Am\u00e1rica o el &#8216;Ken Follet&#8217; de la Catedral Santa Mar\u00eda.\n<\/p>\n<p class=\"article-photo__footer\">\n            Ken Follet, junto a su escultura en Vitoria            Archivo DNA        <\/p>\n<p>            <a href=\"https:\/\/www.noticiasdealava.eus\/cultura\/2025\/01\/22\/casto-solano-lleva-obras-vitoria-estados-unidos-reino-unido-gasteiz-alava-araba-9183952.html\" title=\"Casto Solano lleva sus obras de Vitoria a Estados Unidos, Reino Unido e Irlanda\" class=\"new__media\" rel=\"nofollow noopener\" target=\"_blank\"><\/p>\n<p>                <img alt=\"Casto Solano lleva sus obras de Vitoria a Estados Unidos, Reino Unido e Irlanda\" data-src=\"https:\/\/www.europesays.com\/es\/wp-content\/uploads\/2025\/09\/78d0ff04-f94c-4957-a96b-095e1c182f0e_16-9-aspect-ratio_default_0_x1142y658.jpg\" class=\"lozad\"\/><\/p>\n<p>        <\/a><\/p>\n<p>        <a href=\"https:\/\/www.noticiasdealava.eus\/cultura\/2025\/01\/22\/casto-solano-lleva-obras-vitoria-estados-unidos-reino-unido-gasteiz-alava-araba-9183952.html\" title=\"Casto Solano lleva sus obras de Vitoria a Estados Unidos, Reino Unido e Irlanda\" class=\"new__headline\" rel=\"nofollow noopener\" target=\"_blank\"><br \/>\n            Casto Solano lleva sus obras de Vitoria a Estados Unidos, Reino Unido e Irlanda<br \/>\n        <\/a><\/p>\n<blockquote class=\"twitter-tweet\" data-lang=\"es\" wp_automatic_readability=\"3.8786885245902\">\n<p lang=\"en\" dir=\"ltr\">\ud83c\udf89 Happy <a href=\"https:\/\/twitter.com\/hashtag\/TerryFoxRun?src=hash&amp;ref_src=twsrc%5Etfw\" rel=\"nofollow noopener\" target=\"_blank\">#TerryFoxRun<\/a> Day<br \/>~<br \/>Terry Fox\u2019s hometown of <a href=\"https:\/\/twitter.com\/hashtag\/PortCoquitlam?src=hash&amp;ref_src=twsrc%5Etfw\" rel=\"nofollow noopener\" target=\"_blank\">#PortCoquitlam<\/a> unveiled sculptures on the 45th anniversary of Marathon of Hope.<br \/>~<br \/>Full Story &amp; Video:<a href=\"https:\/\/t.co\/1x6uRjbW2N\" rel=\"nofollow\">https:\/\/t.co\/1x6uRjbW2N<\/a><br \/>~<a href=\"https:\/\/twitter.com\/TerryFoxCanada?ref_src=twsrc%5Etfw\" rel=\"nofollow noopener\" target=\"_blank\">@TerryFoxCanada<\/a> <a href=\"https:\/\/twitter.com\/CityofPoCo?ref_src=twsrc%5Etfw\" rel=\"nofollow noopener\" target=\"_blank\">@CityofPoCo<\/a> <a href=\"https:\/\/twitter.com\/globalnews?ref_src=twsrc%5Etfw\" rel=\"nofollow noopener\" target=\"_blank\">@globalnews<\/a> <a href=\"https:\/\/t.co\/DXBYXGfhko\" rel=\"nofollow\">pic.twitter.com\/DXBYXGfhko<\/a><\/p>\n<p>\u2014 Geoffery Kehrig (@GeofferyKehrig) <a href=\"https:\/\/twitter.com\/GeofferyKehrig\/status\/1967371809663438986?ref_src=twsrc%5Etfw\" rel=\"nofollow noopener\" target=\"_blank\">14 de septiembre de 2025<\/a><\/p><\/blockquote>\n<p class=\"article-body__text \">\n        <strong>Ahora acaba de inaugurar su nueva obra, &#8216;Gateway of Giants&#8217; (Puerta de los Gigantes)<\/strong>, que consta de dos esculturas instaladas a lo largo del camino que lleva a la entrada del centro comunitario de Port Coquitlam, donde creci\u00f3 Fox.\n<\/p>\n<p class=\"article-body__text \">\n        La primera escultura es <strong>una silueta recortada de acero desgastado de 5,5 metros<\/strong> que se inspira en una fotograf\u00eda de Terry entrenando al aire libre durante sus a\u00f1os universitarios tras su amputaci\u00f3n.\n<\/p>\n<p class=\"article-body__text \">\n        <strong>La segunda escultura es una estatua de bronce de tama\u00f1o natural<\/strong>, de poco m\u00e1s de un metro y medio de altura, que <strong>representa a Terry en su adolescencia.<\/strong>\n<\/p>\n<p>    <a href=\"https:\/\/www.noticiasdealava.eus\/fotos\/general\/2023\/01\/10\/ultimas-obras-casto-solano-mundo-6339467.html\" rel=\"nofollow noopener\" target=\"_blank\"><\/p>\n<p>    <img loading=\"lazy\" decoding=\"async\" class=\"lazy-place\" src=\"data:image\/svg+xml,%3Csvg xmlns=&quot;http:\/\/www.w3.org\/2000\/svg&quot; viewBox=&quot;0 0 880 495&quot;%3E%3C\/svg%3E\" height=\"495\" width=\"880\" alt=\"\" style=\"width:100%; height:auto; max-width:100%;\"\/><\/p>\n<p>    <\/a><\/p>\n<p>    <a href=\"https:\/\/www.noticiasdealava.eus\/fotos\/general\/2023\/01\/10\/ultimas-obras-casto-solano-mundo-6339467.html\" class=\"article-photo__multimedia\" rel=\"nofollow noopener\" target=\"_blank\"><\/p>\n<p>        6<br \/>\n    <\/a><\/p>\n<p class=\"article-photo__footer\">\n        Las \u00faltimas obras de Casto Solano en el mundo\n            <\/p>\n<p class=\"article-body__text \">\n        Es un homenaje al h\u00e9roe nacional canadiense, <strong>Terry Fox<\/strong> (1958-1981), u<strong>n joven que sufri\u00f3 la amputaci\u00f3n de una pierna con 18 a\u00f1os por un c\u00e1ncer y decidi\u00f3 correr un marat\u00f3n cada d\u00eda<\/strong> -ya con una pierna ortop\u00e9dica- para apoyar la investigaci\u00f3n de esta enfermedad. Fox recorri\u00f3 5.373 kil\u00f3metros duarte 143 d\u00edas a lo largo de Canad\u00e1, hasta que tuvo que parar porque el c\u00e1ncer se le reprodujo.\n<\/p>\n<p>            <a href=\"https:\/\/www.noticiasdealava.eus\/cultura\/2024\/01\/18\/estados-unidos-espera-casto-solano-7756827.html\" title=\"Estados Unidos espera a Casto Solano\" class=\"new__media\" rel=\"nofollow noopener\" target=\"_blank\"><\/p>\n<p>                <img alt=\"Estados Unidos espera a Casto Solano\" data-src=\"https:\/\/www.europesays.com\/es\/wp-content\/uploads\/2025\/09\/92efa8ac-9d54-4bb1-9905-c7864cc85a72_16-9-aspect-ratio_default_0.jpg\" class=\"lozad\"\/><\/p>\n<p>        <\/a><\/p>\n<p>        <a href=\"https:\/\/www.noticiasdealava.eus\/cultura\/2024\/01\/18\/estados-unidos-espera-casto-solano-7756827.html\" title=\"Estados Unidos espera a Casto Solano\" class=\"new__headline\" rel=\"nofollow noopener\" target=\"_blank\"><br \/>\n            Estados Unidos espera a Casto Solano<br \/>\n        <\/a><\/p>\n<p>  Marat\u00f3n de la Esperanza<\/p>\n<p class=\"article-body__text \">\n        Aunque no pudo completarla, la llamada <strong>\u201cMarat\u00f3n de la Esperanza\u201d, como Terry la bautiz\u00f3, fue un rotundo \u00e9xito<\/strong>. Mientras \u00e9l segu\u00eda corriendo, se recaudaron 1,7 millones de d\u00f3lares, pero poco despu\u00e9s <strong>la cifra se dispar\u00f3 hasta superar los 24 millones <\/strong>que se hab\u00eda propuesto. Sin embargo, su logro no fue solo econ\u00f3mico: su gesta<strong> transform\u00f3 para siempre la manera en que se percibe el c\u00e1ncer y c\u00f3mo enfrentarlo, <\/strong>no solo en Canad\u00e1, sino en todo el mundo.\n<\/p>\n<p class=\"article-body__text \">\n        Para los canadienses, <strong>Terry Fox es un verdadero h\u00e9roe nacional, y su nombre se ha convertido en un s\u00edmbolo global de la lucha contra el c\u00e1ncer<\/strong>. \u00abRara vez, en la vida de una naci\u00f3n, el coraje de una persona logra unir a todo un pueblo para celebrar su vida y lamentar su muerte. No lo veo como alguien derrotado por la adversidad, sino como un ejemplo del triunfo del esp\u00edritu humano\u00bb, expres\u00f3 el ex primer ministro Pierre Trudeau ante el Parlamento, tras su fallecimiento el 28 de junio de 1981, a los 22 a\u00f1os.\n<\/p>\n<p>            <script async src=\"https:\/\/platform.twitter.com\/widgets.js\" charset=\"utf-8\"><\/script><\/p>\n","protected":false},"excerpt":{"rendered":"El artista vitoriano Casto Solano ha instalado dos esculturas en Port Coquitlam (Canad\u00e1), en homenaje al h\u00e9roe canadiense&hellip;\n","protected":false},"author":2,"featured_media":122785,"comment_status":"","ping_status":"","sticky":false,"template":"","format":"standard","meta":{"footnotes":""},"categories":[173],"tags":[229,233,231,230,3730,40319,232,234,146,147,25,8426,24,33823,40320,23,40318],"class_list":{"0":"post-122784","1":"post","2":"type-post","3":"status-publish","4":"format-standard","5":"has-post-thumbnail","7":"category-arte-y-diseno","8":"tag-arte","9":"tag-arte-y-diseno","10":"tag-arts","11":"tag-arts-and-design","12":"tag-canada","13":"tag-casto","14":"tag-design","15":"tag-diseno","16":"tag-entertainment","17":"tag-entretenimiento","18":"tag-es","19":"tag-esculturas","20":"tag-espana","21":"tag-instala","22":"tag-solano","23":"tag-spain","24":"tag-vitoriano"},"share_on_mastodon":{"url":"","error":""},"_links":{"self":[{"href":"https:\/\/www.europesays.com\/es\/wp-json\/wp\/v2\/posts\/122784","targetHints":{"allow":["GET"]}}],"collection":[{"href":"https:\/\/www.europesays.com\/es\/wp-json\/wp\/v2\/posts"}],"about":[{"href":"https:\/\/www.europesays.com\/es\/wp-json\/wp\/v2\/types\/post"}],"author":[{"embeddable":true,"href":"https:\/\/www.europesays.com\/es\/wp-json\/wp\/v2\/users\/2"}],"replies":[{"embeddable":true,"href":"https:\/\/www.europesays.com\/es\/wp-json\/wp\/v2\/comments?post=122784"}],"version-history":[{"count":0,"href":"https:\/\/www.europesays.com\/es\/wp-json\/wp\/v2\/posts\/122784\/revisions"}],"wp:featuredmedia":[{"embeddable":true,"href":"https:\/\/www.europesays.com\/es\/wp-json\/wp\/v2\/media\/122785"}],"wp:attachment":[{"href":"https:\/\/www.europesays.com\/es\/wp-json\/wp\/v2\/media?parent=122784"}],"wp:term":[{"taxonomy":"category","embeddable":true,"href":"https:\/\/www.europesays.com\/es\/wp-json\/wp\/v2\/categories?post=122784"},{"taxonomy":"post_tag","embeddable":true,"href":"https:\/\/www.europesays.com\/es\/wp-json\/wp\/v2\/tags?post=122784"}],"curies":[{"name":"wp","href":"https:\/\/api.w.org\/{rel}","templated":true}]}}