{"id":122786,"date":"2025-09-18T10:16:12","date_gmt":"2025-09-18T10:16:12","guid":{"rendered":"https:\/\/www.europesays.com\/es\/122786\/"},"modified":"2025-09-18T10:16:12","modified_gmt":"2025-09-18T10:16:12","slug":"ediciones-mujeres-de-letras-realizara-lanzamiento-de-nueva-publicacion-dobles-poeticas-del-sur","status":"publish","type":"post","link":"https:\/\/www.europesays.com\/es\/122786\/","title":{"rendered":"Ediciones Mujeres de Letras realizar\u00e1 lanzamiento de nueva publicaci\u00f3n \u201cDobles Po\u00e9ticas del Sur\u201d"},"content":{"rendered":"<p><strong>\u201cDobles Po\u00e9ticas del Sur\u201d<\/strong> se llama el \u00faltimo libro de Ediciones Mujeres de Letras, publicaci\u00f3n que invita a conectar con la prosa po\u00e9tica de las autoras Zaida Montero y Juana Matey -ambas del Biob\u00edo- a trav\u00e9s de una experiencia de lectura \/escucha cercana, interactiva y sensorial. Este nuevo proceso da continuidad al trabajo editorial que esta plataforma viene desarrollando desde el a\u00f1o 2015 como respuesta a la necesidad de visibilizar los procesos de escritura de las autoras chilenas, especialmente, desde regiones. Con la edici\u00f3n de \u00c1ngela Neira-Mu\u00f1oz, el pr\u00f3logo de la periodista Elisa Montesinos y el trabajo sonoro de La Gaviota Podcast, \u201cDobles Po\u00e9ticas del Sur\u201d tendr\u00e1 su <strong>lanzamiento este 25 de septiembre, a las 18:00 horas, en el Punto Lector Roberto Bola\u00f1o del Centro Cultural Municipal de Los \u00c1ngeles (Lautaro 463) con entrada liberada.<\/strong><\/p>\n<p>\u201cEsta edici\u00f3n propone dos manuscritos muy distintos en su trabajo con el lenguaje y la est\u00e9tica, pero que, sin embargo, las emociones, sentimientos y pensamiento cr\u00edtico las unen como ejes que movilizan las posibles interpretaciones de sus manuscritos. Este libro referencia la actuancia de una generaci\u00f3n de mujeres autoras de la Regi\u00f3n del Biob\u00edo para transformar los conceptos de intelectualidad, pensamiento, maternidad, amor, historia, herencias y traumas familiares, resignificando en ello, la memoria hist\u00f3rica\u201d, detall\u00f3 Neira-Mu\u00f1oz, directora de Mujeres de Letras y editora de esta publicaci\u00f3n.<\/p>\n<p>Palabras a las que complet\u00f3 que \u201cse trata de un libro din\u00e1mico que nos har\u00e1 pensar, re\u00edr, sentir y escuchar a las autoras en un guion armado desde nuestro trabajo editorial y pensado como lectoras\u201d.<\/p>\n<p>Letras regionales<\/p>\n<p>M\u00e1s en detalle, \u201cDobles Po\u00e9ticas del Sur\u201d es un texto pensando para incentivar y democratizar la lectura de la prosa po\u00e9tica escrita por mujeres y con un alto potenciar mediador en su trabajo editorial. As\u00ed el libro lo integran \u201cInsitu\u201d, de Zaida Montero, y \u201cAs de Luz\u201d, de Juana Matey. Precisamente, esta \u00faltima se refiri\u00f3 a la entrega de su poemario a esta editorial penquista, a lo que expres\u00f3 que \u201cestos textos estuvieron como perlas incrustadas en un ba\u00fal de silencio premonitorio por a\u00f1os, sin atreverme a abrirles, ni entendiendo del todo sus mensajes. Los custodiaba recelosa y siento que dieron a luz justo a tiempo junto a un equipo que supo darles lugar a su cuerpo et\u00e9reo de estructura lum\u00ednica. Creo que estos poemas as\u00ed lo necesitaban\u201d.<\/p>\n<p>Por su parte, para Montero esta publicaci\u00f3n es un hito importante en su trayectoria, pues marca el inicio de un recorrido de escritura que decide formalizar y compartir. \u201cLo hago desde mi esencia, con una mirada puesta en la belleza de la vida cotidiana y con el anhelo de construir algo propio a partir de lo que veo, siento y pienso\u201d, manifest\u00f3.<\/p>\n<p>Este \u00faltimo trabajo editorial de Mujeres de Letras da continuidad a una mirada contempor\u00e1nea de la literatura escrita por mujeres, pensando el soporte an\u00e1logo como una caja de herramientas donde el o la lectora tambi\u00e9n puede ser una escucha a trav\u00e9s del audiolibro (Spotify) que entrega a esta edici\u00f3n un car\u00e1cter expansivo e interactivo. Dimensi\u00f3n sonora creada por la reconocida compa\u00f1\u00eda de audioteatro penquista La Gaviota Podcast.<\/p>\n","protected":false},"excerpt":{"rendered":"\u201cDobles Po\u00e9ticas del Sur\u201d se llama el \u00faltimo libro de Ediciones Mujeres de Letras, publicaci\u00f3n que invita a&hellip;\n","protected":false},"author":2,"featured_media":122787,"comment_status":"","ping_status":"","sticky":false,"template":"","format":"standard","meta":{"footnotes":""},"categories":[172],"tags":[224,40321,40322,146,147,25,24,20093,225,40323,23],"class_list":{"0":"post-122786","1":"post","2":"type-post","3":"status-publish","4":"format-standard","5":"has-post-thumbnail","7":"category-libros","8":"tag-books","9":"tag-dobles-poeticas-del-sur","10":"tag-ediciones-mujeres-de-letras","11":"tag-entertainment","12":"tag-entretenimiento","13":"tag-es","14":"tag-espana","15":"tag-lanzamiento-libro","16":"tag-libros","17":"tag-punto-lector-roberto-bolano","18":"tag-spain"},"share_on_mastodon":{"url":"","error":""},"_links":{"self":[{"href":"https:\/\/www.europesays.com\/es\/wp-json\/wp\/v2\/posts\/122786","targetHints":{"allow":["GET"]}}],"collection":[{"href":"https:\/\/www.europesays.com\/es\/wp-json\/wp\/v2\/posts"}],"about":[{"href":"https:\/\/www.europesays.com\/es\/wp-json\/wp\/v2\/types\/post"}],"author":[{"embeddable":true,"href":"https:\/\/www.europesays.com\/es\/wp-json\/wp\/v2\/users\/2"}],"replies":[{"embeddable":true,"href":"https:\/\/www.europesays.com\/es\/wp-json\/wp\/v2\/comments?post=122786"}],"version-history":[{"count":0,"href":"https:\/\/www.europesays.com\/es\/wp-json\/wp\/v2\/posts\/122786\/revisions"}],"wp:featuredmedia":[{"embeddable":true,"href":"https:\/\/www.europesays.com\/es\/wp-json\/wp\/v2\/media\/122787"}],"wp:attachment":[{"href":"https:\/\/www.europesays.com\/es\/wp-json\/wp\/v2\/media?parent=122786"}],"wp:term":[{"taxonomy":"category","embeddable":true,"href":"https:\/\/www.europesays.com\/es\/wp-json\/wp\/v2\/categories?post=122786"},{"taxonomy":"post_tag","embeddable":true,"href":"https:\/\/www.europesays.com\/es\/wp-json\/wp\/v2\/tags?post=122786"}],"curies":[{"name":"wp","href":"https:\/\/api.w.org\/{rel}","templated":true}]}}