{"id":122810,"date":"2025-09-18T10:28:09","date_gmt":"2025-09-18T10:28:09","guid":{"rendered":"https:\/\/www.europesays.com\/es\/122810\/"},"modified":"2025-09-18T10:28:09","modified_gmt":"2025-09-18T10:28:09","slug":"la-liga-asobal-aterriza-en-el-santamaria","status":"publish","type":"post","link":"https:\/\/www.europesays.com\/es\/122810\/","title":{"rendered":"La Liga Asobal aterriza en el Santamar\u00eda"},"content":{"rendered":"<p>La competici\u00f3n liguera ya est\u00e1 en marcha y, tras una semana de Ferias y Fiestas en Guadalajara, la \u00e9lite del balonmano espa\u00f1ol aterrizar\u00e1 este domingo en el David Santamar\u00eda, con la disputa del encuentro correspondiente a la segunda jornada de Liga NEXUS ENERG\u00cdA ASOBAL, que traer\u00e1 a tierras alcarre\u00f1as al Horneo E\u00d3N Alicante.<\/p>\n<p>Para celebrar la previa del primer partido en casa, se daban cita en la sede de SANICENTRO, patrocinador principal del club morado, su entrenador, Juan Carlos Requena y otra de las nuevas incorporaciones, un Diego Vera que lleg\u00f3 a Guadalajara desde Alicante y, por tanto, conoce bien al rival de esta jornada. Por parte de la qu\u00edmica alcarre\u00f1a, acud\u00eda como es habitual, Noem\u00ed Gracia, su Brand&amp;Product manager.<\/p>\n<p>Noem\u00ed deseaba a los morados buena suerte para su partido del domingo, que no se piensa perder en el David Santamar\u00eda \u00abestamos aqu\u00ed otra vez en la lucha, apoyando al equipo de Guadalajara que este a\u00f1o se llama Sanicentro y es un orgullo para Quicesa y para toda la empresa, poder apoyar a este equipo de nuestra ciudad. Mandamos much\u00edsimo \u00e1nimo y much\u00edsima fuerza al equipo y \u00a1a ganar!\u00bb.<\/p>\n<p>En lo que se refiere a lo deportivo, a pesar de la derrota en la primera jornada, Requena sigue viendo esos brotes verdes que espera comiencen a dar su fruto este domingo con el apoyo de la afici\u00f3n \u00abcreo que si el domingo hacemos un partido parecido al del otro d\u00eda contra Logro\u00f1o, tenemos opciones de llevarnos los dos puntos. El equipo dio muy buenas sensaciones, estando en partido pr\u00e1cticamente siempre, a un gol la falta de cuatro minutos y bueno, creo que Logro\u00f1o fue mejor al final en los unos contra unos, que es lo que tenemos que mejorar para ganar a Alicante\u00bb.<\/p>\n<p>El Horneo E\u00d3N Alicante de Fernando Latorre es un conjunto con muchas caras nuevas, al igual que el de Guadalajara y el m\u00edster de los alcarre\u00f1os espera que esa sea la clave para amarrar los dos primeros puntos en casa \u00abFernando es un entrenador que hace que sus equipos jueguen a muchas cosas, tiene la gran capacidad de ser vers\u00e1til, de adaptar la defensa, de plantearte sistemas de ataque diferentes, entonces te obliga a preparar muchas cosas de cara al scouting. Adem\u00e1s es un equipo que se ha reforzado bastante, ha hecho once o doce fichajes esta temporada, manteniendo un bloque de jugadores bastante importante del a\u00f1o pasado con jugadores como James Lewis Parker, Ander Torrico, Darko Dimitrievski&#8230; de un nivel bastante alto, pero siendo el primer partido en casa, ante nuestro p\u00fablico y adem\u00e1s en unas fechas tan se\u00f1aladas como estas para la ciudad&#8230; pues el equipo tiene una grand\u00edsima oportunidad para sumar los dos primeros puntos\u00bb.<\/p>\n<p>Diego Vera ya se encuentra ubicado en Guadalajara y dentro de la din\u00e1mica del equipo, habiendo firmado una buena actuaci\u00f3n en el primer partido, como reafirmaba su entrenador, pero, a pesar de ello, el pivote granadino no se conforma y cree que a\u00fan le queda para estar a su nivel \u00f3ptimo de rendimiento \u00abel otro d\u00eda tuvimos muy buenas sensaciones, pero en casa hay que sacar el mayor n\u00famero posible de puntos. Vamos poco a poco, pero, de mi parte, a\u00fan falta mejorar algunas cosas y seguro que con la ayuda de JuanCa, Riki y de mis compa\u00f1eros vamos a ir mejorando. Me falta a nivel f\u00edsico y a nivel t\u00e1ctico terminar de adaptarme al sistema de juego de Guadalajara, pero siempre se sigue mejorando, nunca se termina de crecer\u00bb.<\/p>\n<p>Para este partido no hay bajas y, aunque algunos jugadores algo tocados han estado entrenando a un ritmo menor, se espera que toda la plantilla salte este domingo a las 20,30 horas a la pista del David Santamar\u00eda para intentar poner un broche de oro a las fiestas de la ciudad.<\/p>\n","protected":false},"excerpt":{"rendered":"La competici\u00f3n liguera ya est\u00e1 en marcha y, tras una semana de Ferias y Fiestas en Guadalajara, la&hellip;\n","protected":false},"author":2,"featured_media":122811,"comment_status":"","ping_status":"","sticky":false,"template":"","format":"standard","meta":{"footnotes":""},"categories":[278],"tags":[2206,376,40337,168,25,24,40336,439,375,1939,1675,6173,40338,23,167],"class_list":{"0":"post-122810","1":"post","2":"type-post","3":"status-publish","4":"format-standard","5":"has-post-thumbnail","7":"category-balonmano","8":"tag-alicante","9":"tag-balonmano","10":"tag-darko","11":"tag-deportes","12":"tag-es","13":"tag-espana","14":"tag-ferias-y-fiestas-de-guadalajara","15":"tag-guadalajara","16":"tag-handball","17":"tag-juan-carlos-requena","18":"tag-liga-asobal","19":"tag-logrono","20":"tag-riki","21":"tag-spain","22":"tag-sports"},"share_on_mastodon":{"url":"","error":""},"_links":{"self":[{"href":"https:\/\/www.europesays.com\/es\/wp-json\/wp\/v2\/posts\/122810","targetHints":{"allow":["GET"]}}],"collection":[{"href":"https:\/\/www.europesays.com\/es\/wp-json\/wp\/v2\/posts"}],"about":[{"href":"https:\/\/www.europesays.com\/es\/wp-json\/wp\/v2\/types\/post"}],"author":[{"embeddable":true,"href":"https:\/\/www.europesays.com\/es\/wp-json\/wp\/v2\/users\/2"}],"replies":[{"embeddable":true,"href":"https:\/\/www.europesays.com\/es\/wp-json\/wp\/v2\/comments?post=122810"}],"version-history":[{"count":0,"href":"https:\/\/www.europesays.com\/es\/wp-json\/wp\/v2\/posts\/122810\/revisions"}],"wp:featuredmedia":[{"embeddable":true,"href":"https:\/\/www.europesays.com\/es\/wp-json\/wp\/v2\/media\/122811"}],"wp:attachment":[{"href":"https:\/\/www.europesays.com\/es\/wp-json\/wp\/v2\/media?parent=122810"}],"wp:term":[{"taxonomy":"category","embeddable":true,"href":"https:\/\/www.europesays.com\/es\/wp-json\/wp\/v2\/categories?post=122810"},{"taxonomy":"post_tag","embeddable":true,"href":"https:\/\/www.europesays.com\/es\/wp-json\/wp\/v2\/tags?post=122810"}],"curies":[{"name":"wp","href":"https:\/\/api.w.org\/{rel}","templated":true}]}}