{"id":122812,"date":"2025-09-18T10:29:21","date_gmt":"2025-09-18T10:29:21","guid":{"rendered":"https:\/\/www.europesays.com\/es\/122812\/"},"modified":"2025-09-18T10:29:21","modified_gmt":"2025-09-18T10:29:21","slug":"el-cid-apana-una-feria-de-transicion-y-en-tierra-de-nadie-el-nuevo-pliego-debe-devolver-la-grandeza-a-albacete","status":"publish","type":"post","link":"https:\/\/www.europesays.com\/es\/122812\/","title":{"rendered":"El Cid apa\u00f1a una feria de transici\u00f3n y en tierra de nadie: el nuevo pliego debe devolver la grandeza a Albacete"},"content":{"rendered":"<p>La feria taurina de la Virgen de Los Llanos que acaba de echar el tel\u00f3n ha puesto de manifiesto una realidad tan preocupante como evidente: Albacete ha salido del foco medi\u00e1tico y se ha convertido en una feria m\u00e1s en el calendario, sin ninguna repercusi\u00f3n y con nula trascendencia. El nuevo pliego que tiene que redactar el Ayuntamiento para sacar la plaza a concurso debe tener en cuenta la p\u00e9rdida de peso taurino de la feria albacete\u00f1a y tratar de devolverla al sitio que nunca debi\u00f3 perder, la m\u00e1s importante de septiembre y entre las cinco m\u00e1s relevantes del planeta taurino.<\/p>\n<p><img loading=\"lazy\" decoding=\"async\" width=\"1200\" height=\"800\" src=\"https:\/\/www.europesays.com\/es\/wp-content\/uploads\/2025\/09\/Feria-taurina-ruben-pinar-david-galvan-gines-marin-Albacete-4604.jpg\" alt=\"\" class=\"wp-image-1071508\"  \/><\/p>\n<p>Varios factores explican esta circunstancia. La p\u00e9rdida total de la integridad, la seriedad y el rigor de la plaza, en especial. No hay diferencia ya entre cortar una o dos orejas en Albacete que hacerlo en Murcia, Salamanca, Valladolid, Logro\u00f1o, Nimes o Guadalajara. Los indultos, los premios sin sentido y la falta de criterio presidencial, tanto en los corrales por la ma\u00f1ana aprobando toros indignos y manoseados como por la tarde en el palco, le han quitado a Albacete su se\u00f1a de identidad, esa que la convert\u00eda en un abono atractivo y diferencial.<\/p>\n<p><img loading=\"lazy\" decoding=\"async\" width=\"1200\" height=\"800\" src=\"https:\/\/www.europesays.com\/es\/wp-content\/uploads\/2025\/09\/feria-taurina-Caballero-Paco-urena-Roca-Rey-Albacete-2665.jpg\" alt=\"\" class=\"wp-image-1066662\"  \/><\/p>\n<p>Y eso ha hecho que se desplace al farolillo rojo de las ferias de segunda categor\u00eda en septiembre. No hace falta escarbar mucho para darse cuenta de que lo que acontece en Valladolid y Salamanca; Logro\u00f1o o Guadalajara, tiene much\u00edsima m\u00e1s repercusi\u00f3n que lo que pasa en Albacete. Los grandes medios de comunicaci\u00f3n generalista no se interesan en absoluto por lo que aqu\u00ed sucede y la plana mayor de comunicadores taurinos de primera fila no pisan nuestra feria, pero s\u00ed acuden al resto. Eso habla tambi\u00e9n del p\u00edrrico peso que los medios y las franquicias nacionales en la tierra conceden a la tauromaquia, con honrosas excepciones como es la de El Digital de Albacete y poco m\u00e1s.<\/p>\n<p><img loading=\"lazy\" decoding=\"async\" width=\"1200\" height=\"1200\" src=\"https:\/\/www.europesays.com\/es\/wp-content\/uploads\/2025\/09\/Feria-taurina-ruben-pinar-david-galvan-gines-marin-Albacete-5646.jpg\" alt=\"\" class=\"wp-image-1071596\"  \/><\/p>\n<p>Mientras que en Valladolid, Salamanca o Murcia se suceden las grandes tertulias y los encuentros entre periodistas, toreros y aficionados, en Albacete se ha desplazado el epicentro del toreo a un hotel que est\u00e1 fuera de la ciudad y se ha desvirtuado por completo lo que era la vida taurina de la capital en feria. Qu\u00e9 tiempos aquellos en los que la Cadena SER y la Cadena COPE compet\u00edan en las ondas con sus grandes comunicadores presentes durante toda la feria en Albacete. Y no solo en la feria sino en el centro de la ciudad. A todas horas hab\u00eda toreros y taurinos paseando por Albacete.<\/p>\n<p><img loading=\"lazy\" decoding=\"async\" width=\"800\" height=\"1200\" src=\"https:\/\/www.europesays.com\/es\/wp-content\/uploads\/2025\/09\/Feria-taurina-ruben-pinar-david-galvan-gines-marin-Albacete-6125.jpg\" alt=\"\" class=\"wp-image-1071628\"  \/><\/p>\n<p>Hab\u00eda tertulias por la ma\u00f1ana y por la noche. Retransmisiones de la corrida en directo por la tarde. La televisi\u00f3n taurina de turno siempre se interesaba por emitir en directo la feria. Las grandes cabeceras en papel enviaban a sus cr\u00edticos a Albacete para hacer un seguimiento del serial. Todo eso ha desaparecido y es labor del Ayuntamiento, mano a mano con la empresa que se haga con las riendas de la plaza, recuperarlo. Para ello hace falta inversi\u00f3n en publicidad y m\u00e1xima exigencia en lo taurino. Que los toreros se comprometan con Albacete y que la empresa se vuelque en fomentar y promocionar la feria y la temporada a lo largo del a\u00f1o en la ciudad.<\/p>\n<p><img loading=\"lazy\" decoding=\"async\" width=\"1200\" height=\"800\" src=\"https:\/\/www.europesays.com\/es\/wp-content\/uploads\/2025\/09\/Feria-taurina-ruben-pinar-david-galvan-gines-marin-Albacete-4615.jpg\" alt=\"\" class=\"wp-image-1071512\"  \/><\/p>\n<p>EL CID, TRIUNFADOR<\/p>\n<p>En lo estrictamente taurino, El Cid ha sido el \u00fanico argumento de una feria muy pobre, condicionada por el escaso juego de los toros y por un escalaf\u00f3n en franca decadencia. El diestro sevillano entr\u00f3 adem\u00e1s por la v\u00eda de la sustituci\u00f3n. <\/p>\n<p><img loading=\"lazy\" decoding=\"async\" width=\"1200\" height=\"800\" src=\"https:\/\/www.europesays.com\/es\/wp-content\/uploads\/2025\/09\/feria-taurina-El-Cid-Fernando-Molina-Penaranda-366.jpg\" alt=\"\" class=\"wp-image-1069419\"  \/><\/p>\n<p>De igual modo que Manuel Caballero, que cogi\u00f3 el puesto de Morante de La Puebla y dej\u00f3 una de las actuaciones m\u00e1s macizas del serial en el d\u00eda de su alternativa. Triunfador en lo num\u00e9rico con cuatro orejas y dos puertas grandes. La ausencia de Morante tambi\u00e9n ha sido un impacto negativo en la feria, ya que era el gran reclamo, casi el \u00fanico, para los aficionados que hacen kil\u00f3metros siguiendo al genio. Solo \u00e9l consigue ya grandes desplazamientos. Eso habla muy mal del estado del actual escalaf\u00f3n, en el que solo Roca Rey es capaz de darle r\u00e9plica en la taquilla, que es el gran term\u00f3metro de la fiesta.<\/p>\n<p><img loading=\"lazy\" decoding=\"async\" width=\"1200\" height=\"800\" src=\"https:\/\/www.europesays.com\/es\/wp-content\/uploads\/2025\/09\/feria-taurina-Caballero-Paco-urena-Roca-Rey-Albacete-9799.jpg\" alt=\"\" class=\"wp-image-1066754\"  \/><\/p>\n<p>La presencia de matadores como Jos\u00e9 Mar\u00eda Manzanares, Alejandro Talavante, Sebasti\u00e1n Castella, Miguel \u00c1ngel Perera, Daniel Luque, Paco Ure\u00f1a o Tom\u00e1s Rufo responden \u00fanicamente a cuestiones empresariales. Cambios de cromos. Tienen que estar porque tienen que estar, pero poco o nada tienen que aportar ya. La afici\u00f3n los conoce y el p\u00fablico no hace grandes esfuerzos por ir a verlos, m\u00e1s all\u00e1 de que, juntos en los carteles, todav\u00eda siguen teniendo cierto tir\u00f3n por aquello del nombre y que Albacete vive del abonado. Por eso se anuncian juntos y no abren esos carteles para que entren nuevos valores que se den a conocer y que s\u00ed que hacen que esas corridas tengan un cierto aliciente. No vaya a ser que un joven les pise lo fregado.<\/p>\n<p><img loading=\"lazy\" decoding=\"async\" width=\"1200\" height=\"800\" src=\"https:\/\/www.europesays.com\/es\/wp-content\/uploads\/2025\/09\/feria-taurina-Manzanares-Talavante-Ortega-Albacete-7140.jpg\" alt=\"\" class=\"wp-image-1065705\"  \/><\/p>\n<p>Destacar tambi\u00e9n otros nombres como el de Samuel Naval\u00f3n, la gran esperanza de la tauromaquia manchega, aunque compartida con Valencia, y que volvi\u00f3 a demostrar en Albacete que tiene unas condiciones arrolladoras. Solo tuvo una tarde en la feria que supo a poco. Debi\u00f3 entrar en una de las dos sustituciones, pero la meritocracia en el toreo son los padres. <\/p>\n<p><img loading=\"lazy\" decoding=\"async\" width=\"1200\" height=\"800\" src=\"https:\/\/www.europesays.com\/es\/wp-content\/uploads\/2025\/09\/jimennes-fernando-navalon-3828.jpg\" alt=\"\" class=\"wp-image-1061317\"  \/><\/p>\n<p>El novillero Aar\u00f3n Palacio ha sido el m\u00e1s destacado de la feria, a la que debe volver el a\u00f1o que viene ya como matador de toros. Juan Ortega es otro torero que no sale perjudicado de Albacete, pese a que no cuaj\u00f3 a un buen toro de Victoriano del R\u00edo. Dej\u00f3, eso s\u00ed, una faena preciosa, llena de detalles, que gust\u00f3 mucho a la afici\u00f3n. <\/p>\n<p><img loading=\"lazy\" decoding=\"async\" width=\"1200\" height=\"800\" src=\"https:\/\/www.europesays.com\/es\/wp-content\/uploads\/2025\/09\/feria-taurina-Manzanares-Talavante-Ortega-Albacete-8994.jpg\" alt=\"\" class=\"wp-image-1065892\"  \/><\/p>\n<p>Roca Rey hizo un esfuerzo para estar en la feria y cumpli\u00f3 su compromiso con gran solvencia, en una de las tardes m\u00e1s rotundas de su temporada. Emilio de Justo volvi\u00f3 a dejar su sello con una faena muy entonada a un toro importante de Jandilla y la terna que hizo frente a la dura corrida de Victorino, Rub\u00e9n Pinar, David Galv\u00e1n y Gin\u00e9s Mar\u00edn, resolvi\u00f3 la papeleta con mucha dignidad.<\/p>\n<p><img loading=\"lazy\" decoding=\"async\" width=\"1200\" height=\"1200\" src=\"https:\/\/www.europesays.com\/es\/wp-content\/uploads\/2025\/09\/feria-taurina-Caballero-Paco-urena-Roca-Rey-Albacete-1742.jpg\" alt=\"\" class=\"wp-image-1066626\"  \/><\/p>\n<p>En el aspecto ganadero hay que destacar dos corridas por encima del resto, las de Daniel Ruiz y La Quinta. La divisa albacete\u00f1a lidi\u00f3 un toro excelente, premiado de manera absurda con el indulto. Un gran toro que mereci\u00f3 el honor de la vuelta al ruedo. A otro le dieron tambi\u00e9n ese premio de la vuelta, de manera igualmente exagerada. <\/p>\n<p><img loading=\"lazy\" decoding=\"async\" width=\"1200\" height=\"800\" src=\"https:\/\/www.europesays.com\/es\/wp-content\/uploads\/2025\/09\/feria-taurina-Caballero-Paco-urena-Roca-Rey-Albacete-2544.jpg\" alt=\"\" class=\"wp-image-1066658\"  \/><\/p>\n<p>En ese capitulo de premios, otro toro de Santiago Domecq fue arrastrado entre honores y v\u00edtores del p\u00fablico. Ninguno de los tres premios estuvo justificado y solo el toro indultado, \u2018Diablillo\u2019 de nombre, fue verdaderamente bueno. El hierro de la familia Martinez-Conradi volvi\u00f3 a cumplir en su idilio con Albacete. Lidi\u00f3 hasta cuatro toros de nota que, de haber ca\u00eddo en manos experimentadas, habr\u00eda propiciado un triunfo rotundo de matadores y ganaderos. Solo El Cid fue capaz de exprimir la calidad de los c\u00e1rdenos de Santa Coloma y su faena a \u2018Hur\u00f3n\u2019 quedar\u00e1 para siempre en la historia de la plaza. El resto de hierros no cumplieron con la expectativa. A destacar, por cierto, que la \u00fanica corrida verdaderamente astifina y bien presentada fue la de Victorino Mart\u00edn. Ese es el otro gran mal que asola la fiesta, el afeitado sistem\u00e1tico de todos o casi todos los toros. Consentido por los palcos, las empresas, los toreros y, lo que es peor, los ganaderos.<\/p>\n<p><img loading=\"lazy\" decoding=\"async\" width=\"1200\" height=\"800\" src=\"https:\/\/www.europesays.com\/es\/wp-content\/uploads\/2025\/09\/Feria-taurina-ruben-pinar-david-galvan-gines-marin-Albacete-6698.jpg\" alt=\"\" class=\"wp-image-1071693\"  \/><\/p>\n<p>En el apartado local, buenas sensaciones, en general. Jos\u00e9 Fernando Molina, \u00fanico doblete en la feria, hizo un esfuerzo casi sobrehumano para poder estar en las corridas de Conde de Mayalde y de La Quinta. Una fuerte cornada en la pierna condicion\u00f3 su feria, aunque no se le not\u00f3 en exceso. Perdi\u00f3 con la espada dos puertas grandes que le habr\u00edan hecho merecedor del premio a triunfador de la feria. Ya hemos citado la gran actuaci\u00f3n de Samuel Naval\u00f3n y la \u00e9pica de un Rub\u00e9n Pinar habituado \u00faltimamente a tener que navegar con las corridas menos agradecidas. Alejandro Pe\u00f1aranda hizo lo que pudo con la corrida de La Quinta, un encaste con el que todav\u00eda tiene mucho que aprender, aunque demostr\u00f3 que est\u00e1 en ese camino de aprendizaje y que quiere ser torero. Manuel Caballero tambi\u00e9n ha demostrado que no est\u00e1 aqu\u00ed por casualidad y que tiene la ilusi\u00f3n de ser un torero de ferias: tuvo dos grandes actuaciones, especialmente en el d\u00eda de su alternativa. Le funciona la espada y tiene mucha capacidad con los toros. Los dos novilleros albacete\u00f1os que hicieron el pase\u00edllo, Alejandro Quesada y el debutante Nicol\u00e1s Cortijo, poco pudieron ense\u00f1ar. Quesada fue herido en la pierna a las primeras de cambio y Cortijo se enfrent\u00f3 a un lote blando y manso que no sirvi\u00f3 para nada.<\/p>\n<p><img loading=\"lazy\" decoding=\"async\" width=\"1200\" height=\"800\" src=\"https:\/\/www.europesays.com\/es\/wp-content\/uploads\/2025\/09\/Publico-feria-taurina-El-Cid-Fernando-Molina-Penaranda-395.jpg\" alt=\"\" class=\"wp-image-1069448\"  \/><\/p>\n<p>El conjunto general de la feria es de suspenso, por el pobre juego de lo toros y por la actitud pasiva de la mayor parte de los toreros, que han pasado por Albacete como una escala m\u00e1s en sus temporadas. Deben tomar nota los empresarios si quieren seguir al frente de la plaza. En su descargo, rese\u00f1ar que las ganader\u00edas que han tra\u00eddo son, a priori, de garant\u00edas. Es de reconocer el esfuerzo econ\u00f3mico que han llevado a cabo, porque reunir en una misma feria a Victorino Mart\u00edn, Victoriano del R\u00edo, Jandilla, La Quinta, Santiago Domecq, Conde de Mayalde, Daniel Ruiz y Montealto no es f\u00e1cil. Tampoco es culpa del empresario que esas corridas no embistan. Ni que los toreros pasen de puntillas. Por eso deben cogerles la matr\u00edcula y pensar ya, si es que se presentan al concurso y lo ganan, en la feria de 2026. Veremos qu\u00e9 otras empresas deciden concurrir al mismo. Se habla de que los Chopera est\u00e1n interesados. Por el bien de los toros y por el bien de Albacete, esperemos que no sean ellos los elegidos. La labor de Sim\u00f3n Casas y de Manuel Amador ha sido positiva durante estos a\u00f1os. Han conseguido fijar el n\u00famero de abonados y conseguir buen ambiente en la plaza. En el debe, esa progresiva desconexi\u00f3n de Albacete con el panorama taurino nacional e internacional.<\/p>\n<p>Si hubiera que dar unos premios, me permito el lujo de designar los que, a mi juicio, deber\u00edan recogerlos:<\/p>\n<p>Triunfador de la feria: Manuel Caballero<\/p>\n<p>Mejor faena: El Cid, por la realizada al toro \u2018Hur\u00f3n\u2019, de La Quinta, el lunes 15 de septiembre<\/p>\n<p>Mejor novillero: Aar\u00f3n Palacio<\/p>\n<p>Mejor rejoneador: Diego Ventura<br \/>\u00a0<br \/>Mejor estocada: Gin\u00e9s Mar\u00edn, por la ejecutada a su primer toro de Victorino Mart\u00edn el mi\u00e9rcoles 17 de septiembre<br \/>\u00a0<br \/>Mejor picador: Daniel L\u00f3pez<br \/>\u00a0<br \/>Mejor brega: Jos\u00e9 Mar\u00eda Arenas<br \/>\u00a0<br \/>Mejor banderillero: Juan Carlos Rey<br \/>\u00a0<br \/>Mejor toro: \u2018Diablillo\u2019, de Daniel Ruiz, lidiado por Paco Ure\u00f1a el s\u00e1bado 13 de septiembre<br \/>\u00a0<br \/>Mejor ganader\u00eda: La Quinta<\/p>\n","protected":false},"excerpt":{"rendered":"La feria taurina de la Virgen de Los Llanos que acaba de echar el tel\u00f3n ha puesto de&hellip;\n","protected":false},"author":2,"featured_media":122813,"comment_status":"","ping_status":"","sticky":false,"template":"","format":"standard","meta":{"footnotes":""},"categories":[277],"tags":[373,168,25,24,23,167,374],"class_list":{"0":"post-122812","1":"post","2":"type-post","3":"status-publish","4":"format-standard","5":"has-post-thumbnail","7":"category-toreo","8":"tag-bullfighting","9":"tag-deportes","10":"tag-es","11":"tag-espana","12":"tag-spain","13":"tag-sports","14":"tag-toreo"},"share_on_mastodon":{"url":"","error":""},"_links":{"self":[{"href":"https:\/\/www.europesays.com\/es\/wp-json\/wp\/v2\/posts\/122812","targetHints":{"allow":["GET"]}}],"collection":[{"href":"https:\/\/www.europesays.com\/es\/wp-json\/wp\/v2\/posts"}],"about":[{"href":"https:\/\/www.europesays.com\/es\/wp-json\/wp\/v2\/types\/post"}],"author":[{"embeddable":true,"href":"https:\/\/www.europesays.com\/es\/wp-json\/wp\/v2\/users\/2"}],"replies":[{"embeddable":true,"href":"https:\/\/www.europesays.com\/es\/wp-json\/wp\/v2\/comments?post=122812"}],"version-history":[{"count":0,"href":"https:\/\/www.europesays.com\/es\/wp-json\/wp\/v2\/posts\/122812\/revisions"}],"wp:featuredmedia":[{"embeddable":true,"href":"https:\/\/www.europesays.com\/es\/wp-json\/wp\/v2\/media\/122813"}],"wp:attachment":[{"href":"https:\/\/www.europesays.com\/es\/wp-json\/wp\/v2\/media?parent=122812"}],"wp:term":[{"taxonomy":"category","embeddable":true,"href":"https:\/\/www.europesays.com\/es\/wp-json\/wp\/v2\/categories?post=122812"},{"taxonomy":"post_tag","embeddable":true,"href":"https:\/\/www.europesays.com\/es\/wp-json\/wp\/v2\/tags?post=122812"}],"curies":[{"name":"wp","href":"https:\/\/api.w.org\/{rel}","templated":true}]}}