{"id":122820,"date":"2025-09-18T10:35:09","date_gmt":"2025-09-18T10:35:09","guid":{"rendered":"https:\/\/www.europesays.com\/es\/122820\/"},"modified":"2025-09-18T10:35:09","modified_gmt":"2025-09-18T10:35:09","slug":"el-hestia-menorca-se-lleva-el-derbi-insular-ante-es-castell-99-64","status":"publish","type":"post","link":"https:\/\/www.europesays.com\/es\/122820\/","title":{"rendered":"El Hestia Menorca se lleva el derbi insular ante Es Castell (99-64)"},"content":{"rendered":"<p>El talento y el ritmo m\u00e1s constante a lo largo del partido del<strong> <a href=\"https:\/\/www.menorca.info\/etiqueta\/Hestia+Menorca.html?utm_source=Inline-tag&amp;utm_medium=internal\" rel=\"nofollow noopener\" target=\"_blank\">Hestia Menorca<\/a><\/strong> fue m\u00e1s que suficiente para<strong> doblegar a un <a href=\"https:\/\/www.menorca.info\/etiqueta\/Sa+Tintina+Es+Castell.html?utm_source=Inline-tag&amp;utm_medium=internal\" rel=\"nofollow noopener\" target=\"_blank\">Sa Tintina Es Castell<\/a><\/strong> que ofreci\u00f3 una versi\u00f3n que se acerca al dibujo competitivo que quiere dibujar Ra\u00fal Jodra. De ella se desprenden los<strong> primeros brotes verdes<\/strong> de un equipo con unos primeros conceptos muy afianzados.<\/p>\n<p>En lo que respecta a los de Javi Zamora, el bloque <strong>contin\u00faa conoci\u00e9ndose y tratando de adaptarse<\/strong> a los esquemas del entrenador madrile\u00f1o. A\u00fan as\u00ed, el proceso de acoplamiento se lleva mucho mejor cuando el volumen de talento es tan alto que es capaz de ganar los partidos por s\u00ed mismo. As\u00ed pues, <strong>la l\u00ednea exterior otorgaba la victoria parcial<\/strong> al cuadro de Bintalfa al t\u00e9rmino del primer periodo.<\/p>\n<p>Fuerzas igualadas<\/p>\n<p>El acierto de Jaume Lobo en primera instancia, encadenando hasta<strong> tres triples consecutivos<\/strong> hasta que sus tres faltas obligaron a Zamora a retirarlo, marcaban el paso de un <strong>partido dominado por el Hestia en el marcador<\/strong>, aunque parejo sobre el parquet.<\/p>\n<p>Pese a la defensa correosa que planteaba desde un primer momento el conjunto de Javi Zamora, Es Castell se sent\u00eda c\u00f3modo a la hora de tomar la iniciativa. Sin embargo, ser\u00eda <strong>en transici\u00f3n ofensiva cuando los gualdinegros se har\u00edan fuertes<\/strong>. Sobre todo, si Mart\u00ed Corbera se colocaba al mando de las operaciones. El reci\u00e9n incoporado del Sese \u2014y vinculado al Hestia Menorca\u2014, junto a un Guillem Garcia muy suelto y con un interminable registro de movimientos, se convert\u00eda en la <strong>gran referencia ofensiva de los de Ra\u00fal Jodra<\/strong>, quienes \u00fanicamente se ve\u00edan lastrados por una notable y m\u00e1s que normal <strong>falta de acierto frente a una buena defensa local<\/strong>.<\/p>\n<p>Subida de marcha del Hestia<\/p>\n<p>Entrando al <strong>segundo cuarto<\/strong>, el equipo local aprovechaba la rotaci\u00f3n de Es Castell para<strong> jugar m\u00e1s c\u00f3modo y engrosar cifras<\/strong>. El riesgo que asum\u00edan Xavi Hern\u00e1ndez y V\u00edctor Fern\u00e1ndez en fase de creaci\u00f3n conduc\u00edan a las<strong> canastas f\u00e1ciles<\/strong> de un Nico Galette y un Emmanuel Wembi que contin\u00faan ganando en confianza.<\/p>\n<p>M\u00e1s de lo mismo al reanudarse el partido <strong>tras el descanso<\/strong>. Javi Zamora inyect\u00f3 fuego en los ojos de sus muchachos, que saltaron a la pista con una marcha m\u00e1s y demostrando un <strong>mayor dominio a partir del\u2006 \u2006 poso y la tranquilidad<\/strong> que emana Pol Figueras a la hora de orquestar el juego.<\/p>\n<p>No obstante, V\u00edctor Arteaga sufri\u00f3 al verse obligado a lidiar con la m\u00e1s fea del baile, <strong>un Jules Ndoye que brill\u00f3 como nunca<\/strong> tanto en el apartado defensivo como en el ofensivo; en el rebote y en la anotaci\u00f3n. De hecho, provoc\u00f3 <strong>tres faltas seguidas del conquense<\/strong>, incapaz de detenerlo por momentos.<\/p>\n<p>El ritmo del<strong> \u00faltimo cuarto<\/strong> se torn\u00f3 an\u00e1rquico, con a\u00fan m\u00e1s probaturas por parte de los entrenadores. As\u00ed pues, se convirti\u00f3 en el escenario ideal para que <strong>Rafa G\u00f3mez ofreciera destellos de su calidad<\/strong> en varias acciones individuales y para que<strong> Jaume Lobo continuara demostrando su excelsa calidad<\/strong> con una exhibici\u00f3n de aciertos desde la l\u00ednea de 6,75 metros.<\/p>\n<p>        El apunte        <\/p>\n<p>                        Sin minutos para Vicedo y lesi\u00f3n de Sola<\/p>\n","protected":false},"excerpt":{"rendered":"El talento y el ritmo m\u00e1s constante a lo largo del partido del Hestia Menorca fue m\u00e1s que&hellip;\n","protected":false},"author":2,"featured_media":122821,"comment_status":"","ping_status":"","sticky":false,"template":"","format":"standard","meta":{"footnotes":""},"categories":[269],"tags":[299,298,12268,168,25,24,4078,12269,23,167],"class_list":{"0":"post-122820","1":"post","2":"type-post","3":"status-publish","4":"format-standard","5":"has-post-thumbnail","7":"category-baloncesto","8":"tag-baloncesto","9":"tag-basketball","10":"tag-cb-es-castell","11":"tag-deportes","12":"tag-es","13":"tag-espana","14":"tag-hestia-menorca","15":"tag-sa-tintina-es-castell","16":"tag-spain","17":"tag-sports"},"share_on_mastodon":{"url":"","error":""},"_links":{"self":[{"href":"https:\/\/www.europesays.com\/es\/wp-json\/wp\/v2\/posts\/122820","targetHints":{"allow":["GET"]}}],"collection":[{"href":"https:\/\/www.europesays.com\/es\/wp-json\/wp\/v2\/posts"}],"about":[{"href":"https:\/\/www.europesays.com\/es\/wp-json\/wp\/v2\/types\/post"}],"author":[{"embeddable":true,"href":"https:\/\/www.europesays.com\/es\/wp-json\/wp\/v2\/users\/2"}],"replies":[{"embeddable":true,"href":"https:\/\/www.europesays.com\/es\/wp-json\/wp\/v2\/comments?post=122820"}],"version-history":[{"count":0,"href":"https:\/\/www.europesays.com\/es\/wp-json\/wp\/v2\/posts\/122820\/revisions"}],"wp:featuredmedia":[{"embeddable":true,"href":"https:\/\/www.europesays.com\/es\/wp-json\/wp\/v2\/media\/122821"}],"wp:attachment":[{"href":"https:\/\/www.europesays.com\/es\/wp-json\/wp\/v2\/media?parent=122820"}],"wp:term":[{"taxonomy":"category","embeddable":true,"href":"https:\/\/www.europesays.com\/es\/wp-json\/wp\/v2\/categories?post=122820"},{"taxonomy":"post_tag","embeddable":true,"href":"https:\/\/www.europesays.com\/es\/wp-json\/wp\/v2\/tags?post=122820"}],"curies":[{"name":"wp","href":"https:\/\/api.w.org\/{rel}","templated":true}]}}