{"id":122824,"date":"2025-09-18T10:37:26","date_gmt":"2025-09-18T10:37:26","guid":{"rendered":"https:\/\/www.europesays.com\/es\/122824\/"},"modified":"2025-09-18T10:37:26","modified_gmt":"2025-09-18T10:37:26","slug":"la-trayectoria-de-angelina-jolie-en-imagenes","status":"publish","type":"post","link":"https:\/\/www.europesays.com\/es\/122824\/","title":{"rendered":"La trayectoria de Angelina Jolie, en im\u00e1genes"},"content":{"rendered":"<p class=\"v-mdl-ath__p v-mdl-ath__p--6\">\nJueves, 18 de septiembre 2025, 09:12<\/p>\n<p>| Actualizado 12:02h.<\/p>\n<p class=\"v-p\"><a href=\"https:\/\/www.diariovasco.com\/culturas\/zinemaldia\/angelina-jolie-donostia-festival-cine-san-sebastian-20250918082945-nt.html\" title=\"www.diariovasco.com\" data-voc-vtm-id=\"in-text-traffic\" data-mrf-link=\"www.diariovasco.com\" rel=\"nofollow noopener\" target=\"_blank\">Angelina Jolie estar\u00e1 en el Festival de Cine de San Sebasti\u00e1n<\/a>. La gran sorpresa de este Zinemaldia llega este mismo domingo para presentar la pel\u00edcula que protagoniza y coproduce, &#8216;Coutore&#8217;. Repasamos en im\u00e1genes lo mejor de la actriz estadounidense de 50 a\u00f1os, c\u00e9lebre por multitud de papeles y ganadora de un Oscar a la mejor actriz de reparto en 2000 por su papel en &#8216;Inocencia interrumpida&#8217;.<\/p>\n<p><img decoding=\"async\" loading=\"lazy\" src=\"https:\/\/www.europesays.com\/es\/wp-content\/uploads\/2025\/09\/2-2001-lara-croft.jpg\" class=\"v-a-img\" width=\"624\" height=\"900\" alt=\"Tras 'Gia' (1998) y 'Girl, Intefrupted' (1999), Angelina Jolie hizo de Lara Croft en 'Tomb Raider' (2011), pel\u00edcula de acci\u00f3n que la convirti\u00f3 en estrella internacional.\"\/><\/p>\n<p class=\"v-p\">Tras &#8216;Gia&#8217; (1998) y &#8216;Girl, Intefrupted&#8217; (1999), Angelina Jolie hizo de Lara Croft en &#8216;Tomb Raider&#8217; (2011), pel\u00edcula de acci\u00f3n que la convirti\u00f3 en estrella internacional.<\/p>\n<p><img decoding=\"async\" loading=\"lazy\" src=\"https:\/\/www.europesays.com\/es\/wp-content\/uploads\/2025\/09\/2-2001-lara-croft.jpg\" class=\"v-mdl__img-z\" width=\"624\" height=\"900\" alt=\"Tras 'Gia' (1998) y 'Girl, Intefrupted' (1999), Angelina Jolie hizo de Lara Croft en 'Tomb Raider' (2011), pel\u00edcula de acci\u00f3n que la convirti\u00f3 en estrella internacional.\"\/><\/p>\n<p><img loading=\"lazy\" decoding=\"async\" src=\"https:\/\/www.europesays.com\/es\/wp-content\/uploads\/2025\/09\/2-2001-lara-croft.jpg\" class=\"v-mdl__img-z\" width=\"624\" height=\"900\" alt=\"Tras 'Gia' (1998) y 'Girl, Intefrupted' (1999), Angelina Jolie hizo de Lara Croft en 'Tomb Raider' (2011), pel\u00edcula de acci\u00f3n que la convirti\u00f3 en estrella internacional.\"\/><\/p>\n<p><img decoding=\"async\" loading=\"lazy\" src=\"https:\/\/www.europesays.com\/es\/wp-content\/uploads\/2025\/09\/3-2003-tomb-raider.jpg\" class=\"v-a-img\" width=\"624\" height=\"900\" alt=\"La actriz repiti\u00f3 interpretaci\u00f3n en Lara Croft Tomb Raider: la cuna de la vida (2003). La pel\u00edcula la convirti\u00f3 en todo un icono femenino en Hollywood.\"\/><\/p>\n<p class=\"v-p\">La actriz repiti\u00f3 interpretaci\u00f3n en Lara Croft Tomb Raider: la cuna de la vida (2003). La pel\u00edcula la convirti\u00f3 en todo un icono femenino en Hollywood.<\/p>\n<p><img decoding=\"async\" loading=\"lazy\" src=\"https:\/\/www.europesays.com\/es\/wp-content\/uploads\/2025\/09\/3-2003-tomb-raider.jpg\" class=\"v-mdl__img-z\" width=\"624\" height=\"900\" alt=\"La actriz repiti\u00f3 interpretaci\u00f3n en Lara Croft Tomb Raider: la cuna de la vida (2003). La pel\u00edcula la convirti\u00f3 en todo un icono femenino en Hollywood.\"\/><\/p>\n<p><img loading=\"lazy\" decoding=\"async\" src=\"https:\/\/www.europesays.com\/es\/wp-content\/uploads\/2025\/09\/3-2003-tomb-raider.jpg\" class=\"v-mdl__img-z\" width=\"624\" height=\"900\" alt=\"La actriz repiti\u00f3 interpretaci\u00f3n en Lara Croft Tomb Raider: la cuna de la vida (2003). La pel\u00edcula la convirti\u00f3 en todo un icono femenino en Hollywood.\"\/><\/p>\n<p><img decoding=\"async\" loading=\"lazy\" src=\"https:\/\/www.europesays.com\/es\/wp-content\/uploads\/2025\/09\/12-2015-johnny-depp.jpg\" class=\"v-a-img\" width=\"624\" height=\"900\" alt=\"'El turista' (2010) es una de las pel\u00edculas m\u00e1s conocidas de Angelina Jolie. En ella, la actriz comparti\u00f3 protagonismo con Johnny Depp.\"\/><\/p>\n<p class=\"v-p\">&#8216;El turista&#8217; (2010) es una de las pel\u00edculas m\u00e1s conocidas de Angelina Jolie. En ella, la actriz comparti\u00f3 protagonismo con Johnny Depp.<\/p>\n<p><img decoding=\"async\" loading=\"lazy\" src=\"https:\/\/www.europesays.com\/es\/wp-content\/uploads\/2025\/09\/12-2015-johnny-depp.jpg\" class=\"v-mdl__img-z\" width=\"624\" height=\"900\" alt=\"'El turista' (2010) es una de las pel\u00edculas m\u00e1s conocidas de Angelina Jolie. En ella, la actriz comparti\u00f3 protagonismo con Johnny Depp.\"\/><\/p>\n<p><img loading=\"lazy\" decoding=\"async\" src=\"https:\/\/www.europesays.com\/es\/wp-content\/uploads\/2025\/09\/12-2015-johnny-depp.jpg\" class=\"v-mdl__img-z\" width=\"624\" height=\"900\" alt=\"'El turista' (2010) es una de las pel\u00edculas m\u00e1s conocidas de Angelina Jolie. En ella, la actriz comparti\u00f3 protagonismo con Johnny Depp.\"\/><\/p>\n<p><img decoding=\"async\" loading=\"lazy\" src=\"https:\/\/www.europesays.com\/es\/wp-content\/uploads\/2025\/09\/11-salt-2014.jpg\" class=\"v-a-img\" width=\"624\" height=\"900\" alt=\"Angelina Jolie ha interpretado numerosos registros durante su carrera. Es el caso de 'Salt', pel\u00edcula de acci\u00f3n de la que fue la gran protagonista.\"\/><\/p>\n<p class=\"v-p\">Angelina Jolie ha interpretado numerosos registros durante su carrera. Es el caso de &#8216;Salt&#8217;, pel\u00edcula de acci\u00f3n de la que fue la gran protagonista.<\/p>\n<p><img decoding=\"async\" loading=\"lazy\" src=\"https:\/\/www.europesays.com\/es\/wp-content\/uploads\/2025\/09\/11-salt-2014.jpg\" class=\"v-mdl__img-z\" width=\"624\" height=\"900\" alt=\"Angelina Jolie ha interpretado numerosos registros durante su carrera. Es el caso de 'Salt', pel\u00edcula de acci\u00f3n de la que fue la gran protagonista.\"\/><\/p>\n<p><img loading=\"lazy\" decoding=\"async\" src=\"https:\/\/www.europesays.com\/es\/wp-content\/uploads\/2025\/09\/11-salt-2014.jpg\" class=\"v-mdl__img-z\" width=\"624\" height=\"900\" alt=\"Angelina Jolie ha interpretado numerosos registros durante su carrera. Es el caso de 'Salt', pel\u00edcula de acci\u00f3n de la que fue la gran protagonista.\"\/><\/p>\n<p><img decoding=\"async\" loading=\"lazy\" src=\"https:\/\/www.europesays.com\/es\/wp-content\/uploads\/2025\/09\/5-2005-mr-smith.jpg\" class=\"v-a-img\" width=\"624\" height=\"900\" alt=\"'Sr. y Sra. Smith' supuso un antes y un despu\u00e9s en la trayectoria de Angelina Jolie. Y es que en esta pel\u00edcula surgi\u00f3 la qu\u00edmica con Brad Pitt, con quien posteriormente se casar\u00eda (2014-16).\"\/><\/p>\n<p class=\"v-p\">&#8216;Sr. y Sra. Smith&#8217; supuso un antes y un despu\u00e9s en la trayectoria de Angelina Jolie. Y es que en esta pel\u00edcula surgi\u00f3 la qu\u00edmica con Brad Pitt, con quien posteriormente se casar\u00eda (2014-16).<\/p>\n<p><img decoding=\"async\" loading=\"lazy\" src=\"https:\/\/www.europesays.com\/es\/wp-content\/uploads\/2025\/09\/5-2005-mr-smith.jpg\" class=\"v-mdl__img-z\" width=\"624\" height=\"900\" alt=\"'Sr. y Sra. Smith' supuso un antes y un despu\u00e9s en la trayectoria de Angelina Jolie. Y es que en esta pel\u00edcula surgi\u00f3 la qu\u00edmica con Brad Pitt, con quien posteriormente se casar\u00eda (2014-16).\"\/><\/p>\n<p><img loading=\"lazy\" decoding=\"async\" src=\"https:\/\/www.europesays.com\/es\/wp-content\/uploads\/2025\/09\/5-2005-mr-smith.jpg\" class=\"v-mdl__img-z\" width=\"624\" height=\"900\" alt=\"'Sr. y Sra. Smith' supuso un antes y un despu\u00e9s en la trayectoria de Angelina Jolie. Y es que en esta pel\u00edcula surgi\u00f3 la qu\u00edmica con Brad Pitt, con quien posteriormente se casar\u00eda (2014-16).\"\/><\/p>\n<p><img decoding=\"async\" loading=\"lazy\" src=\"https:\/\/www.europesays.com\/es\/wp-content\/uploads\/2025\/09\/9-malefica.jpg\" class=\"v-a-img\" width=\"624\" height=\"900\" alt=\"La pel\u00edcula Mal\u00e9fica (2014), en la que la propia Angelina Jolie hac\u00eda de villana, volvi\u00f3 a ser un \u00e9xito en taquilla. A esta le sigui\u00f3 'Mal\u00e9fica: due\u00f1a del mal' (2019). \"\/><\/p>\n<p class=\"v-p\">La pel\u00edcula Mal\u00e9fica (2014), en la que la propia Angelina Jolie hac\u00eda de villana, volvi\u00f3 a ser un \u00e9xito en taquilla. A esta le sigui\u00f3 &#8216;Mal\u00e9fica: due\u00f1a del mal&#8217; (2019). <\/p>\n<p><img decoding=\"async\" loading=\"lazy\" src=\"https:\/\/www.europesays.com\/es\/wp-content\/uploads\/2025\/09\/9-malefica.jpg\" class=\"v-mdl__img-z\" width=\"624\" height=\"900\" alt=\"La pel\u00edcula Mal\u00e9fica (2014), en la que la propia Angelina Jolie hac\u00eda de villana, volvi\u00f3 a ser un \u00e9xito en taquilla. A esta le sigui\u00f3 'Mal\u00e9fica: due\u00f1a del mal' (2019). \"\/><\/p>\n<p><img loading=\"lazy\" decoding=\"async\" src=\"https:\/\/www.europesays.com\/es\/wp-content\/uploads\/2025\/09\/9-malefica.jpg\" class=\"v-mdl__img-z\" width=\"624\" height=\"900\" alt=\"La pel\u00edcula Mal\u00e9fica (2014), en la que la propia Angelina Jolie hac\u00eda de villana, volvi\u00f3 a ser un \u00e9xito en taquilla. A esta le sigui\u00f3 'Mal\u00e9fica: due\u00f1a del mal' (2019). \"\/><\/p>\n<p><img decoding=\"async\" loading=\"lazy\" src=\"https:\/\/www.europesays.com\/es\/wp-content\/uploads\/2025\/09\/14-papa-2015.jpg\" class=\"v-a-img\" width=\"624\" height=\"900\" alt=\"En enero de 2015, la actriz americana acudi\u00f3 a Roma para reunirse con el Papa Francisco, a quien le ten\u00eda una gran admiraci\u00f3n.\"\/><\/p>\n<p class=\"v-p\">En enero de 2015, la actriz americana acudi\u00f3 a Roma para reunirse con el Papa Francisco, a quien le ten\u00eda una gran admiraci\u00f3n.<\/p>\n<p><img decoding=\"async\" loading=\"lazy\" src=\"https:\/\/www.europesays.com\/es\/wp-content\/uploads\/2025\/09\/14-papa-2015.jpg\" class=\"v-mdl__img-z\" width=\"624\" height=\"900\" alt=\"En enero de 2015, la actriz americana acudi\u00f3 a Roma para reunirse con el Papa Francisco, a quien le ten\u00eda una gran admiraci\u00f3n.\"\/><\/p>\n<p><img loading=\"lazy\" decoding=\"async\" src=\"https:\/\/www.europesays.com\/es\/wp-content\/uploads\/2025\/09\/14-papa-2015.jpg\" class=\"v-mdl__img-z\" width=\"624\" height=\"900\" alt=\"En enero de 2015, la actriz americana acudi\u00f3 a Roma para reunirse con el Papa Francisco, a quien le ten\u00eda una gran admiraci\u00f3n.\"\/><\/p>\n<p><img decoding=\"async\" loading=\"lazy\" src=\"https:\/\/www.europesays.com\/es\/wp-content\/uploads\/2025\/09\/10-2018-junto-brad-pitt.jpg\" class=\"v-a-img\" width=\"624\" height=\"900\" alt=\"Angelina Jolie y Brad Pitt formaron una pareja medi\u00e1tica en Hollywood, pero su relaci\u00f3n termin\u00f3 en 2016 por diferencias irreconciliables.\"\/><\/p>\n<p class=\"v-p\">Angelina Jolie y Brad Pitt formaron una pareja medi\u00e1tica en Hollywood, pero su relaci\u00f3n termin\u00f3 en 2016 por diferencias irreconciliables.<\/p>\n<p><img decoding=\"async\" loading=\"lazy\" src=\"https:\/\/www.europesays.com\/es\/wp-content\/uploads\/2025\/09\/10-2018-junto-brad-pitt.jpg\" class=\"v-mdl__img-z\" width=\"624\" height=\"900\" alt=\"Angelina Jolie y Brad Pitt formaron una pareja medi\u00e1tica en Hollywood, pero su relaci\u00f3n termin\u00f3 en 2016 por diferencias irreconciliables.\"\/><\/p>\n<p><img loading=\"lazy\" decoding=\"async\" src=\"https:\/\/www.europesays.com\/es\/wp-content\/uploads\/2025\/09\/10-2018-junto-brad-pitt.jpg\" class=\"v-mdl__img-z\" width=\"624\" height=\"900\" alt=\"Angelina Jolie y Brad Pitt formaron una pareja medi\u00e1tica en Hollywood, pero su relaci\u00f3n termin\u00f3 en 2016 por diferencias irreconciliables.\"\/><\/p>\n<p><img decoding=\"async\" loading=\"lazy\" src=\"https:\/\/www.europesays.com\/es\/wp-content\/uploads\/2025\/09\/15-hijos.jpg\" class=\"v-a-img\" width=\"624\" height=\"900\" alt=\"Angelina Jolie tiene seis hijos, tres adoptados y otros trse biol\u00f3gicos. En la imagen, aparece con Maddox y Pax, durante el photocall de la proyecci\u00f3n de la pel\u00edcula \u00b4Primero mataron a mi padre\u00b4 (2017).\"\/><\/p>\n<p class=\"v-p\">Angelina Jolie tiene seis hijos, tres adoptados y otros trse biol\u00f3gicos. En la imagen, aparece con Maddox y Pax, durante el photocall de la proyecci\u00f3n de la pel\u00edcula \u00b4Primero mataron a mi padre\u00b4 (2017).<\/p>\n<p><img decoding=\"async\" loading=\"lazy\" src=\"https:\/\/www.europesays.com\/es\/wp-content\/uploads\/2025\/09\/15-hijos.jpg\" class=\"v-mdl__img-z\" width=\"624\" height=\"900\" alt=\"Angelina Jolie tiene seis hijos, tres adoptados y otros trse biol\u00f3gicos. En la imagen, aparece con Maddox y Pax, durante el photocall de la proyecci\u00f3n de la pel\u00edcula \u00b4Primero mataron a mi padre\u00b4 (2017).\"\/><\/p>\n<p><img loading=\"lazy\" decoding=\"async\" src=\"https:\/\/www.europesays.com\/es\/wp-content\/uploads\/2025\/09\/15-hijos.jpg\" class=\"v-mdl__img-z\" width=\"624\" height=\"900\" alt=\"Angelina Jolie tiene seis hijos, tres adoptados y otros trse biol\u00f3gicos. En la imagen, aparece con Maddox y Pax, durante el photocall de la proyecci\u00f3n de la pel\u00edcula \u00b4Primero mataron a mi padre\u00b4 (2017).\"\/><\/p>\n<p><img decoding=\"async\" loading=\"lazy\" src=\"https:\/\/www.europesays.com\/es\/wp-content\/uploads\/2025\/09\/16-aquellos-que-desean-mi-muerte.jpg\" class=\"v-a-img\" width=\"624\" height=\"900\" alt=\"A lo largo de su trayectoria Angelina Jolie ha demostrado ser una actriz muy polivalente. Es el caso de 'Aquellos que desean mi muerte' (2021), donde hac\u00eda de una experta de supervivencia en un thriller de acci\u00f3n.\"\/><\/p>\n<p class=\"v-p\">A lo largo de su trayectoria Angelina Jolie ha demostrado ser una actriz muy polivalente. Es el caso de &#8216;Aquellos que desean mi muerte&#8217; (2021), donde hac\u00eda de una experta de supervivencia en un thriller de acci\u00f3n.<\/p>\n<p><img decoding=\"async\" loading=\"lazy\" src=\"https:\/\/www.europesays.com\/es\/wp-content\/uploads\/2025\/09\/16-aquellos-que-desean-mi-muerte.jpg\" class=\"v-mdl__img-z\" width=\"624\" height=\"900\" alt=\"A lo largo de su trayectoria Angelina Jolie ha demostrado ser una actriz muy polivalente. Es el caso de 'Aquellos que desean mi muerte' (2021), donde hac\u00eda de una experta de supervivencia en un thriller de acci\u00f3n.\"\/><\/p>\n<p><img loading=\"lazy\" decoding=\"async\" src=\"https:\/\/www.europesays.com\/es\/wp-content\/uploads\/2025\/09\/16-aquellos-que-desean-mi-muerte.jpg\" class=\"v-mdl__img-z\" width=\"624\" height=\"900\" alt=\"A lo largo de su trayectoria Angelina Jolie ha demostrado ser una actriz muy polivalente. Es el caso de 'Aquellos que desean mi muerte' (2021), donde hac\u00eda de una experta de supervivencia en un thriller de acci\u00f3n.\"\/><\/p>\n<p><img decoding=\"async\" loading=\"lazy\" src=\"https:\/\/www.europesays.com\/es\/wp-content\/uploads\/2025\/09\/6-2002-embajadora-unicef.jpg\" class=\"v-a-img\" width=\"624\" height=\"900\" alt=\"A lo largo de su carrera, Angelina Jolie siempre ha sacado a la luz su lado m\u00e1s solidario. de hecho, ejerci\u00f3 de embajadora de buena voluntad en la Agencia de la ONU para los Refugiados (ACNUR). Posteriormente trabaj\u00f3 como enviada especial hasta 2022.\"\/><\/p>\n<p class=\"v-p\">A lo largo de su carrera, Angelina Jolie siempre ha sacado a la luz su lado m\u00e1s solidario. de hecho, ejerci\u00f3 de embajadora de buena voluntad en la Agencia de la ONU para los Refugiados (ACNUR). Posteriormente trabaj\u00f3 como enviada especial hasta 2022.<\/p>\n<p><img decoding=\"async\" loading=\"lazy\" src=\"https:\/\/www.europesays.com\/es\/wp-content\/uploads\/2025\/09\/6-2002-embajadora-unicef.jpg\" class=\"v-mdl__img-z\" width=\"624\" height=\"900\" alt=\"A lo largo de su carrera, Angelina Jolie siempre ha sacado a la luz su lado m\u00e1s solidario. de hecho, ejerci\u00f3 de embajadora de buena voluntad en la Agencia de la ONU para los Refugiados (ACNUR). Posteriormente trabaj\u00f3 como enviada especial hasta 2022.\"\/><\/p>\n<p><img loading=\"lazy\" decoding=\"async\" src=\"https:\/\/www.europesays.com\/es\/wp-content\/uploads\/2025\/09\/6-2002-embajadora-unicef.jpg\" class=\"v-mdl__img-z\" width=\"624\" height=\"900\" alt=\"A lo largo de su carrera, Angelina Jolie siempre ha sacado a la luz su lado m\u00e1s solidario. de hecho, ejerci\u00f3 de embajadora de buena voluntad en la Agencia de la ONU para los Refugiados (ACNUR). Posteriormente trabaj\u00f3 como enviada especial hasta 2022.\"\/><\/p>\n<p><img decoding=\"async\" loading=\"lazy\" src=\"https:\/\/www.europesays.com\/es\/wp-content\/uploads\/2025\/09\/7-2015-embajadora.jpg\" class=\"v-a-img\" width=\"624\" height=\"900\" alt=\"Angelina Jolie, en plena visita a un campo de refugiados en Myanmar, en 2015. La actriz siempre ha mostrado su lado m\u00e1s altruista. \"\/><\/p>\n<p class=\"v-p\">Angelina Jolie, en plena visita a un campo de refugiados en Myanmar, en 2015. La actriz siempre ha mostrado su lado m\u00e1s altruista. <\/p>\n<p><img decoding=\"async\" loading=\"lazy\" src=\"https:\/\/www.europesays.com\/es\/wp-content\/uploads\/2025\/09\/7-2015-embajadora.jpg\" class=\"v-mdl__img-z\" width=\"624\" height=\"900\" alt=\"Angelina Jolie, en plena visita a un campo de refugiados en Myanmar, en 2015. La actriz siempre ha mostrado su lado m\u00e1s altruista. \"\/><\/p>\n<p><img loading=\"lazy\" decoding=\"async\" src=\"https:\/\/www.europesays.com\/es\/wp-content\/uploads\/2025\/09\/7-2015-embajadora.jpg\" class=\"v-mdl__img-z\" width=\"624\" height=\"900\" alt=\"Angelina Jolie, en plena visita a un campo de refugiados en Myanmar, en 2015. La actriz siempre ha mostrado su lado m\u00e1s altruista. \"\/><\/p>\n<p><img decoding=\"async\" loading=\"lazy\" src=\"https:\/\/www.europesays.com\/es\/wp-content\/uploads\/2025\/09\/8-2023-maria-callas.jpg\" class=\"v-a-img\" width=\"624\" height=\"900\" alt=\"La \u00faltima interpretaci\u00f3n conocida de Angelina Jolie ha sido Mar\u00eda, en la que interpreta a la soprano Maria Callas, una de las sopranos m\u00e1s influyentes del siglo XX.\"\/><\/p>\n<p class=\"v-p\">La \u00faltima interpretaci\u00f3n conocida de Angelina Jolie ha sido Mar\u00eda, en la que interpreta a la soprano Maria Callas, una de las sopranos m\u00e1s influyentes del siglo XX.<\/p>\n<p><img decoding=\"async\" loading=\"lazy\" src=\"https:\/\/www.europesays.com\/es\/wp-content\/uploads\/2025\/09\/8-2023-maria-callas.jpg\" class=\"v-mdl__img-z\" width=\"624\" height=\"900\" alt=\"La \u00faltima interpretaci\u00f3n conocida de Angelina Jolie ha sido Mar\u00eda, en la que interpreta a la soprano Maria Callas, una de las sopranos m\u00e1s influyentes del siglo XX.\"\/><\/p>\n<p><img loading=\"lazy\" decoding=\"async\" src=\"https:\/\/www.europesays.com\/es\/wp-content\/uploads\/2025\/09\/8-2023-maria-callas.jpg\" class=\"v-mdl__img-z\" width=\"624\" height=\"900\" alt=\"La \u00faltima interpretaci\u00f3n conocida de Angelina Jolie ha sido Mar\u00eda, en la que interpreta a la soprano Maria Callas, una de las sopranos m\u00e1s influyentes del siglo XX.\"\/><\/p>\n","protected":false},"excerpt":{"rendered":"Jueves, 18 de septiembre 2025, 09:12 | Actualizado 12:02h. Angelina Jolie estar\u00e1 en el Festival de Cine de&hellip;\n","protected":false},"author":2,"featured_media":122825,"comment_status":"","ping_status":"","sticky":false,"template":"","format":"standard","meta":{"footnotes":""},"categories":[174],"tags":[20128,255,1349,146,147,25,24,256,28752,23,24803],"class_list":{"0":"post-122824","1":"post","2":"type-post","3":"status-publish","4":"format-standard","5":"has-post-thumbnail","7":"category-famosos","8":"tag-angelina-jolie","9":"tag-celebrities","10":"tag-donostia","11":"tag-entertainment","12":"tag-entretenimiento","13":"tag-es","14":"tag-espana","15":"tag-famosos","16":"tag-festival-de-cine-de-san-sebastian","17":"tag-spain","18":"tag-zinemaldia"},"share_on_mastodon":{"url":"","error":""},"_links":{"self":[{"href":"https:\/\/www.europesays.com\/es\/wp-json\/wp\/v2\/posts\/122824","targetHints":{"allow":["GET"]}}],"collection":[{"href":"https:\/\/www.europesays.com\/es\/wp-json\/wp\/v2\/posts"}],"about":[{"href":"https:\/\/www.europesays.com\/es\/wp-json\/wp\/v2\/types\/post"}],"author":[{"embeddable":true,"href":"https:\/\/www.europesays.com\/es\/wp-json\/wp\/v2\/users\/2"}],"replies":[{"embeddable":true,"href":"https:\/\/www.europesays.com\/es\/wp-json\/wp\/v2\/comments?post=122824"}],"version-history":[{"count":0,"href":"https:\/\/www.europesays.com\/es\/wp-json\/wp\/v2\/posts\/122824\/revisions"}],"wp:featuredmedia":[{"embeddable":true,"href":"https:\/\/www.europesays.com\/es\/wp-json\/wp\/v2\/media\/122825"}],"wp:attachment":[{"href":"https:\/\/www.europesays.com\/es\/wp-json\/wp\/v2\/media?parent=122824"}],"wp:term":[{"taxonomy":"category","embeddable":true,"href":"https:\/\/www.europesays.com\/es\/wp-json\/wp\/v2\/categories?post=122824"},{"taxonomy":"post_tag","embeddable":true,"href":"https:\/\/www.europesays.com\/es\/wp-json\/wp\/v2\/tags?post=122824"}],"curies":[{"name":"wp","href":"https:\/\/api.w.org\/{rel}","templated":true}]}}