{"id":122826,"date":"2025-09-18T10:38:06","date_gmt":"2025-09-18T10:38:06","guid":{"rendered":"https:\/\/www.europesays.com\/es\/122826\/"},"modified":"2025-09-18T10:38:06","modified_gmt":"2025-09-18T10:38:06","slug":"un-viaje-fotografico-para-redescubrir-y-proteger-la-belleza-del-planeta-tierra","status":"publish","type":"post","link":"https:\/\/www.europesays.com\/es\/122826\/","title":{"rendered":"Un viaje fotogr\u00e1fico para redescubrir (y proteger) la belleza del planeta Tierra"},"content":{"rendered":"<p data-gtm-element-container=\"modulo-texto-link\" class=\"paragraph\">\u201cA trav\u00e9s del arte podemos recordarnos todo lo que sigue siendo hermoso y que vale la pena proteger\u201d, dice Cristina Mittermeier. Sus palabras acompa\u00f1an las im\u00e1genes que captura con su c\u00e1mara. Cristina es fot\u00f3grafa y conservacionista, y junto a su marido, Paul Nicklen, tambi\u00e9n fot\u00f3grafo conservacionista, han convertido su trabajo en una especie de altavoz para el planeta. Sus fotos son gritos silenciosos que nos invitan a reaccionar frente al cambio clim\u00e1tico.<\/p>\n<p data-gtm-element-container=\"modulo-texto-link\" class=\"paragraph\">Durante la Semana del Clima en Nueva York, por primera vez, se presenta su obra conjunta Hope and Reverence: Cristina Mittermeier and Paul Nicklen en la C. Parker Gallery de Manhattan. \u201cEsperanza y Respeto son, en esencia, una celebraci\u00f3n del mundo natural\u201d, explica Cristina.\u00a0<\/p>\n<blockquote>\n<p>        Esta exposici\u00f3n es una invitaci\u00f3n a detenerse, a sentir y a ver el planeta con nuevos ojos\u201d<\/p>\n<p>            Paul Nicklen<\/p>\n<\/blockquote>\n<p data-gtm-element-container=\"modulo-texto-link\" class=\"paragraph\">\u201cEsta exposici\u00f3n es una invitaci\u00f3n a detenerse, a sentir y a ver el planeta con nuevos ojos\u201d. Paul a\u00f1ade: \u201cNuestro trabajo siempre ha consistido en conectar a las personas con la belleza y la fragilidad del mundo natural. Y no hay mejor momento para encender esa conversaci\u00f3n que ahora\u201d.<\/p>\n<p data-gtm-element-container=\"modulo-texto-link\" class=\"paragraph\">La muestra estar\u00e1 disponible del 15 al 28 de septiembre y re\u00fane m\u00e1s de cuarenta obras, varias de ellas nunca antes vistas. Entre las novedades hay piezas capturadas en su m\u00e1s reciente expedici\u00f3n a \u00c1frica.<\/p>\n<p>                <img loading=\"lazy\" decoding=\"async\" data-full-src=\"https:\/\/www.lavanguardia.com\/uploads\/2025\/09\/16\/68c98b0663959.jpeg\" alt=\"Paul Nicklen. Photo by Chris Ryan y Cristina Mittermeier a bordo del Sea Legacy.\" width=\"449\" height=\"284\" src=\"https:\/\/www.europesays.com\/es\/wp-content\/uploads\/2025\/09\/68c98b0663959.jpeg\" class=\"lazy\"\/><\/p>\n<p class=\"caption-title \">Paul Nicklen. Photo by Chris Ryan y Cristina Mittermeier a bordo del Sea Legacy.<\/p>\n<p>                    Courtesy of C. Parker Gallery<\/p>\n<p data-gtm-element-container=\"modulo-texto-link\" class=\"paragraph\">La verdad es que sus fotograf\u00edas tienen algo hipn\u00f3tico. No solo por su perfecci\u00f3n t\u00e9cnica, sino porque nos transportan a lugares remotos donde a\u00fan viven tribus y animales en libertad. Y es que, al mirarlas, uno siente que forma parte de algo mucho m\u00e1s grande. El trabajo de Cristina y Paul ha recorrido galer\u00edas y museos en los cinco continentes, y esta exposici\u00f3n es otra oportunidad para dejarse tocar por su mensaje.<\/p>\n","protected":false},"excerpt":{"rendered":"\u201cA trav\u00e9s del arte podemos recordarnos todo lo que sigue siendo hermoso y que vale la pena proteger\u201d,&hellip;\n","protected":false},"author":2,"featured_media":122827,"comment_status":"","ping_status":"","sticky":false,"template":"","format":"standard","meta":{"footnotes":""},"categories":[173],"tags":[229,233,231,230,232,234,146,147,25,24,23],"class_list":{"0":"post-122826","1":"post","2":"type-post","3":"status-publish","4":"format-standard","5":"has-post-thumbnail","7":"category-arte-y-diseno","8":"tag-arte","9":"tag-arte-y-diseno","10":"tag-arts","11":"tag-arts-and-design","12":"tag-design","13":"tag-diseno","14":"tag-entertainment","15":"tag-entretenimiento","16":"tag-es","17":"tag-espana","18":"tag-spain"},"share_on_mastodon":{"url":"","error":""},"_links":{"self":[{"href":"https:\/\/www.europesays.com\/es\/wp-json\/wp\/v2\/posts\/122826","targetHints":{"allow":["GET"]}}],"collection":[{"href":"https:\/\/www.europesays.com\/es\/wp-json\/wp\/v2\/posts"}],"about":[{"href":"https:\/\/www.europesays.com\/es\/wp-json\/wp\/v2\/types\/post"}],"author":[{"embeddable":true,"href":"https:\/\/www.europesays.com\/es\/wp-json\/wp\/v2\/users\/2"}],"replies":[{"embeddable":true,"href":"https:\/\/www.europesays.com\/es\/wp-json\/wp\/v2\/comments?post=122826"}],"version-history":[{"count":0,"href":"https:\/\/www.europesays.com\/es\/wp-json\/wp\/v2\/posts\/122826\/revisions"}],"wp:featuredmedia":[{"embeddable":true,"href":"https:\/\/www.europesays.com\/es\/wp-json\/wp\/v2\/media\/122827"}],"wp:attachment":[{"href":"https:\/\/www.europesays.com\/es\/wp-json\/wp\/v2\/media?parent=122826"}],"wp:term":[{"taxonomy":"category","embeddable":true,"href":"https:\/\/www.europesays.com\/es\/wp-json\/wp\/v2\/categories?post=122826"},{"taxonomy":"post_tag","embeddable":true,"href":"https:\/\/www.europesays.com\/es\/wp-json\/wp\/v2\/tags?post=122826"}],"curies":[{"name":"wp","href":"https:\/\/api.w.org\/{rel}","templated":true}]}}