{"id":122840,"date":"2025-09-18T10:46:04","date_gmt":"2025-09-18T10:46:04","guid":{"rendered":"https:\/\/www.europesays.com\/es\/122840\/"},"modified":"2025-09-18T10:46:04","modified_gmt":"2025-09-18T10:46:04","slug":"observatorio-ddhh-abogacia-responsable-el-edadismo-y-la-obsolescencia-laboral-icam","status":"publish","type":"post","link":"https:\/\/www.europesays.com\/es\/122840\/","title":{"rendered":"Observatorio DDHH &#8211; Abogac\u00eda responsable: el edadismo y la obsolescencia laboral &#8211; ICAM"},"content":{"rendered":"<p>El Observatorio de DDHH del ICAM, en colaboraci\u00f3n con el Observatorio de Derechos Humanos de Espa\u00f1a, organiza el<strong>\u00a0pr\u00f3ximo 23 de septiembre, a las 19:00h.,<\/strong>\u00a0una jornada titulada \u201cAbogac\u00eda responsable: el edadismo y la obsolescencia laboral \u201d.<\/p>\n<p>Esta sesi\u00f3n abordar\u00e1, desde una perspectiva jur\u00eddica y social, los retos que plantea la discriminaci\u00f3n por edad en el \u00e1mbito profesional, as\u00ed como las consecuencias de la obsolescencia laboral en una sociedad en constante transformaci\u00f3n. A trav\u00e9s del di\u00e1logo con expertos de distintos sectores, se analizar\u00e1n los mecanismos de protecci\u00f3n de derechos, las oportunidades que brinda la diversidad generacional y las estrategias que pueden favorecer una abogac\u00eda m\u00e1s inclusiva, \u00e9tica y responsable.<\/p>\n<p>Para abordar estas cuestiones, la sesi\u00f3n contar\u00e1 con el siguiente programa de intervenciones:<\/p>\n<p><strong>Inauguran:<\/strong><\/p>\n<ul class=\"wp-block-list\">\n<li>Emilio Ram\u00edrez. Diputado del ICAM. Copresidente del Observatorio de DDHH del ICAM<\/li>\n<li>Maite Parejo Sousa. Copresidenta del Observatorio de DDHH del ICAM<\/li>\n<li>Mario Rigau Oliveras. Presidente del Observatorio Derechos Humanos Espa\u00f1a (ODHE).<\/li>\n<\/ul>\n<p><strong>Intervienen:<\/strong><\/p>\n<ul class=\"wp-block-list\">\n<li>Pablo Garc\u00eda Mench\u00e9n. Director de Comunicaci\u00f3n y Marketing de la Fundaci\u00f3n ADECCO y Manager de Sostenibilidad del GRUPO ADECCO.<\/li>\n<li>Javier Mart\u00edn Cavanna. Director ejecutivo y fundador de la Fundaci\u00f3n Haz.<\/li>\n<li>Sebasti\u00e1n Reyna Fern\u00e1ndez. Vicepresidente del Centro Internacional de Investigaci\u00f3n e Informaci\u00f3n sobre la Econom\u00eda P\u00fablica, Social y Cooperativa (CIRIEC-Espa\u00f1a) y miembro del comit\u00e9 de observaci\u00f3n del Observatorio Derechos Humanos Espa\u00f1a (ODHE).<\/li>\n<li>Ana Higuera Garrido. Directora de la Fundaci\u00f3n Fernando Pombo.<\/li>\n<li>Moderaci\u00f3n: Concepci\u00f3n Morales V\u00e1llez. Magistrada Suplente del Tribunal Superior de Justicia de Madrid y miembro del comit\u00e9 de observaci\u00f3n del Observatorio Derechos Humanos Espa\u00f1a (ODHE).<\/li>\n<\/ul>\n<p>Si est\u00e1is interesados\/as en asistir presencialmente a la sesi\u00f3n, que se celebrar\u00e1 en la <strong>Sal\u00f3n de Actos del ICAM (C\/Serrano 9, 1\u00aa planta)<\/strong> pod\u00e9is inscribiros a trav\u00e9s de este enlace:<\/p>\n<p>La sesi\u00f3n tambi\u00e9n ser\u00e1 retransmitida de forma online previa inscripci\u00f3n a trav\u00e9s del siguiente enlace. Las personas que se inscriban recibir\u00e1n por correo un enlace para conectarse y participar activamente en la jornada.<\/p>\n","protected":false},"excerpt":{"rendered":"El Observatorio de DDHH del ICAM, en colaboraci\u00f3n con el Observatorio de Derechos Humanos de Espa\u00f1a, organiza el\u00a0pr\u00f3ximo&hellip;\n","protected":false},"author":2,"featured_media":122841,"comment_status":"","ping_status":"","sticky":false,"template":"","format":"standard","meta":{"footnotes":""},"categories":[81],"tags":[119,123,124,25,24,117,121,122,23,118,120],"class_list":{"0":"post-122840","1":"post","2":"type-post","3":"status-publish","4":"format-standard","5":"has-post-thumbnail","7":"category-ciencia-y-tecnologia","8":"tag-ciencia","9":"tag-ciencia-y-tecnologia","10":"tag-cienciaytecnologia","11":"tag-es","12":"tag-espana","13":"tag-science","14":"tag-science-and-technology","15":"tag-scienceandtechnology","16":"tag-spain","17":"tag-technology","18":"tag-tecnologia"},"share_on_mastodon":{"url":"","error":""},"_links":{"self":[{"href":"https:\/\/www.europesays.com\/es\/wp-json\/wp\/v2\/posts\/122840","targetHints":{"allow":["GET"]}}],"collection":[{"href":"https:\/\/www.europesays.com\/es\/wp-json\/wp\/v2\/posts"}],"about":[{"href":"https:\/\/www.europesays.com\/es\/wp-json\/wp\/v2\/types\/post"}],"author":[{"embeddable":true,"href":"https:\/\/www.europesays.com\/es\/wp-json\/wp\/v2\/users\/2"}],"replies":[{"embeddable":true,"href":"https:\/\/www.europesays.com\/es\/wp-json\/wp\/v2\/comments?post=122840"}],"version-history":[{"count":0,"href":"https:\/\/www.europesays.com\/es\/wp-json\/wp\/v2\/posts\/122840\/revisions"}],"wp:featuredmedia":[{"embeddable":true,"href":"https:\/\/www.europesays.com\/es\/wp-json\/wp\/v2\/media\/122841"}],"wp:attachment":[{"href":"https:\/\/www.europesays.com\/es\/wp-json\/wp\/v2\/media?parent=122840"}],"wp:term":[{"taxonomy":"category","embeddable":true,"href":"https:\/\/www.europesays.com\/es\/wp-json\/wp\/v2\/categories?post=122840"},{"taxonomy":"post_tag","embeddable":true,"href":"https:\/\/www.europesays.com\/es\/wp-json\/wp\/v2\/tags?post=122840"}],"curies":[{"name":"wp","href":"https:\/\/api.w.org\/{rel}","templated":true}]}}