{"id":122844,"date":"2025-09-18T10:48:09","date_gmt":"2025-09-18T10:48:09","guid":{"rendered":"https:\/\/www.europesays.com\/es\/122844\/"},"modified":"2025-09-18T10:48:09","modified_gmt":"2025-09-18T10:48:09","slug":"trump-sobre-netanyahu-por-sus-acciones-en-gaza-me-esta-jodiendo","status":"publish","type":"post","link":"https:\/\/www.europesays.com\/es\/122844\/","title":{"rendered":"Trump, sobre Netanyahu, por sus acciones en Gaza: \u00abMe est\u00e1 jodiendo\u00bb"},"content":{"rendered":"<p class=\"c-paragraph\">El presidente de Estados Unidos, <b><a href=\"https:\/\/www.20minutos.es\/tags\/personas\/donald-trump.html\" title=\"Donald Trump\" target=\"_blank\" rel=\"nofollow noopener\">Donald Trump<\/a><\/b>,\u00a0parece sentirse cada vez m\u00e1s frustrado con\u00a0el primer ministro Benjamin Netanyahu\u00a0por sus acciones en Gaza, especialmente despu\u00e9s del ataque a la delegaci\u00f3n Ham\u00e1s en Doha hace unos d\u00edas, tal y como ha publicado este jueves\u00a0The Wall Street Journal.<\/p>\n<p class=\"c-paragraph\">El medio de comunicaci\u00f3n estadounidense cita a funcionarios familiarizados con este asunto que afirmaron que Trump consideraba\u00a0la operaci\u00f3n en Qatar\u00a0\u00ab<b>imprudente y perjudicial<\/b>\u00bb para los esfuerzos de paz, sobre todo porque se llev\u00f3 a cabo sin la coordinaci\u00f3n previa de Estados Unidos. Es m\u00e1s, <a href=\"https:\/\/www.wsj.com\/world\/middle-east\/trump-netanyahu-israel-pm-comments-5fc80bcd\" rel=\"nofollow noreferrer noopener\" target=\"_blank\"><b>el peri\u00f3dico afirma que el mandatario lleg\u00f3 a decir en una reuni\u00f3n que Netanyahu le estaba \u00abjodiendo\u00bb<\/b><\/a>. Su frustraci\u00f3n, seg\u00fan se informa, se desbord\u00f3 durante una reuni\u00f3n reciente con sus principales asesores, donde profiri\u00f3 un comentario grosero sobre Netanyahu.<\/p>\n<p class=\"c-paragraph\">Seg\u00fan recoge The Wall Street Journal, Trump cree que Netanyahu est\u00e1 confiando demasiado en la acci\u00f3n militar para forzar la rendici\u00f3n de Ham\u00e1s en lugar de buscar <b>un alto el fuego negociado<\/b>.<\/p>\n<p class=\"c-paragraph\">Tras el incidente de Qatar, Trump llam\u00f3 a Netanyahu dos veces. <b>Primero, para expresar su descontento<\/b>, y luego para preguntarle si la misi\u00f3n hab\u00eda tenido \u00e9xito. Tambi\u00e9n llam\u00f3 a los l\u00edderes qatar\u00edes para elogiar sus esfuerzos de mediaci\u00f3n.<\/p>\n<p class=\"c-paragraph\">The Wall Street Journal\u00a0destaca que, por mucho que Trump pueda criticar a Netanyahu en privado, <b>ha evitado hasta el momento ejercer presi\u00f3n directa sobre Israe<\/b>l. No ha condicionado la ayuda militar ni ha emitido una reprimenda p\u00fablica, y contin\u00faa apoyando las operaciones israel\u00edes en\u00a0la ciudad de Gaza.<\/p>\n","protected":false},"excerpt":{"rendered":"El presidente de Estados Unidos, Donald Trump,\u00a0parece sentirse cada vez m\u00e1s frustrado con\u00a0el primer ministro Benjamin Netanyahu\u00a0por sus&hellip;\n","protected":false},"author":2,"featured_media":122845,"comment_status":"","ping_status":"","sticky":false,"template":"","format":"standard","meta":{"footnotes":""},"categories":[42],"tags":[17,18,13,14,11,61,62,63,64,19,20,14859,9,10,15,16,5043,57,20899,12,936,21,22,65,66,67],"class_list":{"0":"post-122844","1":"post","2":"type-post","3":"status-publish","4":"format-standard","5":"has-post-thumbnail","7":"category-internacional","8":"tag-breaking-news","9":"tag-breakingnews","10":"tag-featured-news","11":"tag-featurednews","12":"tag-headlines","13":"tag-internacional","14":"tag-international","15":"tag-international-news","16":"tag-internationalnews","17":"tag-latest-news","18":"tag-latestnews","19":"tag-netanyahu","20":"tag-news","21":"tag-noticias","22":"tag-noticias-destacadas","23":"tag-noticiasdestacadas","24":"tag-por","25":"tag-sobre","26":"tag-sus","27":"tag-titulares","28":"tag-trump","29":"tag-ultimas-noticias","30":"tag-ultimasnoticias","31":"tag-world","32":"tag-world-news","33":"tag-worldnews"},"share_on_mastodon":{"url":"","error":""},"_links":{"self":[{"href":"https:\/\/www.europesays.com\/es\/wp-json\/wp\/v2\/posts\/122844","targetHints":{"allow":["GET"]}}],"collection":[{"href":"https:\/\/www.europesays.com\/es\/wp-json\/wp\/v2\/posts"}],"about":[{"href":"https:\/\/www.europesays.com\/es\/wp-json\/wp\/v2\/types\/post"}],"author":[{"embeddable":true,"href":"https:\/\/www.europesays.com\/es\/wp-json\/wp\/v2\/users\/2"}],"replies":[{"embeddable":true,"href":"https:\/\/www.europesays.com\/es\/wp-json\/wp\/v2\/comments?post=122844"}],"version-history":[{"count":0,"href":"https:\/\/www.europesays.com\/es\/wp-json\/wp\/v2\/posts\/122844\/revisions"}],"wp:featuredmedia":[{"embeddable":true,"href":"https:\/\/www.europesays.com\/es\/wp-json\/wp\/v2\/media\/122845"}],"wp:attachment":[{"href":"https:\/\/www.europesays.com\/es\/wp-json\/wp\/v2\/media?parent=122844"}],"wp:term":[{"taxonomy":"category","embeddable":true,"href":"https:\/\/www.europesays.com\/es\/wp-json\/wp\/v2\/categories?post=122844"},{"taxonomy":"post_tag","embeddable":true,"href":"https:\/\/www.europesays.com\/es\/wp-json\/wp\/v2\/tags?post=122844"}],"curies":[{"name":"wp","href":"https:\/\/api.w.org\/{rel}","templated":true}]}}