{"id":122852,"date":"2025-09-18T10:55:09","date_gmt":"2025-09-18T10:55:09","guid":{"rendered":"https:\/\/www.europesays.com\/es\/122852\/"},"modified":"2025-09-18T10:55:09","modified_gmt":"2025-09-18T10:55:09","slug":"rafa-nadal-y-xisca-perello-toman-una-decision-que-les-cuesta-4-millones-de-euros","status":"publish","type":"post","link":"https:\/\/www.europesays.com\/es\/122852\/","title":{"rendered":"Rafa Nadal y Xisca Perell\u00f3 toman una decisi\u00f3n que les cuesta 4 millones de euros"},"content":{"rendered":"\n<p>Rafa Nadal y Xisca Perell\u00f3 han vuelto a convertirse en el centro de todas las miradas. Pero esta vez por una decisi\u00f3n que no solo refleja un importante cambio en sus vidas, sino tambi\u00e9n una inversi\u00f3n de 4 millones de euros. Un movimiento que confirma que el matrimonio est\u00e1 dispuesto a apostar fuerte por su futuro familiar.<\/p>\n<p>Desde que comunic\u00f3 su salida del tenis profesional, el deportista ha optado por llevar una vida m\u00e1s tranquila junto a sus seres queridos. De hecho, su prioridad a d\u00eda de hoy es compartir tiempo con <a href=\"https:\/\/xcatalunya.cat\/es\/gente\/maxima-felicidad-casa-rafa-nadal-maribel-nadal-hermana-confirmado\" title=\"M\u00e1xima felicidad en casa de Rafa Nadal: Maribel Nadal, su hermana, ya lo ha confirmado\" rel=\"nofollow noopener\" target=\"_blank\">su familia<\/a> y mantener contacto con el mar.<\/p>\n<p>                    <img decoding=\"async\" style=\"width:100%\" src=\"https:\/\/www.europesays.com\/es\/wp-content\/uploads\/2025\/08\/rafa-nadal-traje-azul-xisca-perello-vestido-negro_1200_800.webp.webp\" class=\"img-responsive lazyload\" alt=\"Rafa Nadal y Xisca Perell\u00f3 posando juntas en un evento formal con fondo de logotipos.\" title=\"Rafa Nadal y Xisca Perell\u00f3 posando juntas en un evento formal con fondo de logotipos.\"\/><\/p>\n<p>| GTRES<\/p>\n<p>Ahora, Rafa Nadal y Xisca Perell\u00f3 han decidido dar un paso m\u00e1s all\u00e1 y han adquirido\u00a0una villa de lujo en Mallorca. Residencia que est\u00e1 pensada para ofrecer calma, privacidad y contacto directo con la naturaleza.<\/p>\n<p>La nueva adquisici\u00f3n del matrimonio se encuentra en Porto Cristo, un enclave costero en el este de Mallorca, donde el deportista\u00a0ya ten\u00eda otra propiedad. All\u00ed, rodeado de vegetaci\u00f3n y con vistas abiertas al Mediterr\u00e1neo, ha levantado un espacio que combina modernidad y ra\u00edces locales.<\/p>\n<p>                    Todo sobre la nueva y lujosa villa de 4 millones de euros que han comprado Rafa Nadal y Xisca Perell\u00f3<\/p>\n<p>El nuevo hogar de <a href=\"https:\/\/xcatalunya.cat\/es\/gente\/felicidad-maxima-rafa-nadal-mujer-xisca-perello-confirmado-fecha\" title=\"Felicidad m\u00e1xima para Rafa Nadal y su mujer, Xisca Perell\u00f3: ya han confirmado la fecha\" rel=\"nofollow noopener\" target=\"_blank\">Rafa Nadal y Xisca Perell\u00f3<\/a> cuenta con varias\u00a0terrazas, ventanales panor\u00e1micos, zonas exteriores para actividades al aire libre y rincones \u00edntimos para el descanso. Una construcci\u00f3n que, seg\u00fan ha trascendido, ha durado varios a\u00f1os y suma un total de 1.500 metros cuadrados.<\/p>\n<p>El arquitecto mallorqu\u00edn Tomeu Esteva es quien ha estado detr\u00e1s de buena parte del proyecto. Su sello se aprecia en la luminosidad, la presencia de piedra aut\u00f3ctona y la conexi\u00f3n entre interiores y exteriores.<\/p>\n<p>                    <img decoding=\"async\" style=\"width:100%\" src=\"https:\/\/www.europesays.com\/es\/wp-content\/uploads\/2025\/08\/rafa-nadal-traje-negro-hijo-homenaje-roland-garros_1200_1600.webp.webp\" class=\"img-responsive lazyload\" alt=\"Rafa Nadal sonriente vestido de traje oscuro sostiene a un ni\u00f1o peque\u00f1o en brazos mientras ambos saludan con la mano en una cancha de tierra batida\" title=\"Rafa Nadal sonriente vestido de traje oscuro sostiene a un ni\u00f1o peque\u00f1o en brazos mientras ambos saludan con la mano en una cancha de tierra batida\"\/><\/p>\n<p>| Europa Press<\/p>\n<p>El deseo de <a href=\"https:\/\/xcatalunya.cat\/es\/gente\/consejo-rafa-nadal-darle-carlos-alcaraz-nueva-novia\" title=\"El consejo que Rafa Nadal podr\u00eda darle a Carlos Alcaraz tras lo de su nueva novia\" rel=\"nofollow noopener\" target=\"_blank\">Rafa Nadal<\/a> ha sido siempre contar con un refugio que transmitiera calma en todo momento del d\u00eda. Adem\u00e1s, la privacidad tambi\u00e9n ha sido un aspecto prioritario en el dise\u00f1o.<\/p>\n<p>De hecho, la mudanza del tenista y Xisca Perell\u00f3 podr\u00eda deberse a la necesidad de tener m\u00e1s espacio y de estar apartados del centro urbano. Y todo con el objetivo de reforzar la tranquilidad y privacidad de su familia.<\/p>\n<p>No hay ninguna duda de que, para Rafa Nadal, Mallorca representa mucho m\u00e1s que \u201cel lugar de origen\u201d. Es su inspiraci\u00f3n, su equilibrio y su refugio frente a la fama y la exigencia deportiva. Tras tantos a\u00f1os de torneos y presi\u00f3n, resulta l\u00f3gico que priorice serenidad, mar y vida cotidiana en calma.<\/p>\n<p>                    <img decoding=\"async\" style=\"width:100%\" src=\"https:\/\/www.europesays.com\/es\/wp-content\/uploads\/2025\/09\/imagen-rafa-nadal-gorra_1200_800.webp.webp\" class=\"img-responsive lazyload\" alt=\"Hombre con gorra y camiseta naranja sentado en una conferencia de prensa de tenis\" title=\"Hombre con gorra y camiseta naranja sentado en una conferencia de prensa de tenis\"\/><\/p>\n<p>| Europa Press<\/p>\n<p>De hecho, el concepto de su nueva vivienda tambi\u00e9n refleja esa filosof\u00eda vital. Se da preferencia a la luz natural, al silencio y a una est\u00e9tica sencilla. No hay ostentaciones excesivas, sino una b\u00fasqueda de sobriedad y armon\u00eda.<\/p>\n<p>La finca ya contaba con edificaciones que superaban los 1.000 metros cuadrados. Sin embargo, Rafa Nadal y Xisca Perell\u00f3 decidieron derribarlas para redise\u00f1ar el proyecto a su medida.<\/p>\n<p><a href=\"https:\/\/whatsapp.com\/channel\/0029VaeRw0E65yD4tEQYwu2p\" rel=\"nofollow noopener\" title=\"WhatsApp Link\" target=\"_blank\"><img loading=\"lazy\" decoding=\"async\" alt=\"Logo de WhatsApp\" class=\"lazyload\" src=\"\/filesedc\/uploads\/other\/whatsapp_icon_mid_article.png\" width=\"32\" height=\"32\" style=\"overflow:hidden\"\/><\/a><a href=\"https:\/\/whatsapp.com\/channel\/0029VaeRw0E65yD4tEQYwu2p\" rel=\"nofollow noopener\" title=\"WhatsApp Link\" target=\"_blank\"><strong>NOVEDAD WHATSAPP<\/strong>: \u00a1Pincha aqu\u00ed para recibir <strong>GRATIS<\/strong> las noticias m\u00e1s exclusivas de <strong>CORAZ\u00d3N<\/strong> en WhatsApp!<\/a><\/p>\n<p>La obra se compone de varios vol\u00famenes conectados, con planta baja y dos pisos superiores. Presenta cubiertas a cuatro aguas, amplias terrazas y ventanales que multiplican la entrada de luz natural. Adem\u00e1s, incluye instalaciones como una piscina, un gimnasio y varios jardines y \u00e1reas al aire libre con vegetaci\u00f3n t\u00edpica de la isla.<\/p>\n<p>La ubicaci\u00f3n es privilegiada, en lo alto del puerto natural de Porto Cristo y al borde del mar. Se encuentra cerca de la Cova des Correu, un entorno de gran atractivo paisaj\u00edstico. Desde la propiedad, una escalera da acceso directo al mar.<\/p>\n","protected":false},"excerpt":{"rendered":"Rafa Nadal y Xisca Perell\u00f3 han vuelto a convertirse en el centro de todas las miradas. Pero esta&hellip;\n","protected":false},"author":2,"featured_media":122853,"comment_status":"","ping_status":"","sticky":false,"template":"","format":"standard","meta":{"footnotes":""},"categories":[274],"tags":[168,25,24,23,167,327,326],"class_list":{"0":"post-122852","1":"post","2":"type-post","3":"status-publish","4":"format-standard","5":"has-post-thumbnail","7":"category-tenis","8":"tag-deportes","9":"tag-es","10":"tag-espana","11":"tag-spain","12":"tag-sports","13":"tag-tenis","14":"tag-tennis"},"share_on_mastodon":{"url":"","error":""},"_links":{"self":[{"href":"https:\/\/www.europesays.com\/es\/wp-json\/wp\/v2\/posts\/122852","targetHints":{"allow":["GET"]}}],"collection":[{"href":"https:\/\/www.europesays.com\/es\/wp-json\/wp\/v2\/posts"}],"about":[{"href":"https:\/\/www.europesays.com\/es\/wp-json\/wp\/v2\/types\/post"}],"author":[{"embeddable":true,"href":"https:\/\/www.europesays.com\/es\/wp-json\/wp\/v2\/users\/2"}],"replies":[{"embeddable":true,"href":"https:\/\/www.europesays.com\/es\/wp-json\/wp\/v2\/comments?post=122852"}],"version-history":[{"count":0,"href":"https:\/\/www.europesays.com\/es\/wp-json\/wp\/v2\/posts\/122852\/revisions"}],"wp:featuredmedia":[{"embeddable":true,"href":"https:\/\/www.europesays.com\/es\/wp-json\/wp\/v2\/media\/122853"}],"wp:attachment":[{"href":"https:\/\/www.europesays.com\/es\/wp-json\/wp\/v2\/media?parent=122852"}],"wp:term":[{"taxonomy":"category","embeddable":true,"href":"https:\/\/www.europesays.com\/es\/wp-json\/wp\/v2\/categories?post=122852"},{"taxonomy":"post_tag","embeddable":true,"href":"https:\/\/www.europesays.com\/es\/wp-json\/wp\/v2\/tags?post=122852"}],"curies":[{"name":"wp","href":"https:\/\/api.w.org\/{rel}","templated":true}]}}